{"id":1431,"date":"2016-09-27T09:28:48","date_gmt":"2016-09-27T07:28:48","guid":{"rendered":"http:\/\/www.lycee-charles-nodier-ac-besancon.fr\/wordpress\/?p=1431"},"modified":"2016-09-27T09:28:48","modified_gmt":"2016-09-27T07:28:48","slug":"mise-sous-enveloppes","status":"publish","type":"post","link":"https:\/\/www.lycee-charles-nodier-ac-besancon.fr\/wordpress\/mise-sous-enveloppes\/","title":{"rendered":"Mise sous enveloppes"},"content":{"rendered":"<p>&nbsp;<\/p>\n<p><img loading=\"lazy\" decoding=\"async\" class=\"aligncenter size-full wp-image-1377\" src=\"https:\/\/www.lycee-charles-nodier-ac-besancon.fr\/wordpress\/wp-content\/uploads\/2016\/09\/FCPE.jpg\" alt=\"fcpe\" width=\"222\" height=\"197\" \/><\/p>\n<p>&nbsp;<\/p>\n<p>&nbsp;<\/p>\n<p><span style=\"font-family: Garamond, serif; font-size: 14pt;\">Chers parents d&rsquo;\u00e9l\u00e8ve,<\/span><\/p>\n<p><span style=\"font-family: Garamond, serif; font-size: 14pt;\">les \u00e9lections de vos repr\u00e9sentants aux diff\u00e9rentes instances du lyc\u00e9e approchent et n\u00e9cessitent un peu de pr\u00e9paration.<\/span><\/p>\n<p><span style=\"font-family: Garamond, serif; font-size: 14pt;\">Merci \u00e0 celles et ceux qui pourront nous rejoindre pour la mise sous enveloppes<\/span><\/p>\n<p align=\"CENTER\"><span style=\"font-family: Garamond, serif; font-size: 14pt;\"><i><b>jeudi 29\/09\/2016 \u00e0 partir de 16 heures<\/b><\/i> <\/span><\/p>\n<p align=\"CENTER\"><span style=\"font-family: Garamond, serif; font-size: 14pt;\">en salle audiovisuelle au lyc\u00e9e Nodier.<\/span><\/p>\n<p><span style=\"font-family: Garamond, serif; font-size: 14pt;\">Vous recevrez le mat\u00e9riel de vote \u00e0 partir du vendredi 30\/09<\/span><\/p>\n<p align=\"CENTER\"><span style=\"font-family: Garamond, serif; font-size: 14pt;\">N&rsquo;oubliez pas de voter le 7\/10\u00a0!<\/span><\/p>\n","protected":false},"excerpt":{"rendered":"<p>&nbsp; &nbsp; &nbsp; Chers parents d&rsquo;\u00e9l\u00e8ve, les \u00e9lections de vos repr\u00e9sentants aux diff\u00e9rentes instances du lyc\u00e9e approchent et n\u00e9cessitent un peu de pr\u00e9paration. Merci \u00e0 celles et ceux qui pourront\u2026<\/p>\n<p> <a class=\"continue-reading-link\" href=\"https:\/\/www.lycee-charles-nodier-ac-besancon.fr\/wordpress\/mise-sous-enveloppes\/\"><span>Lire la suite<\/span><i class=\"crycon-right-dir\"><\/i><\/a> <\/p>\n","protected":false},"author":1,"featured_media":1377,"comment_status":"closed","ping_status":"open","sticky":false,"template":"","format":"standard","meta":{"footnotes":""},"categories":[90,37,36,91],"tags":[],"coauthors":[],"class_list":["post-1431","post","type-post","status-publish","format-standard","has-post-thumbnail","hentry","category-acces","category-fcpe","category-federations_parents","category-parents"],"views":2677,"_links":{"self":[{"href":"https:\/\/www.lycee-charles-nodier-ac-besancon.fr\/wordpress\/wp-json\/wp\/v2\/posts\/1431","targetHints":{"allow":["GET"]}}],"collection":[{"href":"https:\/\/www.lycee-charles-nodier-ac-besancon.fr\/wordpress\/wp-json\/wp\/v2\/posts"}],"about":[{"href":"https:\/\/www.lycee-charles-nodier-ac-besancon.fr\/wordpress\/wp-json\/wp\/v2\/types\/post"}],"author":[{"embeddable":true,"href":"https:\/\/www.lycee-charles-nodier-ac-besancon.fr\/wordpress\/wp-json\/wp\/v2\/users\/1"}],"replies":[{"embeddable":true,"href":"https:\/\/www.lycee-charles-nodier-ac-besancon.fr\/wordpress\/wp-json\/wp\/v2\/comments?post=1431"}],"version-history":[{"count":1,"href":"https:\/\/www.lycee-charles-nodier-ac-besancon.fr\/wordpress\/wp-json\/wp\/v2\/posts\/1431\/revisions"}],"predecessor-version":[{"id":1432,"href":"https:\/\/www.lycee-charles-nodier-ac-besancon.fr\/wordpress\/wp-json\/wp\/v2\/posts\/1431\/revisions\/1432"}],"wp:featuredmedia":[{"embeddable":true,"href":"https:\/\/www.lycee-charles-nodier-ac-besancon.fr\/wordpress\/wp-json\/wp\/v2\/media\/1377"}],"wp:attachment":[{"href":"https:\/\/www.lycee-charles-nodier-ac-besancon.fr\/wordpress\/wp-json\/wp\/v2\/media?parent=1431"}],"wp:term":[{"taxonomy":"category","embeddable":true,"href":"https:\/\/www.lycee-charles-nodier-ac-besancon.fr\/wordpress\/wp-json\/wp\/v2\/categories?post=1431"},{"taxonomy":"post_tag","embeddable":true,"href":"https:\/\/www.lycee-charles-nodier-ac-besancon.fr\/wordpress\/wp-json\/wp\/v2\/tags?post=1431"},{"taxonomy":"author","embeddable":true,"href":"https:\/\/www.lycee-charles-nodier-ac-besancon.fr\/wordpress\/wp-json\/wp\/v2\/coauthors?post=1431"}],"curies":[{"name":"wp","href":"https:\/\/api.w.org\/{rel}","templated":true}]}}