{"id":1462,"date":"2016-10-03T19:41:54","date_gmt":"2016-10-03T17:41:54","guid":{"rendered":"http:\/\/www.lycee-charles-nodier-ac-besancon.fr\/wordpress\/?p=1462"},"modified":"2016-10-03T19:43:00","modified_gmt":"2016-10-03T17:43:00","slug":"1462-2","status":"publish","type":"post","link":"https:\/\/www.lycee-charles-nodier-ac-besancon.fr\/wordpress\/1462-2\/","title":{"rendered":"D\u00e9pouillement des \u00e9lections des repr\u00e9sentants des Parents d&rsquo;\u00e9l\u00e8ves au Conseil d&rsquo;Administration"},"content":{"rendered":"<p><img loading=\"lazy\" decoding=\"async\" class=\"aligncenter size-full wp-image-1377\" src=\"https:\/\/www.lycee-charles-nodier-ac-besancon.fr\/wordpress\/wp-content\/uploads\/2016\/09\/FCPE.jpg\" alt=\"fcpe\" width=\"222\" height=\"197\" \/><\/p>\n<p style=\"text-align: center;\"><strong><span style=\"font-family: Garamond, serif; font-size: 14pt;\">Merci \u00e0 tous les parents qui ont particip\u00e9 \u00e0 la mise sous enveloppes jeudi dernier.<\/span><\/strong><\/p>\n<p style=\"text-align: center;\"><strong><span style=\"font-family: Garamond, serif; font-size: 14pt;\">Nous vous donnons \u00e0 nouveau rendez-vous le vendredi 7 octobre pour le d\u00e9pouillement \u00e0 partir de 16 heures au lyc\u00e9e.<\/span><\/strong><\/p>\n<p style=\"text-align: center;\"><strong><span style=\"font-family: Garamond, serif; font-size: 14pt;\">N&rsquo;oubliez pas de voter\u00a0! Vos enfants ont d\u00fb vous remettre les enveloppes.<\/span><\/strong><\/p>\n","protected":false},"excerpt":{"rendered":"<p>Merci \u00e0 tous les parents qui ont particip\u00e9 \u00e0 la mise sous enveloppes jeudi dernier. Nous vous donnons \u00e0 nouveau rendez-vous le vendredi 7 octobre pour le d\u00e9pouillement \u00e0 partir\u2026<\/p>\n<p> <a class=\"continue-reading-link\" href=\"https:\/\/www.lycee-charles-nodier-ac-besancon.fr\/wordpress\/1462-2\/\"><span>Lire la suite<\/span><i class=\"crycon-right-dir\"><\/i><\/a> <\/p>\n","protected":false},"author":1,"featured_media":1377,"comment_status":"closed","ping_status":"open","sticky":false,"template":"","format":"standard","meta":{"footnotes":""},"categories":[90,37,36,91],"tags":[],"coauthors":[],"class_list":["post-1462","post","type-post","status-publish","format-standard","has-post-thumbnail","hentry","category-acces","category-fcpe","category-federations_parents","category-parents"],"views":3391,"_links":{"self":[{"href":"https:\/\/www.lycee-charles-nodier-ac-besancon.fr\/wordpress\/wp-json\/wp\/v2\/posts\/1462","targetHints":{"allow":["GET"]}}],"collection":[{"href":"https:\/\/www.lycee-charles-nodier-ac-besancon.fr\/wordpress\/wp-json\/wp\/v2\/posts"}],"about":[{"href":"https:\/\/www.lycee-charles-nodier-ac-besancon.fr\/wordpress\/wp-json\/wp\/v2\/types\/post"}],"author":[{"embeddable":true,"href":"https:\/\/www.lycee-charles-nodier-ac-besancon.fr\/wordpress\/wp-json\/wp\/v2\/users\/1"}],"replies":[{"embeddable":true,"href":"https:\/\/www.lycee-charles-nodier-ac-besancon.fr\/wordpress\/wp-json\/wp\/v2\/comments?post=1462"}],"version-history":[{"count":2,"href":"https:\/\/www.lycee-charles-nodier-ac-besancon.fr\/wordpress\/wp-json\/wp\/v2\/posts\/1462\/revisions"}],"predecessor-version":[{"id":1464,"href":"https:\/\/www.lycee-charles-nodier-ac-besancon.fr\/wordpress\/wp-json\/wp\/v2\/posts\/1462\/revisions\/1464"}],"wp:featuredmedia":[{"embeddable":true,"href":"https:\/\/www.lycee-charles-nodier-ac-besancon.fr\/wordpress\/wp-json\/wp\/v2\/media\/1377"}],"wp:attachment":[{"href":"https:\/\/www.lycee-charles-nodier-ac-besancon.fr\/wordpress\/wp-json\/wp\/v2\/media?parent=1462"}],"wp:term":[{"taxonomy":"category","embeddable":true,"href":"https:\/\/www.lycee-charles-nodier-ac-besancon.fr\/wordpress\/wp-json\/wp\/v2\/categories?post=1462"},{"taxonomy":"post_tag","embeddable":true,"href":"https:\/\/www.lycee-charles-nodier-ac-besancon.fr\/wordpress\/wp-json\/wp\/v2\/tags?post=1462"},{"taxonomy":"author","embeddable":true,"href":"https:\/\/www.lycee-charles-nodier-ac-besancon.fr\/wordpress\/wp-json\/wp\/v2\/coauthors?post=1462"}],"curies":[{"name":"wp","href":"https:\/\/api.w.org\/{rel}","templated":true}]}}