{"id":1517,"date":"2016-10-17T18:13:04","date_gmt":"2016-10-17T16:13:04","guid":{"rendered":"http:\/\/www.lycee-charles-nodier-ac-besancon.fr\/wordpress\/?p=1517"},"modified":"2016-10-17T18:13:04","modified_gmt":"2016-10-17T16:13:04","slug":"collegiens-et-lyceens-de-dole-ensemble-pour-les-indiens-du-guatemala","status":"publish","type":"post","link":"https:\/\/www.lycee-charles-nodier-ac-besancon.fr\/wordpress\/collegiens-et-lyceens-de-dole-ensemble-pour-les-indiens-du-guatemala\/","title":{"rendered":"Coll\u00e9giens et lyc\u00e9ens de Dole : \u00ab Ensemble Pour les Indiens du Guatemala \u00bb !"},"content":{"rendered":"<p><img loading=\"lazy\" decoding=\"async\" class=\"size-full wp-image-1519 aligncenter\" src=\"https:\/\/www.lycee-charles-nodier-ac-besancon.fr\/wordpress\/wp-content\/uploads\/2016\/10\/guatemala1.jpg\" alt=\"guatemala1\" width=\"881\" height=\"417\" srcset=\"https:\/\/www.lycee-charles-nodier-ac-besancon.fr\/wordpress\/wp-content\/uploads\/2016\/10\/guatemala1.jpg 881w, https:\/\/www.lycee-charles-nodier-ac-besancon.fr\/wordpress\/wp-content\/uploads\/2016\/10\/guatemala1-300x142.jpg 300w, https:\/\/www.lycee-charles-nodier-ac-besancon.fr\/wordpress\/wp-content\/uploads\/2016\/10\/guatemala1-768x364.jpg 768w\" sizes=\"auto, (max-width: 881px) 100vw, 881px\" \/><\/p>\n<p>Les \u00e9l\u00e8ves des coll\u00e8ges de l\u2019Arc et Ledoux et des lyc\u00e9es Duhamel et Charles Nodier ont assist\u00e9 aux conf\u00e9rences passionnantes de Monsieur Andr\u00e9 Segura, pr\u00e9sident de l\u2019association <strong>EPIG<\/strong> (<strong>E<\/strong>nsemble <strong>P<\/strong>our les <strong>I<\/strong>ndiens du <strong>G<\/strong>uatemala) lundi 10 et mardi 11 octobre.<\/p>\n<p>&nbsp;<\/p>\n<p>Monsieur Segura nous a pr\u00e9sent\u00e9 la grandeur de la civilisation maya, la vie actuelle des descendants mayas du Guatemala, les difficult\u00e9s qu\u2019ils rencontrent et l\u2019engagement de l\u2019association <strong>EPIG<\/strong> pour am\u00e9liorer leur existence. Il nous a montr\u00e9 les photos de diff\u00e9rentes r\u00e9alisations financ\u00e9es notamment gr\u00e2ce au soutien des \u00e9tablissements scolaires (moulin \u00e0 ma\u00efs, s\u00e9cheuse de cardamome et trapiche \u00e0 canne \u00e0 sucre)<\/p>\n<p>&nbsp;<\/p>\n<p><strong>Nos \u00e9l\u00e8ves hispanisants de seconde, premi\u00e8re, terminale et BTS1 s\u2019engagent aux c\u00f4t\u00e9s de l\u2019association EPIG dans un beau projet solidaire et humanitaire\u00a0: vendre des cartes et r\u00e9colter ainsi des fonds pour aider les indiens du Guatemala<\/strong>.<\/p>\n<p>Site de l\u2019association <strong>EPIG<\/strong>\u00a0: <a href=\"http:\/\/segura.epig.free.fr\/index.htm\" target=\"_blank\">http:\/\/segura.epig.free.fr\/index.htm<\/a><\/p>\n<p><img loading=\"lazy\" decoding=\"async\" class=\"size-full wp-image-1518 aligncenter\" src=\"https:\/\/www.lycee-charles-nodier-ac-besancon.fr\/wordpress\/wp-content\/uploads\/2016\/10\/guatemala2.jpg\" alt=\"guatemala2\" width=\"902\" height=\"386\" srcset=\"https:\/\/www.lycee-charles-nodier-ac-besancon.fr\/wordpress\/wp-content\/uploads\/2016\/10\/guatemala2.jpg 902w, https:\/\/www.lycee-charles-nodier-ac-besancon.fr\/wordpress\/wp-content\/uploads\/2016\/10\/guatemala2-300x128.jpg 300w, https:\/\/www.lycee-charles-nodier-ac-besancon.fr\/wordpress\/wp-content\/uploads\/2016\/10\/guatemala2-768x329.jpg 768w\" sizes=\"auto, (max-width: 902px) 100vw, 902px\" \/><\/p>\n","protected":false},"excerpt":{"rendered":"<p>Les \u00e9l\u00e8ves des coll\u00e8ges de l\u2019Arc et Ledoux et des lyc\u00e9es Duhamel et Charles Nodier ont assist\u00e9 aux conf\u00e9rences passionnantes de Monsieur Andr\u00e9 Segura, pr\u00e9sident de l\u2019association EPIG (Ensemble Pour\u2026<\/p>\n<p> <a class=\"continue-reading-link\" href=\"https:\/\/www.lycee-charles-nodier-ac-besancon.fr\/wordpress\/collegiens-et-lyceens-de-dole-ensemble-pour-les-indiens-du-guatemala\/\"><span>Lire la suite<\/span><i class=\"crycon-right-dir\"><\/i><\/a> <\/p>\n","protected":false},"author":2,"featured_media":1520,"comment_status":"closed","ping_status":"open","sticky":false,"template":"","format":"standard","meta":{"footnotes":""},"categories":[34,61],"tags":[],"coauthors":[],"class_list":["post-1517","post","type-post","status-publish","format-standard","has-post-thumbnail","hentry","category-activites_concours","category-espagnol"],"views":3452,"_links":{"self":[{"href":"https:\/\/www.lycee-charles-nodier-ac-besancon.fr\/wordpress\/wp-json\/wp\/v2\/posts\/1517","targetHints":{"allow":["GET"]}}],"collection":[{"href":"https:\/\/www.lycee-charles-nodier-ac-besancon.fr\/wordpress\/wp-json\/wp\/v2\/posts"}],"about":[{"href":"https:\/\/www.lycee-charles-nodier-ac-besancon.fr\/wordpress\/wp-json\/wp\/v2\/types\/post"}],"author":[{"embeddable":true,"href":"https:\/\/www.lycee-charles-nodier-ac-besancon.fr\/wordpress\/wp-json\/wp\/v2\/users\/2"}],"replies":[{"embeddable":true,"href":"https:\/\/www.lycee-charles-nodier-ac-besancon.fr\/wordpress\/wp-json\/wp\/v2\/comments?post=1517"}],"version-history":[{"count":1,"href":"https:\/\/www.lycee-charles-nodier-ac-besancon.fr\/wordpress\/wp-json\/wp\/v2\/posts\/1517\/revisions"}],"predecessor-version":[{"id":1521,"href":"https:\/\/www.lycee-charles-nodier-ac-besancon.fr\/wordpress\/wp-json\/wp\/v2\/posts\/1517\/revisions\/1521"}],"wp:featuredmedia":[{"embeddable":true,"href":"https:\/\/www.lycee-charles-nodier-ac-besancon.fr\/wordpress\/wp-json\/wp\/v2\/media\/1520"}],"wp:attachment":[{"href":"https:\/\/www.lycee-charles-nodier-ac-besancon.fr\/wordpress\/wp-json\/wp\/v2\/media?parent=1517"}],"wp:term":[{"taxonomy":"category","embeddable":true,"href":"https:\/\/www.lycee-charles-nodier-ac-besancon.fr\/wordpress\/wp-json\/wp\/v2\/categories?post=1517"},{"taxonomy":"post_tag","embeddable":true,"href":"https:\/\/www.lycee-charles-nodier-ac-besancon.fr\/wordpress\/wp-json\/wp\/v2\/tags?post=1517"},{"taxonomy":"author","embeddable":true,"href":"https:\/\/www.lycee-charles-nodier-ac-besancon.fr\/wordpress\/wp-json\/wp\/v2\/coauthors?post=1517"}],"curies":[{"name":"wp","href":"https:\/\/api.w.org\/{rel}","templated":true}]}}