{"id":1560,"date":"2023-10-06T17:48:00","date_gmt":"2023-10-06T15:48:00","guid":{"rendered":"http:\/\/www.lycee-charles-nodier-ac-besancon.fr\/wordpress\/?p=1560"},"modified":"2023-10-30T09:34:55","modified_gmt":"2023-10-30T08:34:55","slug":"rencontres-parents-professeurs-classes-de-seconde","status":"publish","type":"post","link":"https:\/\/www.lycee-charles-nodier-ac-besancon.fr\/wordpress\/rencontres-parents-professeurs-classes-de-seconde\/","title":{"rendered":"Rencontres Parents Professeurs &#8211; Classes de Seconde"},"content":{"rendered":"<p><span style=\"color: #ff0000;\"><strong class=\"caractencadre-spip spip\">Les rencontres parents professeurs des classes de Seconde auront lieu selon le calendrier suivant\u00a0:<\/strong><\/span><\/p>\n<ul>\n<li><span style=\"color: #000000;\"><strong class=\"caractencadre-spip spip\">2nde 5 \u00e0 2nde 8 : Mardi 14 novembre 2023 de 17h \u00e0 20h<\/strong><\/span><\/li>\n<li><span style=\"color: #000000;\"><strong class=\"caractencadre-spip spip\"> 2nde 1 \u00e0 2nde 4 : Jeudi 16 novembre 2023 de 17h \u00e0 20h<\/strong><\/span><\/li>\n<\/ul>\n<p><span style=\"color: #000000;\">L\u2019ann\u00e9e de Seconde est un palier d\u2019orientation important \u00e0 l\u2019issue de laquelle votre enfant devra choisir la s\u00e9rie de baccalaur\u00e9at correspondant le mieux \u00e0 son projet personnel. Ces rencontres parents professeurs sont un moment privil\u00e9gi\u00e9 pour \u00e9changer avec l\u2019ensemble de l\u2019\u00e9quipe p\u00e9dagogique.<\/span><\/p>\n<p><span style=\"color: #000000;\">Les prises de rendez-vous se feront par Pronote, en fonction de vos contraintes horaires, avec chaque professeur que vous d\u00e9sirez rencontrer. Afin d\u2019\u00e9viter tout dysfonctionnement chacun, parent comme professeur, devra \u00eatre concis dans ses propos et respecter la dur\u00e9e maximum de 5 min par rendez-vous. Si toutefois vous d\u00e9sirez rencontrer plus longuement un des professeurs de votre enfant, vous pourrez fixer avec lui un autre entretien \u00e0 une date ult\u00e9rieure.<\/span><\/p>\n","protected":false},"excerpt":{"rendered":"<p>Les rencontres parents professeurs des classes de Seconde auront lieu selon le calendrier suivant\u00a0: 2nde 5 \u00e0 2nde 8 : Mardi 14 novembre 2023 de 17h \u00e0 20h 2nde 1\u2026<\/p>\n<p> <a class=\"continue-reading-link\" href=\"https:\/\/www.lycee-charles-nodier-ac-besancon.fr\/wordpress\/rencontres-parents-professeurs-classes-de-seconde\/\"><span>Lire la suite<\/span><i class=\"crycon-right-dir\"><\/i><\/a> <\/p>\n","protected":false},"author":2,"featured_media":1563,"comment_status":"closed","ping_status":"open","sticky":false,"template":"","format":"standard","meta":{"footnotes":""},"categories":[92,10,45,91,104],"tags":[],"coauthors":[164],"class_list":["post-1560","post","type-post","status-publish","format-standard","has-post-thumbnail","hentry","category-eleves","category-2nde","category-informations-pratiques","category-parents","category-rentree-2017-2018"],"views":4324,"_links":{"self":[{"href":"https:\/\/www.lycee-charles-nodier-ac-besancon.fr\/wordpress\/wp-json\/wp\/v2\/posts\/1560","targetHints":{"allow":["GET"]}}],"collection":[{"href":"https:\/\/www.lycee-charles-nodier-ac-besancon.fr\/wordpress\/wp-json\/wp\/v2\/posts"}],"about":[{"href":"https:\/\/www.lycee-charles-nodier-ac-besancon.fr\/wordpress\/wp-json\/wp\/v2\/types\/post"}],"author":[{"embeddable":true,"href":"https:\/\/www.lycee-charles-nodier-ac-besancon.fr\/wordpress\/wp-json\/wp\/v2\/users\/2"}],"replies":[{"embeddable":true,"href":"https:\/\/www.lycee-charles-nodier-ac-besancon.fr\/wordpress\/wp-json\/wp\/v2\/comments?post=1560"}],"version-history":[{"count":8,"href":"https:\/\/www.lycee-charles-nodier-ac-besancon.fr\/wordpress\/wp-json\/wp\/v2\/posts\/1560\/revisions"}],"predecessor-version":[{"id":5913,"href":"https:\/\/www.lycee-charles-nodier-ac-besancon.fr\/wordpress\/wp-json\/wp\/v2\/posts\/1560\/revisions\/5913"}],"wp:featuredmedia":[{"embeddable":true,"href":"https:\/\/www.lycee-charles-nodier-ac-besancon.fr\/wordpress\/wp-json\/wp\/v2\/media\/1563"}],"wp:attachment":[{"href":"https:\/\/www.lycee-charles-nodier-ac-besancon.fr\/wordpress\/wp-json\/wp\/v2\/media?parent=1560"}],"wp:term":[{"taxonomy":"category","embeddable":true,"href":"https:\/\/www.lycee-charles-nodier-ac-besancon.fr\/wordpress\/wp-json\/wp\/v2\/categories?post=1560"},{"taxonomy":"post_tag","embeddable":true,"href":"https:\/\/www.lycee-charles-nodier-ac-besancon.fr\/wordpress\/wp-json\/wp\/v2\/tags?post=1560"},{"taxonomy":"author","embeddable":true,"href":"https:\/\/www.lycee-charles-nodier-ac-besancon.fr\/wordpress\/wp-json\/wp\/v2\/coauthors?post=1560"}],"curies":[{"name":"wp","href":"https:\/\/api.w.org\/{rel}","templated":true}]}}