{"id":167,"date":"2024-10-08T18:11:00","date_gmt":"2024-10-08T16:11:00","guid":{"rendered":"http:\/\/www.lycee-charles-nodier-ac-besancon.fr\/wordpress\/?p=167"},"modified":"2025-12-16T18:53:57","modified_gmt":"2025-12-16T17:53:57","slug":"preparer-et-constituer-son-dossier-post-bac","status":"publish","type":"post","link":"https:\/\/www.lycee-charles-nodier-ac-besancon.fr\/wordpress\/preparer-et-constituer-son-dossier-post-bac\/","title":{"rendered":"Pr\u00e9parer et constituer son dossier Post-Bac"},"content":{"rendered":"<div class=\"crayon article-texte-22 texte crayon-init crayon-autorise\" style=\"text-align: center;\">\n<p style=\"text-align: left;\">Les \u00e9l\u00e8ves doivent constituer leur dossier d\u2019orientation post-bac via le portail unique\u00a0: <a href=\"https:\/\/www.parcoursup.fr\" target=\"_blank\" rel=\"noopener\">http:\/\/www.parcoursup.fr<\/a><a href=\"http:\/\/www.parcoursup.fr\" target=\"_blank\" rel=\"noopener\"><img loading=\"lazy\" decoding=\"async\" class=\"aligncenter wp-image-2283 size-full\" src=\"https:\/\/www.lycee-charles-nodier-ac-besancon.fr\/wordpress\/wp-content\/uploads\/2017\/12\/logo_parcoursup_long.png\" alt=\"\" width=\"280\" height=\"100\" \/><\/a><\/p>\n<p style=\"text-align: left;\">\n<!-- iframe plugin v.6.0 wordpress.org\/plugins\/iframe\/ -->\n<iframe loading=\"lazy\" width=\"800\" height=\"450\" src=\"https:\/\/www.youtube.com\/embed\/ewlig3bNW9A?si=5SA9cscCWm7QxCKj\" title=\"YouTube video player\" frameborder=\"0\" allow=\"accelerometer; autoplay; clipboard-write; encrypted-media; gyroscope; picture-in-picture; web-share\" 0=\"allowfullscreen\" scrolling=\"yes\" class=\"iframe-class\"><\/iframe>\n<\/p>\n<p style=\"text-align: left;\"><span class=\"spip_document_34 spip_documents spip_documents_center\">\n<!-- iframe plugin v.6.0 wordpress.org\/plugins\/iframe\/ -->\n<iframe loading=\"lazy\" width=\"800\" height=\"450\" src=\"https:\/\/www.youtube.com\/embed\/tW0F1K194yQ?si=ryhCcx-CEXsgHcUt\" title=\"YouTube video player\" frameborder=\"0\" allow=\"accelerometer; autoplay; clipboard-write; encrypted-media; gyroscope; picture-in-picture; web-share\" 0=\"allowfullscreen\" scrolling=\"yes\" class=\"iframe-class\"><\/iframe>\n<\/span><\/p>\n<p style=\"text-align: left;\"><strong>Planning Parcoursup 2026<\/strong> :<\/p>\n<p style=\"text-align: left;\"><span style=\"text-align: center; color: initial;\">D\u00e9but novembre 2025 &gt; janvier 2026 : je pr\u00e9pare mon projet d&rsquo;orientation<br \/>\nD\u00e9but d\u00e9cembre 2025 : je renseigne ma fiche de dialogue<br \/>\n17 d\u00e9cembre 2025 : ouverture du moteur de recherche des formations Parcoursup 2026<br \/>\nTout au long du 2e trimestre : journ\u00e9es portes ouvertes et salons d&rsquo;orientation<br \/>\n19 janvier 2026 : d\u00e9but des inscriptions et de la formulation des v\u0153ux<br \/>\nJeudi 12 mars 2026 : dernier jour pour formuler mes v\u0153ux<br \/>\nMercredi 1er avril 2026 : dernier jour pour compl\u00e9ter son dossier et confirmer ses v\u0153ux Fin mai \/ d\u00e9but juin 2026<br \/>\nFin mai \/ d\u00e9but juin 2026 : r\u00e9ponses des formations Courant du mois de juin 2026 : ouverture de la phase d&rsquo;admission compl\u00e9mentaire<br \/>\nVendredi 7 juillet 2026 : r\u00e9sultats du baccalaur\u00e9at<br \/>\nSamedi 11 juillet 2026 : fin de la phase principale<br \/>\nJeudi 10 septembre 2026 : fin de la phase compl\u00e9mentaire<\/span><\/p>\n<p style=\"text-align: left;\">&#8211;&gt; <a href=\"https:\/\/www.lycee-charles-nodier-ac-besancon.fr\/wordpress\/wp-content\/uploads\/2025\/10\/def-psup-livret-4p-a4-07-pdf-805.pdf\"><strong>T\u00e9l\u00e9charger le calendrier 2026<\/strong><\/a><\/p>\n<p><a href=\"https:\/\/www.lycee-charles-nodier-ac-besancon.fr\/wordpress\/wp-content\/uploads\/2024\/10\/Apres-le-bac-j-ai-le-choix-Guide-2025-2026-SPRO-Bourgogne-Franche-Comte.pdf\"><img loading=\"lazy\" decoding=\"async\" class=\"alignnone wp-image-7109 size-full\" src=\"https:\/\/www.lycee-charles-nodier-ac-besancon.fr\/wordpress\/wp-content\/uploads\/2024\/10\/apresbac2025.png\" alt=\"\" width=\"441\" height=\"625\" srcset=\"https:\/\/www.lycee-charles-nodier-ac-besancon.fr\/wordpress\/wp-content\/uploads\/2024\/10\/apresbac2025.png 441w, https:\/\/www.lycee-charles-nodier-ac-besancon.fr\/wordpress\/wp-content\/uploads\/2024\/10\/apresbac2025-212x300.png 212w, https:\/\/www.lycee-charles-nodier-ac-besancon.fr\/wordpress\/wp-content\/uploads\/2024\/10\/apresbac2025-106x150.png 106w\" sizes=\"auto, (max-width: 441px) 100vw, 441px\" \/><\/a><\/p>\n<\/div>\n","protected":false},"excerpt":{"rendered":"<p>Les \u00e9l\u00e8ves doivent constituer leur dossier d\u2019orientation post-bac via le portail unique\u00a0: http:\/\/www.parcoursup.fr Planning Parcoursup 2026 : D\u00e9but novembre 2025 &gt; janvier 2026 : je pr\u00e9pare mon projet d&rsquo;orientation D\u00e9but\u2026<\/p>\n<p> <a class=\"continue-reading-link\" href=\"https:\/\/www.lycee-charles-nodier-ac-besancon.fr\/wordpress\/preparer-et-constituer-son-dossier-post-bac\/\"><span>Lire la suite<\/span><i class=\"crycon-right-dir\"><\/i><\/a> <\/p>\n","protected":false},"author":2,"featured_media":2283,"comment_status":"closed","ping_status":"open","sticky":false,"template":"","format":"standard","meta":{"footnotes":""},"categories":[92,24],"tags":[],"coauthors":[164],"class_list":["post-167","post","type-post","status-publish","format-standard","has-post-thumbnail","hentry","category-eleves","category-orientation_postbac"],"views":5336,"_links":{"self":[{"href":"https:\/\/www.lycee-charles-nodier-ac-besancon.fr\/wordpress\/wp-json\/wp\/v2\/posts\/167","targetHints":{"allow":["GET"]}}],"collection":[{"href":"https:\/\/www.lycee-charles-nodier-ac-besancon.fr\/wordpress\/wp-json\/wp\/v2\/posts"}],"about":[{"href":"https:\/\/www.lycee-charles-nodier-ac-besancon.fr\/wordpress\/wp-json\/wp\/v2\/types\/post"}],"author":[{"embeddable":true,"href":"https:\/\/www.lycee-charles-nodier-ac-besancon.fr\/wordpress\/wp-json\/wp\/v2\/users\/2"}],"replies":[{"embeddable":true,"href":"https:\/\/www.lycee-charles-nodier-ac-besancon.fr\/wordpress\/wp-json\/wp\/v2\/comments?post=167"}],"version-history":[{"count":14,"href":"https:\/\/www.lycee-charles-nodier-ac-besancon.fr\/wordpress\/wp-json\/wp\/v2\/posts\/167\/revisions"}],"predecessor-version":[{"id":7112,"href":"https:\/\/www.lycee-charles-nodier-ac-besancon.fr\/wordpress\/wp-json\/wp\/v2\/posts\/167\/revisions\/7112"}],"wp:featuredmedia":[{"embeddable":true,"href":"https:\/\/www.lycee-charles-nodier-ac-besancon.fr\/wordpress\/wp-json\/wp\/v2\/media\/2283"}],"wp:attachment":[{"href":"https:\/\/www.lycee-charles-nodier-ac-besancon.fr\/wordpress\/wp-json\/wp\/v2\/media?parent=167"}],"wp:term":[{"taxonomy":"category","embeddable":true,"href":"https:\/\/www.lycee-charles-nodier-ac-besancon.fr\/wordpress\/wp-json\/wp\/v2\/categories?post=167"},{"taxonomy":"post_tag","embeddable":true,"href":"https:\/\/www.lycee-charles-nodier-ac-besancon.fr\/wordpress\/wp-json\/wp\/v2\/tags?post=167"},{"taxonomy":"author","embeddable":true,"href":"https:\/\/www.lycee-charles-nodier-ac-besancon.fr\/wordpress\/wp-json\/wp\/v2\/coauthors?post=167"}],"curies":[{"name":"wp","href":"https:\/\/api.w.org\/{rel}","templated":true}]}}