{"id":1673,"date":"2016-12-20T15:36:41","date_gmt":"2016-12-20T14:36:41","guid":{"rendered":"http:\/\/www.lycee-charles-nodier-ac-besancon.fr\/wordpress\/?p=1673"},"modified":"2016-12-20T15:40:35","modified_gmt":"2016-12-20T14:40:35","slug":"victor-hugo-vient-de-mourir-en-video","status":"publish","type":"post","link":"https:\/\/www.lycee-charles-nodier-ac-besancon.fr\/wordpress\/victor-hugo-vient-de-mourir-en-video\/","title":{"rendered":"Victor Hugo vient de mourir&#8230; en vid\u00e9o"},"content":{"rendered":"<h2><span style=\"font-family: book antiqua,palatino,serif;\">Dans le cadre du festival litt\u00e9raire Les Petites Fugues, la classe de 2nde 6 a eu l&rsquo;occasion de rencontrer Judith Perrignon, auteur du roman historique <span style=\"text-decoration: underline;\">Victor Hugo vient de mourir<\/span>. Les \u00e9l\u00e8ves ont r\u00e9alis\u00e9 une production vid\u00e9o, projet\u00e9e \u00e0 la librairie La Passerelle afin d&rsquo;introduire la rencontre publique, qui fut riche en \u00e9motions&#8230;<br \/>\n<\/span><\/h2>\n<h2>A voir&#8230; \u00e0 lire !<\/h2>\n\n<!-- iframe plugin v.6.0 wordpress.org\/plugins\/iframe\/ -->\n<iframe loading=\"lazy\" src=\"https:\/\/mediacad.ac-besancon.fr\/m\/818\/d\/i\" width=\"904\" height=\"530\" scrolling=\"yes\" class=\"iframe-class\" frameborder=\"0\"><\/iframe>\n\n<h3><\/h3>\n","protected":false},"excerpt":{"rendered":"<p>Dans le cadre du festival litt\u00e9raire Les Petites Fugues, la classe de 2nde 6 a eu l&rsquo;occasion de rencontrer Judith Perrignon, auteur du roman historique Victor Hugo vient de mourir.\u2026<\/p>\n<p> <a class=\"continue-reading-link\" href=\"https:\/\/www.lycee-charles-nodier-ac-besancon.fr\/wordpress\/victor-hugo-vient-de-mourir-en-video\/\"><span>Lire la suite<\/span><i class=\"crycon-right-dir\"><\/i><\/a> <\/p>\n","protected":false},"author":28,"featured_media":1674,"comment_status":"closed","ping_status":"open","sticky":false,"template":"","format":"standard","meta":{"footnotes":""},"categories":[34,17,82,92,91,93],"tags":[],"coauthors":[],"class_list":["post-1673","post","type-post","status-publish","format-standard","has-post-thumbnail","hentry","category-activites_concours","category-actualite","category-centre-de-documentation-et-dinformation","category-eleves","category-parents","category-personnels"],"views":2550,"_links":{"self":[{"href":"https:\/\/www.lycee-charles-nodier-ac-besancon.fr\/wordpress\/wp-json\/wp\/v2\/posts\/1673","targetHints":{"allow":["GET"]}}],"collection":[{"href":"https:\/\/www.lycee-charles-nodier-ac-besancon.fr\/wordpress\/wp-json\/wp\/v2\/posts"}],"about":[{"href":"https:\/\/www.lycee-charles-nodier-ac-besancon.fr\/wordpress\/wp-json\/wp\/v2\/types\/post"}],"author":[{"embeddable":true,"href":"https:\/\/www.lycee-charles-nodier-ac-besancon.fr\/wordpress\/wp-json\/wp\/v2\/users\/28"}],"replies":[{"embeddable":true,"href":"https:\/\/www.lycee-charles-nodier-ac-besancon.fr\/wordpress\/wp-json\/wp\/v2\/comments?post=1673"}],"version-history":[{"count":8,"href":"https:\/\/www.lycee-charles-nodier-ac-besancon.fr\/wordpress\/wp-json\/wp\/v2\/posts\/1673\/revisions"}],"predecessor-version":[{"id":1707,"href":"https:\/\/www.lycee-charles-nodier-ac-besancon.fr\/wordpress\/wp-json\/wp\/v2\/posts\/1673\/revisions\/1707"}],"wp:featuredmedia":[{"embeddable":true,"href":"https:\/\/www.lycee-charles-nodier-ac-besancon.fr\/wordpress\/wp-json\/wp\/v2\/media\/1674"}],"wp:attachment":[{"href":"https:\/\/www.lycee-charles-nodier-ac-besancon.fr\/wordpress\/wp-json\/wp\/v2\/media?parent=1673"}],"wp:term":[{"taxonomy":"category","embeddable":true,"href":"https:\/\/www.lycee-charles-nodier-ac-besancon.fr\/wordpress\/wp-json\/wp\/v2\/categories?post=1673"},{"taxonomy":"post_tag","embeddable":true,"href":"https:\/\/www.lycee-charles-nodier-ac-besancon.fr\/wordpress\/wp-json\/wp\/v2\/tags?post=1673"},{"taxonomy":"author","embeddable":true,"href":"https:\/\/www.lycee-charles-nodier-ac-besancon.fr\/wordpress\/wp-json\/wp\/v2\/coauthors?post=1673"}],"curies":[{"name":"wp","href":"https:\/\/api.w.org\/{rel}","templated":true}]}}