{"id":1918,"date":"2017-03-23T16:16:45","date_gmt":"2017-03-23T15:16:45","guid":{"rendered":"http:\/\/www.lycee-charles-nodier-ac-besancon.fr\/wordpress\/?p=1918"},"modified":"2017-03-23T16:33:44","modified_gmt":"2017-03-23T15:33:44","slug":"celebration-du-cinquantenaire-du-lycee-charles-nodier-samedi-8-avril-2017","status":"publish","type":"post","link":"https:\/\/www.lycee-charles-nodier-ac-besancon.fr\/wordpress\/celebration-du-cinquantenaire-du-lycee-charles-nodier-samedi-8-avril-2017\/","title":{"rendered":"C\u00e9l\u00e9bration du Cinquantenaire du Lyc\u00e9e Charles NODIER : samedi 8 avril 2017"},"content":{"rendered":"<p><img loading=\"lazy\" decoding=\"async\" class=\"aligncenter size-full wp-image-1929\" src=\"https:\/\/www.lycee-charles-nodier-ac-besancon.fr\/wordpress\/wp-content\/uploads\/2017\/03\/Invitation-Cinquantenaire-anciens-\u00e9l\u00e8ves-2.jpg\" alt=\"\" width=\"1000\" height=\"486\" srcset=\"https:\/\/www.lycee-charles-nodier-ac-besancon.fr\/wordpress\/wp-content\/uploads\/2017\/03\/Invitation-Cinquantenaire-anciens-\u00e9l\u00e8ves-2.jpg 1000w, https:\/\/www.lycee-charles-nodier-ac-besancon.fr\/wordpress\/wp-content\/uploads\/2017\/03\/Invitation-Cinquantenaire-anciens-\u00e9l\u00e8ves-2-300x146.jpg 300w, https:\/\/www.lycee-charles-nodier-ac-besancon.fr\/wordpress\/wp-content\/uploads\/2017\/03\/Invitation-Cinquantenaire-anciens-\u00e9l\u00e8ves-2-768x373.jpg 768w\" sizes=\"auto, (max-width: 1000px) 100vw, 1000px\" \/><\/p>\n<p>&nbsp;<\/p>\n<p><img loading=\"lazy\" decoding=\"async\" class=\"aligncenter size-full wp-image-1921\" src=\"https:\/\/www.lycee-charles-nodier-ac-besancon.fr\/wordpress\/wp-content\/uploads\/2017\/03\/Plaquette-de-visite-du-Cinquantenaire_Page_1.jpg\" alt=\"\" width=\"3508\" height=\"4961\" srcset=\"https:\/\/www.lycee-charles-nodier-ac-besancon.fr\/wordpress\/wp-content\/uploads\/2017\/03\/Plaquette-de-visite-du-Cinquantenaire_Page_1.jpg 3508w, https:\/\/www.lycee-charles-nodier-ac-besancon.fr\/wordpress\/wp-content\/uploads\/2017\/03\/Plaquette-de-visite-du-Cinquantenaire_Page_1-212x300.jpg 212w, https:\/\/www.lycee-charles-nodier-ac-besancon.fr\/wordpress\/wp-content\/uploads\/2017\/03\/Plaquette-de-visite-du-Cinquantenaire_Page_1-768x1086.jpg 768w, https:\/\/www.lycee-charles-nodier-ac-besancon.fr\/wordpress\/wp-content\/uploads\/2017\/03\/Plaquette-de-visite-du-Cinquantenaire_Page_1-724x1024.jpg 724w\" sizes=\"auto, (max-width: 3508px) 100vw, 3508px\" \/> <img loading=\"lazy\" decoding=\"async\" class=\"aligncenter size-full wp-image-1922\" src=\"https:\/\/www.lycee-charles-nodier-ac-besancon.fr\/wordpress\/wp-content\/uploads\/2017\/03\/Plaquette-de-visite-du-Cinquantenaire_Page_2.jpg\" alt=\"\" width=\"3508\" height=\"4961\" srcset=\"https:\/\/www.lycee-charles-nodier-ac-besancon.fr\/wordpress\/wp-content\/uploads\/2017\/03\/Plaquette-de-visite-du-Cinquantenaire_Page_2.jpg 3508w, https:\/\/www.lycee-charles-nodier-ac-besancon.fr\/wordpress\/wp-content\/uploads\/2017\/03\/Plaquette-de-visite-du-Cinquantenaire_Page_2-212x300.jpg 212w, https:\/\/www.lycee-charles-nodier-ac-besancon.fr\/wordpress\/wp-content\/uploads\/2017\/03\/Plaquette-de-visite-du-Cinquantenaire_Page_2-768x1086.jpg 768w, https:\/\/www.lycee-charles-nodier-ac-besancon.fr\/wordpress\/wp-content\/uploads\/2017\/03\/Plaquette-de-visite-du-Cinquantenaire_Page_2-724x1024.jpg 724w\" sizes=\"auto, (max-width: 3508px) 100vw, 3508px\" \/> <img loading=\"lazy\" decoding=\"async\" class=\"aligncenter size-full wp-image-1926\" src=\"https:\/\/www.lycee-charles-nodier-ac-besancon.fr\/wordpress\/wp-content\/uploads\/2017\/03\/Plaquette-de-visite-du-Cinquantenaire_Page_3-1.jpg\" alt=\"\" width=\"3500\" height=\"4900\" srcset=\"https:\/\/www.lycee-charles-nodier-ac-besancon.fr\/wordpress\/wp-content\/uploads\/2017\/03\/Plaquette-de-visite-du-Cinquantenaire_Page_3-1.jpg 3500w, https:\/\/www.lycee-charles-nodier-ac-besancon.fr\/wordpress\/wp-content\/uploads\/2017\/03\/Plaquette-de-visite-du-Cinquantenaire_Page_3-1-214x300.jpg 214w, https:\/\/www.lycee-charles-nodier-ac-besancon.fr\/wordpress\/wp-content\/uploads\/2017\/03\/Plaquette-de-visite-du-Cinquantenaire_Page_3-1-768x1075.jpg 768w, https:\/\/www.lycee-charles-nodier-ac-besancon.fr\/wordpress\/wp-content\/uploads\/2017\/03\/Plaquette-de-visite-du-Cinquantenaire_Page_3-1-731x1024.jpg 731w\" sizes=\"auto, (max-width: 3500px) 100vw, 3500px\" \/> <img loading=\"lazy\" decoding=\"async\" class=\"aligncenter size-full wp-image-1927\" src=\"https:\/\/www.lycee-charles-nodier-ac-besancon.fr\/wordpress\/wp-content\/uploads\/2017\/03\/Plaquette-de-visite-du-Cinquantenaire_Page_4-1.jpg\" alt=\"\" width=\"3500\" height=\"4900\" srcset=\"https:\/\/www.lycee-charles-nodier-ac-besancon.fr\/wordpress\/wp-content\/uploads\/2017\/03\/Plaquette-de-visite-du-Cinquantenaire_Page_4-1.jpg 3500w, https:\/\/www.lycee-charles-nodier-ac-besancon.fr\/wordpress\/wp-content\/uploads\/2017\/03\/Plaquette-de-visite-du-Cinquantenaire_Page_4-1-214x300.jpg 214w, https:\/\/www.lycee-charles-nodier-ac-besancon.fr\/wordpress\/wp-content\/uploads\/2017\/03\/Plaquette-de-visite-du-Cinquantenaire_Page_4-1-768x1075.jpg 768w, https:\/\/www.lycee-charles-nodier-ac-besancon.fr\/wordpress\/wp-content\/uploads\/2017\/03\/Plaquette-de-visite-du-Cinquantenaire_Page_4-1-731x1024.jpg 731w\" sizes=\"auto, (max-width: 3500px) 100vw, 3500px\" \/><\/p>\n","protected":false},"excerpt":{"rendered":"<p>&nbsp;<\/p>\n<p> <a class=\"continue-reading-link\" href=\"https:\/\/www.lycee-charles-nodier-ac-besancon.fr\/wordpress\/celebration-du-cinquantenaire-du-lycee-charles-nodier-samedi-8-avril-2017\/\"><span>Lire la suite<\/span><i class=\"crycon-right-dir\"><\/i><\/a> <\/p>\n","protected":false},"author":1,"featured_media":794,"comment_status":"closed","ping_status":"open","sticky":false,"template":"","format":"standard","meta":{"footnotes":""},"categories":[90,17,13,92,16,2,91,93],"tags":[],"coauthors":[],"class_list":["post-1918","post","type-post","status-publish","format-standard","has-post-thumbnail","hentry","category-acces","category-actualite","category-culture","category-eleves","category-informations","category-vielycee","category-parents","category-personnels"],"views":2627,"_links":{"self":[{"href":"https:\/\/www.lycee-charles-nodier-ac-besancon.fr\/wordpress\/wp-json\/wp\/v2\/posts\/1918","targetHints":{"allow":["GET"]}}],"collection":[{"href":"https:\/\/www.lycee-charles-nodier-ac-besancon.fr\/wordpress\/wp-json\/wp\/v2\/posts"}],"about":[{"href":"https:\/\/www.lycee-charles-nodier-ac-besancon.fr\/wordpress\/wp-json\/wp\/v2\/types\/post"}],"author":[{"embeddable":true,"href":"https:\/\/www.lycee-charles-nodier-ac-besancon.fr\/wordpress\/wp-json\/wp\/v2\/users\/1"}],"replies":[{"embeddable":true,"href":"https:\/\/www.lycee-charles-nodier-ac-besancon.fr\/wordpress\/wp-json\/wp\/v2\/comments?post=1918"}],"version-history":[{"count":3,"href":"https:\/\/www.lycee-charles-nodier-ac-besancon.fr\/wordpress\/wp-json\/wp\/v2\/posts\/1918\/revisions"}],"predecessor-version":[{"id":1930,"href":"https:\/\/www.lycee-charles-nodier-ac-besancon.fr\/wordpress\/wp-json\/wp\/v2\/posts\/1918\/revisions\/1930"}],"wp:featuredmedia":[{"embeddable":true,"href":"https:\/\/www.lycee-charles-nodier-ac-besancon.fr\/wordpress\/wp-json\/wp\/v2\/media\/794"}],"wp:attachment":[{"href":"https:\/\/www.lycee-charles-nodier-ac-besancon.fr\/wordpress\/wp-json\/wp\/v2\/media?parent=1918"}],"wp:term":[{"taxonomy":"category","embeddable":true,"href":"https:\/\/www.lycee-charles-nodier-ac-besancon.fr\/wordpress\/wp-json\/wp\/v2\/categories?post=1918"},{"taxonomy":"post_tag","embeddable":true,"href":"https:\/\/www.lycee-charles-nodier-ac-besancon.fr\/wordpress\/wp-json\/wp\/v2\/tags?post=1918"},{"taxonomy":"author","embeddable":true,"href":"https:\/\/www.lycee-charles-nodier-ac-besancon.fr\/wordpress\/wp-json\/wp\/v2\/coauthors?post=1918"}],"curies":[{"name":"wp","href":"https:\/\/api.w.org\/{rel}","templated":true}]}}