{"id":2145,"date":"2017-05-24T10:14:25","date_gmt":"2017-05-24T08:14:25","guid":{"rendered":"http:\/\/www.lycee-charles-nodier-ac-besancon.fr\/wordpress\/?p=2145"},"modified":"2017-09-24T10:24:26","modified_gmt":"2017-09-24T08:24:26","slug":"concert-de-fin-dannee","status":"publish","type":"post","link":"https:\/\/www.lycee-charles-nodier-ac-besancon.fr\/wordpress\/concert-de-fin-dannee\/","title":{"rendered":"Concert de fin d&rsquo;ann\u00e9e"},"content":{"rendered":"<p>Mardi 16 Mai 2017, les \u00e9l\u00e8ves de l&rsquo;option musique \/ enseignement d&rsquo;exploration \u00ab\u00a0Arts du son\u00a0\u00bb du Lyc\u00e9e Charles Nodier ont organis\u00e9s le concert de fin d&rsquo;ann\u00e9e.<\/p>\n<p><img loading=\"lazy\" decoding=\"async\" class=\"size-full wp-image-2147 aligncenter\" src=\"https:\/\/www.lycee-charles-nodier-ac-besancon.fr\/wordpress\/wp-content\/uploads\/2017\/09\/Affiche-2-concert-16-mai.jpg\" alt=\"\" width=\"794\" height=\"1058\" srcset=\"https:\/\/www.lycee-charles-nodier-ac-besancon.fr\/wordpress\/wp-content\/uploads\/2017\/09\/Affiche-2-concert-16-mai.jpg 794w, https:\/\/www.lycee-charles-nodier-ac-besancon.fr\/wordpress\/wp-content\/uploads\/2017\/09\/Affiche-2-concert-16-mai-225x300.jpg 225w, https:\/\/www.lycee-charles-nodier-ac-besancon.fr\/wordpress\/wp-content\/uploads\/2017\/09\/Affiche-2-concert-16-mai-768x1024.jpg 768w\" sizes=\"auto, (max-width: 794px) 100vw, 794px\" \/><\/p>\n<p>&nbsp;<\/p>\n<p style=\"text-align: center;\"><strong>PROGRAMME<\/strong><\/p>\n<p style=\"text-align: center;\"><strong>\u00a0<\/strong><\/p>\n<p style=\"text-align: center;\"><strong>Classe de seconde \u00ab\u00a0Arts du son\u00a0\u00bb\u00a0:<\/strong><\/p>\n<p><strong>\u00a0<\/strong><strong>\u00a0<\/strong><\/p>\n<p><strong>Th\u00e8mes cr\u00e9es par les \u00e9l\u00e8ves pour le projet Arts visuels\/Arts du son \u00ab\u00a0Mash Up, mode(s) d\u2019emploi\u00a0\u00bb<\/strong><\/p>\n<p><strong>\u00a0<\/strong><strong>\u00ab\u00a0Salle de bains I\u00a0\u00bb et \u00ab\u00a0Attente I\u00a0\u00bb<\/strong><\/p>\n<p>Flora (guitare \u00e9lectroacoustique), L\u00e9onie (synth\u00e9tiseur), Lucie et Ana\u00eblle (chant), Ma\u00ebva (claquements de doigts).<\/p>\n<p><strong>puis<\/strong><\/p>\n<p>Flora (guitare \u00e9lectroacoustique), Ell\u00e9a et Ana\u00eblle (chant), Ma\u00ebva (piano), Lucie (glockenspiel), L\u00e9onie (b\u00e2ton de pluie).<\/p>\n<p>&nbsp;<\/p>\n<ol start=\"2\">\n<li><strong>\u00ab\u00a0Attente II\u00a0\u00bb et \u00ab\u00a0Rencontre I\u00a0\u00bb<\/strong><\/li>\n<\/ol>\n<p>Paul (trompette), Valentin (piano), Lise et \u00c9meline (chant), Mo\u00e9-L\u00e9na (glockenspiel), Axel (guitare \u00e9lectrique), \u00c9douard (batterie), Lila (triangle).<\/p>\n<p><strong>puis<\/strong><\/p>\n<p>Paul (trompette), Valentin (piano), Lise, Mo\u00e9-Lena, \u00c9meline et Lila (chant et bruitages vocaux), Axel (guitare \u00e9lectrique), \u00c9douard (batterie).<\/p>\n<p>&nbsp;<\/p>\n<p>&nbsp;<\/p>\n<ol start=\"3\">\n<li><strong>\u00ab\u00a0Rencontre II\u00a0\u00bb et \u00ab\u00a0Salle de bain II\u00a0\u00bb<\/strong><\/li>\n<\/ol>\n<p>Marie (piano), Juliette, Am\u00e9lie et Alis\u00e9e (chant), Erell (fl\u00fbte traversi\u00e8re), Arthur (clarinette).<\/p>\n<p><strong>puis<\/strong><\/p>\n<p>Marie (percussions corporelles), Erell (claquements de doigts) Arthur (voix), Alis\u00e9e, Juliette et Ell\u00e9a (chant), Am\u00e9lie (tambourin \u00e0 cymbalettes).<\/p>\n<p>&nbsp;<\/p>\n<p>&nbsp;<\/p>\n<p style=\"text-align: center;\"><strong>Classe de seconde \u00ab\u00a0Option facultative musique\u00a0\u00bb\u00a0:<\/strong><\/p>\n<p><strong>\u00a0<\/strong><strong>\u00a0<\/strong><\/p>\n<ol start=\"4\">\n<li><strong> \u00ab\u00a0Maybe\u00a0\u00bb, blues d\u2019Ayo, (2008).<\/strong><\/li>\n<\/ol>\n<p>Selma, Ma\u00eblle, Erell, Alis\u00e9e, Clara et Annabel (chant), Satia (piano),Paul et Axel R. (trompettes), Ugo (guitare \u00e9lectroacoustique), Axel B. (guitare \u00e9lectrique), Nathan (batterie).<\/p>\n<p><strong>\u00a0<\/strong><\/p>\n<p><strong>Cr\u00e9ations des \u00e9l\u00e8ves pour le projet des \u00ab\u00a0Chaises-po\u00e8mes\u00a0\u00bb (accompagnement personnalis\u00e9 en fran\u00e7ais\/arts plastiques\/musique)<\/strong><\/p>\n<p><strong>\u00a0<\/strong><\/p>\n<ol start=\"5\">\n<li><strong> \u00ab\u00a0Heureux qui comme&#8230;\u00a0\u00bb, texte \u00e9crit par Lucile Lecat et M\u00e9lissa Elezovic.<\/strong><\/li>\n<\/ol>\n<p>Alis\u00e9e et Selma (chant), Nathan (batterie), Erell (fl\u00fbte traversi\u00e8re), Axel B. (guitare \u00e9lectrique).<\/p>\n<p>&nbsp;<\/p>\n<ol start=\"6\">\n<li><strong> \u00ab\u00a0Plaisir d\u2019amour&#8230;\u00a0\u00bb, texte \u00e9crit par Clara Bataille et Alexandrine Flavell.<\/strong><\/li>\n<\/ol>\n<p><strong>\u00a0<\/strong>Clara et Annabel (chant), Satia (Piano\/chant), Ma\u00eblle (guitare \u00e9lectroacoustique), Paul et Axel R. (trompettes).<\/p>\n<p><strong>\u00a0<\/strong><\/p>\n<p><strong>\u00a0<\/strong><strong>\u00a0<\/strong><\/p>\n<p><strong>\u00a0<\/strong><\/p>\n<p style=\"text-align: center;\"><strong>Classe de premi\u00e8re \u00ab\u00a0Option facultative musique\u00a0\u00bb<\/strong><\/p>\n<p><strong>\u00a0<\/strong><\/p>\n<ol start=\"7\">\n<li><strong> \u00ab\u00a0Come Sunday\u00a0\u00bb, gospel de Duke Ellington (1943).<\/strong><\/li>\n<\/ol>\n<p><strong>\u00a0<\/strong>Lucas (piano), Ivan (trombone), L\u00e9a et Jade (chant), Thomas (synth\u00e9tiseur), Corentin (basse), Lilian (guitare \u00e9lectrique), L\u00e9o (batterie).<\/p>\n<p>&nbsp;<\/p>\n<ol start=\"8\">\n<li><strong> \u00ab\u00a0Love For Sale\u00a0\u00bb, standard de jazz de Cole Porter (1930).<\/strong><\/li>\n<\/ol>\n<p><strong>\u00a0<\/strong>Lucas (piano, synth\u00e9tiseur), Ivan (trombone), Lisa (violon), Thomas (basse), L\u00e9o (batterie)<\/p>\n<p>&nbsp;<\/p>\n<ol start=\"9\">\n<li><strong> \u00ab\u00a0Killing Me Softly\u00a0\u00bb, ballade pop de Ch. Fox (1972).<\/strong><\/li>\n<\/ol>\n<p><strong>\u00a0<\/strong>Marie (guitare \u00e9lectroacoustique), Antoine, Th\u00e9o, \u00c9lias, Hortense, Emma, Aur\u00e9anne, L\u00e9a, Jade, Pimchenok, Blanca, Juliette, Angeline et Emma G. (chant)<\/p>\n<p>&nbsp;<\/p>\n<p style=\"text-align: center;\"><strong>Cr\u00e9ations des \u00e9l\u00e8ves pour le projet des \u00ab\u00a0Chaises-po\u00e8mes\u00a0\u00bb<\/strong><\/p>\n<p><strong>\u00a0<\/strong><\/p>\n<ol start=\"10\">\n<li><strong> \u00ab\u00a0Je suis le t\u00e9n\u00e9breux&#8230;\u00a0\u00bb, texte \u00e9crit par M\u00e9lodie Gris et Camille Petit.<\/strong><\/li>\n<\/ol>\n<p><strong>\u00a0<\/strong>Th\u00e9o (piano), Lisa et L\u00e9a (violons), Aur\u00e9anne (guitare \u00e9lectroacoustique), Thomas (batterie), Milan (cajon), Lilian (basse), Angeline, Emma, Blanca, Jade et\u00a0 Pimchenok (chant).<\/p>\n<p>&nbsp;<\/p>\n<ol start=\"11\">\n<li><strong> \u00ab\u00a0La Gazelle et le lion&#8230;\u00a0\u00bb, texte \u00e9crit par Othmane Benaicha, Vincent Auguenot et L\u00e9o Garcin.<\/strong><\/li>\n<\/ol>\n<p><strong>\u00a0<\/strong>Emma (piano num\u00e9rique), Marie (guitare \u00e9lectrique), Juliette (fl\u00fbte traversi\u00e8re), Juliette M. (violon), Ivan (trombone), Corentin (basse), L\u00e9o (batterie), \u00c9lias (bongos), Antoine, Hortense, Juliette A., Melissa, Lucas (synth\u00e9tiseur).<\/p>\n<p>&nbsp;<\/p>\n<p><strong>\u00a0<\/strong><\/p>\n<p style=\"text-align: center;\"><strong>Classe de terminale \u00ab\u00a0Option facultative musique\u00a0\u00bb<\/strong><\/p>\n<p style=\"text-align: center;\"><strong>\u00a0<\/strong><\/p>\n<p style=\"text-align: center;\"><strong>Cr\u00e9ations des \u00e9l\u00e8ves pour le projet des \u00ab\u00a0Chaises-po\u00e8mes\u00a0\u00bb<\/strong><\/p>\n<p><strong>\u00a0<\/strong><\/p>\n<ol start=\"12\">\n<li><strong> \u00ab\u00a0Demain d\u00e8s l\u2019aube&#8230;\u00a0\u00bb, texte \u00e9crit par Elise Marend et Genevi\u00e8ve Perez.<\/strong><\/li>\n<\/ol>\n<p><strong>\u00a0<\/strong>Mathilde (piano), Jeanne (basse), Charline (clarinette), Laurie (fl\u00fbte traversi\u00e8re), Emma (violon), Justine, Christine et Marie S. (chant).<\/p>\n<p>&nbsp;<\/p>\n<ol start=\"13\">\n<li><strong> \u00ab\u00a0Monsieur le Pr\u00e9sident&#8230;\u00a0\u00bb, texte \u00e9crit par Tristan Baussart et Alexandre Panigeon.<\/strong><\/li>\n<\/ol>\n<p><strong>\u00a0<\/strong>Nina (piano), Margaux et Marie V. (violons), Ad\u00e8le (saxophone), \u00c9tienne (basse), Arthur (batterie), Estelle et\u00a0 Ma\u00eblle (chant).<\/p>\n<p style=\"text-align: center;\">\n<p style=\"text-align: center;\"><strong>Cr\u00e9ations musicales sur des albums jeunesse pour le projet \u00ab\u00a0Loup y es-tu\u00a0? \u00bb<\/strong><\/p>\n<p style=\"text-align: center;\"><strong>(Lyc\u00e9e Nodier\/\u00e9cole maternelle Pointelin)<\/strong><\/p>\n<p><strong>\u00a0<\/strong><\/p>\n<ol start=\"14\">\n<li><strong> \u00ab\u00a0C\u2019est moi le plus beau\u00a0\u00bb, cr\u00e9ation musicale sur l\u2019album \u00e9ponyme de Mario Ramos.<\/strong><\/li>\n<\/ol>\n<p><strong>\u00a0<\/strong>Marie S. (piano), Marie V. (le loup), Margaux et Emma (violons), Charline (clarinette), Laurie (fl\u00fbte traversi\u00e8re), Jeanne (basse), Justine (narrateur\/piano).<\/p>\n<p>&nbsp;<\/p>\n<ol start=\"15\">\n<li><strong> \u00ab\u00a0Roule la past\u00e8que\u00a0\u00bb , cr\u00e9ation musicale sur l\u2019album \u00ab\u00a0Roul\u00e9 le loup\u00a0\u00bb de Praline Gay-para<\/strong><\/li>\n<\/ol>\n<p>Ma\u00eblle (narrateur), Christine (la grand-m\u00e8re), Estelle (le loup), Nina (piano num\u00e9rique), Arthur (batterie), Ad\u00e8le (saxophone), Mathilde (petites percussions), \u00c9tienne (basse).<\/p>\n<p style=\"text-align: center;\"><img loading=\"lazy\" decoding=\"async\" class=\"alignnone size-full wp-image-2148\" src=\"https:\/\/www.lycee-charles-nodier-ac-besancon.fr\/wordpress\/wp-content\/uploads\/2017\/09\/DSC_6086-125b.jpg\" alt=\"\" width=\"800\" height=\"531\" srcset=\"https:\/\/www.lycee-charles-nodier-ac-besancon.fr\/wordpress\/wp-content\/uploads\/2017\/09\/DSC_6086-125b.jpg 800w, https:\/\/www.lycee-charles-nodier-ac-besancon.fr\/wordpress\/wp-content\/uploads\/2017\/09\/DSC_6086-125b-300x199.jpg 300w, https:\/\/www.lycee-charles-nodier-ac-besancon.fr\/wordpress\/wp-content\/uploads\/2017\/09\/DSC_6086-125b-768x510.jpg 768w, https:\/\/www.lycee-charles-nodier-ac-besancon.fr\/wordpress\/wp-content\/uploads\/2017\/09\/DSC_6086-125b-285x190.jpg 285w\" sizes=\"auto, (max-width: 800px) 100vw, 800px\" \/> <img loading=\"lazy\" decoding=\"async\" class=\"alignnone size-full wp-image-2149\" src=\"https:\/\/www.lycee-charles-nodier-ac-besancon.fr\/wordpress\/wp-content\/uploads\/2017\/09\/DSC_5839-5b.jpg\" alt=\"\" width=\"800\" height=\"531\" srcset=\"https:\/\/www.lycee-charles-nodier-ac-besancon.fr\/wordpress\/wp-content\/uploads\/2017\/09\/DSC_5839-5b.jpg 800w, https:\/\/www.lycee-charles-nodier-ac-besancon.fr\/wordpress\/wp-content\/uploads\/2017\/09\/DSC_5839-5b-300x199.jpg 300w, https:\/\/www.lycee-charles-nodier-ac-besancon.fr\/wordpress\/wp-content\/uploads\/2017\/09\/DSC_5839-5b-768x510.jpg 768w, https:\/\/www.lycee-charles-nodier-ac-besancon.fr\/wordpress\/wp-content\/uploads\/2017\/09\/DSC_5839-5b-285x190.jpg 285w\" sizes=\"auto, (max-width: 800px) 100vw, 800px\" \/> <img loading=\"lazy\" decoding=\"async\" class=\"alignnone size-full wp-image-2150\" src=\"https:\/\/www.lycee-charles-nodier-ac-besancon.fr\/wordpress\/wp-content\/uploads\/2017\/09\/DSC_5851-12b.jpg\" alt=\"\" width=\"800\" height=\"531\" srcset=\"https:\/\/www.lycee-charles-nodier-ac-besancon.fr\/wordpress\/wp-content\/uploads\/2017\/09\/DSC_5851-12b.jpg 800w, https:\/\/www.lycee-charles-nodier-ac-besancon.fr\/wordpress\/wp-content\/uploads\/2017\/09\/DSC_5851-12b-300x199.jpg 300w, https:\/\/www.lycee-charles-nodier-ac-besancon.fr\/wordpress\/wp-content\/uploads\/2017\/09\/DSC_5851-12b-768x510.jpg 768w, https:\/\/www.lycee-charles-nodier-ac-besancon.fr\/wordpress\/wp-content\/uploads\/2017\/09\/DSC_5851-12b-285x190.jpg 285w\" sizes=\"auto, (max-width: 800px) 100vw, 800px\" \/> <img loading=\"lazy\" decoding=\"async\" class=\"alignnone size-full wp-image-2151\" src=\"https:\/\/www.lycee-charles-nodier-ac-besancon.fr\/wordpress\/wp-content\/uploads\/2017\/09\/DSC_5884-30b.jpg\" alt=\"\" width=\"800\" height=\"531\" srcset=\"https:\/\/www.lycee-charles-nodier-ac-besancon.fr\/wordpress\/wp-content\/uploads\/2017\/09\/DSC_5884-30b.jpg 800w, https:\/\/www.lycee-charles-nodier-ac-besancon.fr\/wordpress\/wp-content\/uploads\/2017\/09\/DSC_5884-30b-300x199.jpg 300w, https:\/\/www.lycee-charles-nodier-ac-besancon.fr\/wordpress\/wp-content\/uploads\/2017\/09\/DSC_5884-30b-768x510.jpg 768w, https:\/\/www.lycee-charles-nodier-ac-besancon.fr\/wordpress\/wp-content\/uploads\/2017\/09\/DSC_5884-30b-285x190.jpg 285w\" sizes=\"auto, (max-width: 800px) 100vw, 800px\" \/> <img loading=\"lazy\" decoding=\"async\" class=\"alignnone size-full wp-image-2152\" src=\"https:\/\/www.lycee-charles-nodier-ac-besancon.fr\/wordpress\/wp-content\/uploads\/2017\/09\/DSC_5887-31b.jpg\" alt=\"\" width=\"800\" height=\"531\" srcset=\"https:\/\/www.lycee-charles-nodier-ac-besancon.fr\/wordpress\/wp-content\/uploads\/2017\/09\/DSC_5887-31b.jpg 800w, https:\/\/www.lycee-charles-nodier-ac-besancon.fr\/wordpress\/wp-content\/uploads\/2017\/09\/DSC_5887-31b-300x199.jpg 300w, https:\/\/www.lycee-charles-nodier-ac-besancon.fr\/wordpress\/wp-content\/uploads\/2017\/09\/DSC_5887-31b-768x510.jpg 768w, https:\/\/www.lycee-charles-nodier-ac-besancon.fr\/wordpress\/wp-content\/uploads\/2017\/09\/DSC_5887-31b-285x190.jpg 285w\" sizes=\"auto, (max-width: 800px) 100vw, 800px\" \/><img loading=\"lazy\" decoding=\"async\" class=\"alignnone size-full wp-image-2153\" src=\"https:\/\/www.lycee-charles-nodier-ac-besancon.fr\/wordpress\/wp-content\/uploads\/2017\/09\/DSC_5920-51b.jpg\" alt=\"\" width=\"800\" height=\"531\" srcset=\"https:\/\/www.lycee-charles-nodier-ac-besancon.fr\/wordpress\/wp-content\/uploads\/2017\/09\/DSC_5920-51b.jpg 800w, https:\/\/www.lycee-charles-nodier-ac-besancon.fr\/wordpress\/wp-content\/uploads\/2017\/09\/DSC_5920-51b-300x199.jpg 300w, https:\/\/www.lycee-charles-nodier-ac-besancon.fr\/wordpress\/wp-content\/uploads\/2017\/09\/DSC_5920-51b-768x510.jpg 768w, https:\/\/www.lycee-charles-nodier-ac-besancon.fr\/wordpress\/wp-content\/uploads\/2017\/09\/DSC_5920-51b-285x190.jpg 285w\" sizes=\"auto, (max-width: 800px) 100vw, 800px\" \/><\/p>\n<p>&nbsp;<\/p>\n","protected":false},"excerpt":{"rendered":"<p>Mardi 16 Mai 2017, les \u00e9l\u00e8ves de l&rsquo;option musique \/ enseignement d&rsquo;exploration \u00ab\u00a0Arts du son\u00a0\u00bb du Lyc\u00e9e Charles Nodier ont organis\u00e9s le concert de fin d&rsquo;ann\u00e9e. &nbsp; PROGRAMME \u00a0 Classe\u2026<\/p>\n<p> <a class=\"continue-reading-link\" href=\"https:\/\/www.lycee-charles-nodier-ac-besancon.fr\/wordpress\/concert-de-fin-dannee\/\"><span>Lire la suite<\/span><i class=\"crycon-right-dir\"><\/i><\/a> <\/p>\n","protected":false},"author":2,"featured_media":2146,"comment_status":"closed","ping_status":"open","sticky":false,"template":"","format":"standard","meta":{"footnotes":""},"categories":[78,63,35],"tags":[],"coauthors":[],"class_list":["post-2145","post","type-post","status-publish","format-standard","has-post-thumbnail","hentry","category-arts_son","category-edu_musicale","category-spectacles_concerts"],"views":3307,"_links":{"self":[{"href":"https:\/\/www.lycee-charles-nodier-ac-besancon.fr\/wordpress\/wp-json\/wp\/v2\/posts\/2145","targetHints":{"allow":["GET"]}}],"collection":[{"href":"https:\/\/www.lycee-charles-nodier-ac-besancon.fr\/wordpress\/wp-json\/wp\/v2\/posts"}],"about":[{"href":"https:\/\/www.lycee-charles-nodier-ac-besancon.fr\/wordpress\/wp-json\/wp\/v2\/types\/post"}],"author":[{"embeddable":true,"href":"https:\/\/www.lycee-charles-nodier-ac-besancon.fr\/wordpress\/wp-json\/wp\/v2\/users\/2"}],"replies":[{"embeddable":true,"href":"https:\/\/www.lycee-charles-nodier-ac-besancon.fr\/wordpress\/wp-json\/wp\/v2\/comments?post=2145"}],"version-history":[{"count":1,"href":"https:\/\/www.lycee-charles-nodier-ac-besancon.fr\/wordpress\/wp-json\/wp\/v2\/posts\/2145\/revisions"}],"predecessor-version":[{"id":2154,"href":"https:\/\/www.lycee-charles-nodier-ac-besancon.fr\/wordpress\/wp-json\/wp\/v2\/posts\/2145\/revisions\/2154"}],"wp:featuredmedia":[{"embeddable":true,"href":"https:\/\/www.lycee-charles-nodier-ac-besancon.fr\/wordpress\/wp-json\/wp\/v2\/media\/2146"}],"wp:attachment":[{"href":"https:\/\/www.lycee-charles-nodier-ac-besancon.fr\/wordpress\/wp-json\/wp\/v2\/media?parent=2145"}],"wp:term":[{"taxonomy":"category","embeddable":true,"href":"https:\/\/www.lycee-charles-nodier-ac-besancon.fr\/wordpress\/wp-json\/wp\/v2\/categories?post=2145"},{"taxonomy":"post_tag","embeddable":true,"href":"https:\/\/www.lycee-charles-nodier-ac-besancon.fr\/wordpress\/wp-json\/wp\/v2\/tags?post=2145"},{"taxonomy":"author","embeddable":true,"href":"https:\/\/www.lycee-charles-nodier-ac-besancon.fr\/wordpress\/wp-json\/wp\/v2\/coauthors?post=2145"}],"curies":[{"name":"wp","href":"https:\/\/api.w.org\/{rel}","templated":true}]}}