{"id":2228,"date":"2017-12-15T16:11:46","date_gmt":"2017-12-15T15:11:46","guid":{"rendered":"http:\/\/www.lycee-charles-nodier-ac-besancon.fr\/wordpress\/?p=2228"},"modified":"2018-07-15T09:29:20","modified_gmt":"2018-07-15T07:29:20","slug":"comptes-rendus-du-c-a-annee-2017-2018","status":"publish","type":"post","link":"https:\/\/www.lycee-charles-nodier-ac-besancon.fr\/wordpress\/comptes-rendus-du-c-a-annee-2017-2018\/","title":{"rendered":"Comptes-rendus du C.A. \u2013 Ann\u00e9e 2017 &#8211; 2018"},"content":{"rendered":"<p>Vous trouverez ci-dessous, en t\u00e9l\u00e9chargement les comptes-rendus des Conseils d\u2019Administration pour l\u2019ann\u00e9e scolaire 2017 &#8211; 2018<\/p>\n<p><a href=\"https:\/\/www.lycee-charles-nodier-ac-besancon.fr\/wordpress\/wp-content\/uploads\/2017\/12\/PV-DU-29-septembre-2017.pdf\"><img loading=\"lazy\" decoding=\"async\" class=\"aligncenter wp-image-68 size-full\" src=\"https:\/\/www.lycee-charles-nodier-ac-besancon.fr\/wordpress\/wp-content\/uploads\/2016\/07\/pdf-grand.gif\" alt=\"\" width=\"49\" height=\"48\" \/><\/a><\/p>\n<p style=\"text-align: center;\">PV du CA extraordinaire du 29 Septembre 2017<\/p>\n<p><a href=\"https:\/\/www.lycee-charles-nodier-ac-besancon.fr\/wordpress\/wp-content\/uploads\/2017\/12\/PV-DU-CA-DU-7-NOVEMBRE-2017-final.pdf\"><img loading=\"lazy\" decoding=\"async\" class=\"aligncenter wp-image-68 size-full\" src=\"https:\/\/www.lycee-charles-nodier-ac-besancon.fr\/wordpress\/wp-content\/uploads\/2016\/07\/pdf-grand.gif\" alt=\"\" width=\"49\" height=\"48\" \/><\/a><\/p>\n<p style=\"text-align: center;\">PV du CA du 07 Novembre 2017<\/p>\n<p><a href=\"https:\/\/www.lycee-charles-nodier-ac-besancon.fr\/wordpress\/wp-content\/uploads\/2017\/12\/PV-DU-CA-DU-28-NOVEMBRE-2017.pdf\"><img loading=\"lazy\" decoding=\"async\" class=\"aligncenter wp-image-68 size-full\" src=\"https:\/\/www.lycee-charles-nodier-ac-besancon.fr\/wordpress\/wp-content\/uploads\/2016\/07\/pdf-grand.gif\" alt=\"\" width=\"49\" height=\"48\" \/><\/a><\/p>\n<p style=\"text-align: center;\">PV du CA du 28 Novembre 2017<\/p>\n<p><a href=\"https:\/\/www.lycee-charles-nodier-ac-besancon.fr\/wordpress\/wp-content\/uploads\/2017\/12\/PV-CA-EXC-15-decembre-2017.pdf\"><img loading=\"lazy\" decoding=\"async\" class=\"aligncenter wp-image-68 size-full\" src=\"https:\/\/www.lycee-charles-nodier-ac-besancon.fr\/wordpress\/wp-content\/uploads\/2016\/07\/pdf-grand.gif\" alt=\"\" width=\"49\" height=\"48\" \/><\/a><\/p>\n<p style=\"text-align: center;\">PV du CA extraordinaire du 15 D\u00e9cembre 2017<\/p>\n<p><a href=\"https:\/\/www.lycee-charles-nodier-ac-besancon.fr\/wordpress\/wp-content\/uploads\/2017\/12\/PV-DU-CA-DU-5-FEVRIER-2018.pdf\"><img loading=\"lazy\" decoding=\"async\" class=\"aligncenter wp-image-68 size-full\" src=\"https:\/\/www.lycee-charles-nodier-ac-besancon.fr\/wordpress\/wp-content\/uploads\/2016\/07\/pdf-grand.gif\" alt=\"\" width=\"49\" height=\"48\" \/><\/a><\/p>\n<p style=\"text-align: center;\">PV du CA du 05 F\u00e9vrier 2018<\/p>\n<p><a href=\"https:\/\/www.lycee-charles-nodier-ac-besancon.fr\/wordpress\/wp-content\/uploads\/2017\/12\/PV-DU-CA-DU-5-AVRIL-2018.pdf\"><img loading=\"lazy\" decoding=\"async\" class=\"aligncenter wp-image-68 size-full\" src=\"https:\/\/www.lycee-charles-nodier-ac-besancon.fr\/wordpress\/wp-content\/uploads\/2016\/07\/pdf-grand.gif\" alt=\"\" width=\"49\" height=\"48\" \/><\/a><\/p>\n<p style=\"text-align: center;\">PV du CA du 05 Avril 2018<\/p>\n<p style=\"text-align: center;\"><a href=\"https:\/\/www.lycee-charles-nodier-ac-besancon.fr\/wordpress\/wp-content\/uploads\/2017\/12\/PV-DU-CA-du-2-juillet-2018.pdf\"><img loading=\"lazy\" decoding=\"async\" class=\"aligncenter wp-image-68 size-full\" src=\"https:\/\/www.lycee-charles-nodier-ac-besancon.fr\/wordpress\/wp-content\/uploads\/2016\/07\/pdf-grand.gif\" alt=\"\" width=\"49\" height=\"48\" \/><\/a><br \/>\nPV du CA du 02 Juillet 2018<\/p>\n<p>&nbsp;<\/p>\n<p>&nbsp;<\/p>\n<p>&nbsp;<\/p>\n","protected":false},"excerpt":{"rendered":"<p>Vous trouverez ci-dessous, en t\u00e9l\u00e9chargement les comptes-rendus des Conseils d\u2019Administration pour l\u2019ann\u00e9e scolaire 2017 &#8211; 2018 PV du CA extraordinaire du 29 Septembre 2017 PV du CA du 07 Novembre\u2026<\/p>\n<p> <a class=\"continue-reading-link\" href=\"https:\/\/www.lycee-charles-nodier-ac-besancon.fr\/wordpress\/comptes-rendus-du-c-a-annee-2017-2018\/\"><span>Lire la suite<\/span><i class=\"crycon-right-dir\"><\/i><\/a> <\/p>\n","protected":false},"author":2,"featured_media":233,"comment_status":"closed","ping_status":"open","sticky":false,"template":"","format":"standard","meta":{"footnotes":""},"categories":[30],"tags":[],"coauthors":[],"class_list":["post-2228","post","type-post","status-publish","format-standard","has-post-thumbnail","hentry","category-conseil_administration"],"views":2425,"_links":{"self":[{"href":"https:\/\/www.lycee-charles-nodier-ac-besancon.fr\/wordpress\/wp-json\/wp\/v2\/posts\/2228","targetHints":{"allow":["GET"]}}],"collection":[{"href":"https:\/\/www.lycee-charles-nodier-ac-besancon.fr\/wordpress\/wp-json\/wp\/v2\/posts"}],"about":[{"href":"https:\/\/www.lycee-charles-nodier-ac-besancon.fr\/wordpress\/wp-json\/wp\/v2\/types\/post"}],"author":[{"embeddable":true,"href":"https:\/\/www.lycee-charles-nodier-ac-besancon.fr\/wordpress\/wp-json\/wp\/v2\/users\/2"}],"replies":[{"embeddable":true,"href":"https:\/\/www.lycee-charles-nodier-ac-besancon.fr\/wordpress\/wp-json\/wp\/v2\/comments?post=2228"}],"version-history":[{"count":10,"href":"https:\/\/www.lycee-charles-nodier-ac-besancon.fr\/wordpress\/wp-json\/wp\/v2\/posts\/2228\/revisions"}],"predecessor-version":[{"id":2553,"href":"https:\/\/www.lycee-charles-nodier-ac-besancon.fr\/wordpress\/wp-json\/wp\/v2\/posts\/2228\/revisions\/2553"}],"wp:featuredmedia":[{"embeddable":true,"href":"https:\/\/www.lycee-charles-nodier-ac-besancon.fr\/wordpress\/wp-json\/wp\/v2\/media\/233"}],"wp:attachment":[{"href":"https:\/\/www.lycee-charles-nodier-ac-besancon.fr\/wordpress\/wp-json\/wp\/v2\/media?parent=2228"}],"wp:term":[{"taxonomy":"category","embeddable":true,"href":"https:\/\/www.lycee-charles-nodier-ac-besancon.fr\/wordpress\/wp-json\/wp\/v2\/categories?post=2228"},{"taxonomy":"post_tag","embeddable":true,"href":"https:\/\/www.lycee-charles-nodier-ac-besancon.fr\/wordpress\/wp-json\/wp\/v2\/tags?post=2228"},{"taxonomy":"author","embeddable":true,"href":"https:\/\/www.lycee-charles-nodier-ac-besancon.fr\/wordpress\/wp-json\/wp\/v2\/coauthors?post=2228"}],"curies":[{"name":"wp","href":"https:\/\/api.w.org\/{rel}","templated":true}]}}