{"id":2406,"date":"2018-04-24T22:07:01","date_gmt":"2018-04-24T20:07:01","guid":{"rendered":"http:\/\/www.lycee-charles-nodier-ac-besancon.fr\/wordpress\/?p=2406"},"modified":"2018-04-24T22:07:01","modified_gmt":"2018-04-24T20:07:01","slug":"chroniqueurs-radio-pour-france-bleu-besancon","status":"publish","type":"post","link":"https:\/\/www.lycee-charles-nodier-ac-besancon.fr\/wordpress\/chroniqueurs-radio-pour-france-bleu-besancon\/","title":{"rendered":"Chroniqueurs radio pour France Bleu Besan\u00e7on"},"content":{"rendered":"<p><img loading=\"lazy\" decoding=\"async\" class=\"alignnone size-medium wp-image-2410\" src=\"https:\/\/www.lycee-charles-nodier-ac-besancon.fr\/wordpress\/wp-content\/uploads\/2018\/04\/DSC01115-300x225.jpg\" alt=\"\" width=\"300\" height=\"225\" srcset=\"https:\/\/www.lycee-charles-nodier-ac-besancon.fr\/wordpress\/wp-content\/uploads\/2018\/04\/DSC01115-300x225.jpg 300w, https:\/\/www.lycee-charles-nodier-ac-besancon.fr\/wordpress\/wp-content\/uploads\/2018\/04\/DSC01115-768x576.jpg 768w, https:\/\/www.lycee-charles-nodier-ac-besancon.fr\/wordpress\/wp-content\/uploads\/2018\/04\/DSC01115-1024x768.jpg 1024w\" sizes=\"auto, (max-width: 300px) 100vw, 300px\" \/>Le projet \u00ab\u00a0Dico des Ados\u00a0\u00bb men\u00e9 en partenariat par le Clemi et France Bleu Besan\u00e7on a donn\u00e9 l&rsquo;occasion aux \u00e9l\u00e8ves de la classe de 2nde7 d&rsquo;enregistrer des chroniques radio avec des moyens professionnels. Ils ont choisi des expressions propres au langage des jeunes, interview\u00e9s des adultes pour leur faire d\u00e9couvrir le sens de ce mot et \u00e9crit le contenu de leur chronique avant de proc\u00e9der aux enregistrements dans les locaux de France Bleu Besan\u00e7on fin mars. Les chroniques ont \u00e9t\u00e9 diffus\u00e9es \u00e0 l&rsquo;antenne pendant les vacances d&rsquo;avril ; elles sont disponibles en ligne sur le site de <a href=\"https:\/\/www.francebleu.fr\/loisirs\/evenements\/le-dico-des-ados\" target=\"_blank\" rel=\"noopener\">France Bleu<\/a>&#8230; A \u00e9couter sans mod\u00e9ration !<img loading=\"lazy\" decoding=\"async\" class=\"size-medium wp-image-2408 aligncenter\" src=\"https:\/\/www.lycee-charles-nodier-ac-besancon.fr\/wordpress\/wp-content\/uploads\/2018\/04\/DSC01112-300x225.jpg\" alt=\"\" width=\"300\" height=\"225\" srcset=\"https:\/\/www.lycee-charles-nodier-ac-besancon.fr\/wordpress\/wp-content\/uploads\/2018\/04\/DSC01112-300x225.jpg 300w, https:\/\/www.lycee-charles-nodier-ac-besancon.fr\/wordpress\/wp-content\/uploads\/2018\/04\/DSC01112-768x576.jpg 768w, https:\/\/www.lycee-charles-nodier-ac-besancon.fr\/wordpress\/wp-content\/uploads\/2018\/04\/DSC01112-1024x768.jpg 1024w\" sizes=\"auto, (max-width: 300px) 100vw, 300px\" \/><img loading=\"lazy\" decoding=\"async\" class=\"size-medium wp-image-2407 alignright\" src=\"https:\/\/www.lycee-charles-nodier-ac-besancon.fr\/wordpress\/wp-content\/uploads\/2018\/04\/DSC01108-300x225.jpg\" alt=\"\" width=\"300\" height=\"225\" srcset=\"https:\/\/www.lycee-charles-nodier-ac-besancon.fr\/wordpress\/wp-content\/uploads\/2018\/04\/DSC01108-300x225.jpg 300w, https:\/\/www.lycee-charles-nodier-ac-besancon.fr\/wordpress\/wp-content\/uploads\/2018\/04\/DSC01108-768x576.jpg 768w, https:\/\/www.lycee-charles-nodier-ac-besancon.fr\/wordpress\/wp-content\/uploads\/2018\/04\/DSC01108-1024x768.jpg 1024w\" sizes=\"auto, (max-width: 300px) 100vw, 300px\" \/><\/p>\n","protected":false},"excerpt":{"rendered":"<p>Le projet \u00ab\u00a0Dico des Ados\u00a0\u00bb men\u00e9 en partenariat par le Clemi et France Bleu Besan\u00e7on a donn\u00e9 l&rsquo;occasion aux \u00e9l\u00e8ves de la classe de 2nde7 d&rsquo;enregistrer des chroniques radio avec\u2026<\/p>\n<p> <a class=\"continue-reading-link\" href=\"https:\/\/www.lycee-charles-nodier-ac-besancon.fr\/wordpress\/chroniqueurs-radio-pour-france-bleu-besancon\/\"><span>Lire la suite<\/span><i class=\"crycon-right-dir\"><\/i><\/a> <\/p>\n","protected":false},"author":35,"featured_media":2410,"comment_status":"closed","ping_status":"open","sticky":false,"template":"","format":"standard","meta":{"footnotes":""},"categories":[17,92,91,93],"tags":[],"coauthors":[],"class_list":["post-2406","post","type-post","status-publish","format-standard","has-post-thumbnail","hentry","category-actualite","category-eleves","category-parents","category-personnels"],"views":3024,"_links":{"self":[{"href":"https:\/\/www.lycee-charles-nodier-ac-besancon.fr\/wordpress\/wp-json\/wp\/v2\/posts\/2406","targetHints":{"allow":["GET"]}}],"collection":[{"href":"https:\/\/www.lycee-charles-nodier-ac-besancon.fr\/wordpress\/wp-json\/wp\/v2\/posts"}],"about":[{"href":"https:\/\/www.lycee-charles-nodier-ac-besancon.fr\/wordpress\/wp-json\/wp\/v2\/types\/post"}],"author":[{"embeddable":true,"href":"https:\/\/www.lycee-charles-nodier-ac-besancon.fr\/wordpress\/wp-json\/wp\/v2\/users\/35"}],"replies":[{"embeddable":true,"href":"https:\/\/www.lycee-charles-nodier-ac-besancon.fr\/wordpress\/wp-json\/wp\/v2\/comments?post=2406"}],"version-history":[{"count":7,"href":"https:\/\/www.lycee-charles-nodier-ac-besancon.fr\/wordpress\/wp-json\/wp\/v2\/posts\/2406\/revisions"}],"predecessor-version":[{"id":2418,"href":"https:\/\/www.lycee-charles-nodier-ac-besancon.fr\/wordpress\/wp-json\/wp\/v2\/posts\/2406\/revisions\/2418"}],"wp:featuredmedia":[{"embeddable":true,"href":"https:\/\/www.lycee-charles-nodier-ac-besancon.fr\/wordpress\/wp-json\/wp\/v2\/media\/2410"}],"wp:attachment":[{"href":"https:\/\/www.lycee-charles-nodier-ac-besancon.fr\/wordpress\/wp-json\/wp\/v2\/media?parent=2406"}],"wp:term":[{"taxonomy":"category","embeddable":true,"href":"https:\/\/www.lycee-charles-nodier-ac-besancon.fr\/wordpress\/wp-json\/wp\/v2\/categories?post=2406"},{"taxonomy":"post_tag","embeddable":true,"href":"https:\/\/www.lycee-charles-nodier-ac-besancon.fr\/wordpress\/wp-json\/wp\/v2\/tags?post=2406"},{"taxonomy":"author","embeddable":true,"href":"https:\/\/www.lycee-charles-nodier-ac-besancon.fr\/wordpress\/wp-json\/wp\/v2\/coauthors?post=2406"}],"curies":[{"name":"wp","href":"https:\/\/api.w.org\/{rel}","templated":true}]}}