{"id":2420,"date":"2018-04-29T18:00:15","date_gmt":"2018-04-29T16:00:15","guid":{"rendered":"http:\/\/www.lycee-charles-nodier-ac-besancon.fr\/wordpress\/?p=2420"},"modified":"2018-04-29T18:00:15","modified_gmt":"2018-04-29T16:00:15","slug":"resultats-du-concours-national-de-la-resistance-et-de-la-deportation","status":"publish","type":"post","link":"https:\/\/www.lycee-charles-nodier-ac-besancon.fr\/wordpress\/resultats-du-concours-national-de-la-resistance-et-de-la-deportation\/","title":{"rendered":"R\u00e9sultats du Concours National de la R\u00e9sistance et de la D\u00e9portation"},"content":{"rendered":"<p style=\"text-align: center;\"><strong>PALMARES DEPARTEMENTAL JURA <\/strong><\/p>\n<p style=\"text-align: center;\"><strong><u>Cat\u00e9gorie 2 \u2013 Lyc\u00e9e travaux collectifs<\/u><\/strong><\/p>\n<table width=\"847\">\n<tbody>\n<tr>\n<td style=\"text-align: center;\" width=\"94\"><strong>Rang <\/strong><\/td>\n<td width=\"217\"><strong>Groupe et nb d\u2019\u00e9l\u00e8ves concern\u00e9s\u00a0 <\/strong><\/td>\n<td width=\"227\"><strong>Nom du professeur <\/strong><\/td>\n<td width=\"308\"><strong>Etablissement <\/strong><\/td>\n<\/tr>\n<tr>\n<td style=\"text-align: center;\" width=\"94\"><strong>1 <\/strong><\/td>\n<td width=\"217\">Groupe 2 \u2013 14 \u00e9l\u00e8ves<\/td>\n<td width=\"227\">CLEMENT Coralie<\/td>\n<td width=\"308\">Lyc\u00e9e Nodier &#8211; Dole<\/td>\n<\/tr>\n<tr>\n<td style=\"text-align: center;\" width=\"94\"><strong>2 <\/strong><\/td>\n<td width=\"217\">Groupe 1\u00a0 &#8211; 3 \u00e9l\u00e8ves<\/td>\n<td width=\"227\">GROSPERRIN B.<\/td>\n<td width=\"308\">Legta E Faure &#8211; Montmorot<\/td>\n<\/tr>\n<tr>\n<td style=\"text-align: center;\" width=\"94\"><strong>3 <\/strong><\/td>\n<td width=\"217\">Groupe 1 \u2013 13 \u00e9l\u00e8ves<\/td>\n<td width=\"227\">CLEMENT Coralie<\/td>\n<td width=\"308\">Lyc\u00e9e Nodier &#8211; Dole<\/td>\n<\/tr>\n<\/tbody>\n<\/table>\n<p>F\u00e9licitations au \u00e9l\u00e8ves de la classe de 1S1 et leur professeur Mme Cl\u00e9ment.<\/p>\n","protected":false},"excerpt":{"rendered":"<p>PALMARES DEPARTEMENTAL JURA Cat\u00e9gorie 2 \u2013 Lyc\u00e9e travaux collectifs Rang Groupe et nb d\u2019\u00e9l\u00e8ves concern\u00e9s\u00a0 Nom du professeur Etablissement 1 Groupe 2 \u2013 14 \u00e9l\u00e8ves CLEMENT Coralie Lyc\u00e9e Nodier &#8211;\u2026<\/p>\n<p> <a class=\"continue-reading-link\" href=\"https:\/\/www.lycee-charles-nodier-ac-besancon.fr\/wordpress\/resultats-du-concours-national-de-la-resistance-et-de-la-deportation\/\"><span>Lire la suite<\/span><i class=\"crycon-right-dir\"><\/i><\/a> <\/p>\n","protected":false},"author":2,"featured_media":0,"comment_status":"closed","ping_status":"open","sticky":false,"template":"","format":"standard","meta":{"footnotes":""},"categories":[34],"tags":[],"coauthors":[],"class_list":["post-2420","post","type-post","status-publish","format-standard","hentry","category-activites_concours"],"views":2070,"_links":{"self":[{"href":"https:\/\/www.lycee-charles-nodier-ac-besancon.fr\/wordpress\/wp-json\/wp\/v2\/posts\/2420","targetHints":{"allow":["GET"]}}],"collection":[{"href":"https:\/\/www.lycee-charles-nodier-ac-besancon.fr\/wordpress\/wp-json\/wp\/v2\/posts"}],"about":[{"href":"https:\/\/www.lycee-charles-nodier-ac-besancon.fr\/wordpress\/wp-json\/wp\/v2\/types\/post"}],"author":[{"embeddable":true,"href":"https:\/\/www.lycee-charles-nodier-ac-besancon.fr\/wordpress\/wp-json\/wp\/v2\/users\/2"}],"replies":[{"embeddable":true,"href":"https:\/\/www.lycee-charles-nodier-ac-besancon.fr\/wordpress\/wp-json\/wp\/v2\/comments?post=2420"}],"version-history":[{"count":1,"href":"https:\/\/www.lycee-charles-nodier-ac-besancon.fr\/wordpress\/wp-json\/wp\/v2\/posts\/2420\/revisions"}],"predecessor-version":[{"id":2421,"href":"https:\/\/www.lycee-charles-nodier-ac-besancon.fr\/wordpress\/wp-json\/wp\/v2\/posts\/2420\/revisions\/2421"}],"wp:attachment":[{"href":"https:\/\/www.lycee-charles-nodier-ac-besancon.fr\/wordpress\/wp-json\/wp\/v2\/media?parent=2420"}],"wp:term":[{"taxonomy":"category","embeddable":true,"href":"https:\/\/www.lycee-charles-nodier-ac-besancon.fr\/wordpress\/wp-json\/wp\/v2\/categories?post=2420"},{"taxonomy":"post_tag","embeddable":true,"href":"https:\/\/www.lycee-charles-nodier-ac-besancon.fr\/wordpress\/wp-json\/wp\/v2\/tags?post=2420"},{"taxonomy":"author","embeddable":true,"href":"https:\/\/www.lycee-charles-nodier-ac-besancon.fr\/wordpress\/wp-json\/wp\/v2\/coauthors?post=2420"}],"curies":[{"name":"wp","href":"https:\/\/api.w.org\/{rel}","templated":true}]}}