{"id":2470,"date":"2018-05-15T09:49:18","date_gmt":"2018-05-15T07:49:18","guid":{"rendered":"http:\/\/www.lycee-charles-nodier-ac-besancon.fr\/wordpress\/?p=2470"},"modified":"2018-08-24T17:09:27","modified_gmt":"2018-08-24T15:09:27","slug":"lechappee-litteraire-bouquet-final","status":"publish","type":"post","link":"https:\/\/www.lycee-charles-nodier-ac-besancon.fr\/wordpress\/lechappee-litteraire-bouquet-final\/","title":{"rendered":"L&rsquo;Echapp\u00e9e Litt\u00e9raire : bouquet final"},"content":{"rendered":"<p><img loading=\"lazy\" decoding=\"async\" class=\"size-medium wp-image-2473 alignleft\" src=\"https:\/\/www.lycee-charles-nodier-ac-besancon.fr\/wordpress\/wp-content\/uploads\/2018\/05\/DSC01149-225x300.jpg\" alt=\"\" width=\"225\" height=\"300\" srcset=\"https:\/\/www.lycee-charles-nodier-ac-besancon.fr\/wordpress\/wp-content\/uploads\/2018\/05\/DSC01149-225x300.jpg 225w, https:\/\/www.lycee-charles-nodier-ac-besancon.fr\/wordpress\/wp-content\/uploads\/2018\/05\/DSC01149-768x1024.jpg 768w\" sizes=\"auto, (max-width: 225px) 100vw, 225px\" \/> <img loading=\"lazy\" decoding=\"async\" class=\"size-medium wp-image-2474 alignleft\" src=\"https:\/\/www.lycee-charles-nodier-ac-besancon.fr\/wordpress\/wp-content\/uploads\/2018\/05\/DSC01151-300x225.jpg\" alt=\"\" width=\"300\" height=\"225\" srcset=\"https:\/\/www.lycee-charles-nodier-ac-besancon.fr\/wordpress\/wp-content\/uploads\/2018\/05\/DSC01151-300x225.jpg 300w, https:\/\/www.lycee-charles-nodier-ac-besancon.fr\/wordpress\/wp-content\/uploads\/2018\/05\/DSC01151-768x576.jpg 768w, https:\/\/www.lycee-charles-nodier-ac-besancon.fr\/wordpress\/wp-content\/uploads\/2018\/05\/DSC01151-1024x768.jpg 1024w\" sizes=\"auto, (max-width: 300px) 100vw, 300px\" \/> <img loading=\"lazy\" decoding=\"async\" class=\"size-medium wp-image-2475 alignright\" src=\"https:\/\/www.lycee-charles-nodier-ac-besancon.fr\/wordpress\/wp-content\/uploads\/2018\/05\/DSC01153-300x225.jpg\" alt=\"\" width=\"300\" height=\"225\" srcset=\"https:\/\/www.lycee-charles-nodier-ac-besancon.fr\/wordpress\/wp-content\/uploads\/2018\/05\/DSC01153-300x225.jpg 300w, https:\/\/www.lycee-charles-nodier-ac-besancon.fr\/wordpress\/wp-content\/uploads\/2018\/05\/DSC01153-768x576.jpg 768w, https:\/\/www.lycee-charles-nodier-ac-besancon.fr\/wordpress\/wp-content\/uploads\/2018\/05\/DSC01153-1024x768.jpg 1024w\" sizes=\"auto, (max-width: 300px) 100vw, 300px\" \/><span style=\"font-size: 12pt;\">Le Prix Litt\u00e9raire des lyc\u00e9ens de Bourgogne et de Franche Comt\u00e9 a servi de fil rouge aux activit\u00e9s de la classe de 1L cette ann\u00e9e. Une rencontre avec les auteurs de la BD Bleu P\u00e9trole, une s\u00e9ance de speedbooking \u00e0 la M\u00e9diath\u00e8que et pour terminer en beaut\u00e9 un <strong>court spectacle th\u00e9atral jeudi 3 mai \u00e0 la librairie La Passerelle<\/strong> !\u00a0 Accompagn\u00e9s par des intervenants professionnels (MJC, Compagnie La Carotte), les \u00e9l\u00e8ves ont tout r\u00e9alis\u00e9 eux-m\u00eames : \u00e9criture, mise en sc\u00e8ne jusqu&rsquo;aux d\u00e9cors et \u00e0 la vid\u00e9o confectionn\u00e9s en cours d&rsquo;arts plastiques.<\/span><\/p>\n<p>&nbsp;<\/p>\n<p>\n<!-- iframe plugin v.6.0 wordpress.org\/plugins\/iframe\/ -->\n<iframe loading=\"lazy\" frameborder=\"0\" width=\"1330\" height=\"770\" src=\"https:\/\/mediacad.ac-besancon.fr\/m\/3587\/d\/i\" webkitallowfullscreen=\"true\" mozallowfullscreen=\"true\" 0 1=\"\/&gt;\" 2 href=\"https:\/\/mediacad.ac-besancon.fr\/m\/3587\" target=\"_blank\" 3=\"rel=&quot;noopener&quot;&gt;La\" 4=\"D\u00e9sob\u00e9issante&lt;\/a\" scrolling=\"yes\" class=\"iframe-class\"><\/iframe>\n<\/a><\/p>\n","protected":false},"excerpt":{"rendered":"<p>Le Prix Litt\u00e9raire des lyc\u00e9ens de Bourgogne et de Franche Comt\u00e9 a servi de fil rouge aux activit\u00e9s de la classe de 1L cette ann\u00e9e. Une rencontre avec les auteurs\u2026<\/p>\n<p> <a class=\"continue-reading-link\" href=\"https:\/\/www.lycee-charles-nodier-ac-besancon.fr\/wordpress\/lechappee-litteraire-bouquet-final\/\"><span>Lire la suite<\/span><i class=\"crycon-right-dir\"><\/i><\/a> <\/p>\n","protected":false},"author":35,"featured_media":2473,"comment_status":"closed","ping_status":"open","sticky":false,"template":"","format":"standard","meta":{"footnotes":""},"categories":[17,65,13,92,60,91,93,35],"tags":[115,114],"coauthors":[],"class_list":["post-2470","post","type-post","status-publish","format-standard","has-post-thumbnail","hentry","category-actualite","category-arts_plastiques","category-culture","category-eleves","category-francais","category-parents","category-personnels","category-spectacles_concerts","tag-prix-litteraire","tag-theatre"],"views":3673,"_links":{"self":[{"href":"https:\/\/www.lycee-charles-nodier-ac-besancon.fr\/wordpress\/wp-json\/wp\/v2\/posts\/2470","targetHints":{"allow":["GET"]}}],"collection":[{"href":"https:\/\/www.lycee-charles-nodier-ac-besancon.fr\/wordpress\/wp-json\/wp\/v2\/posts"}],"about":[{"href":"https:\/\/www.lycee-charles-nodier-ac-besancon.fr\/wordpress\/wp-json\/wp\/v2\/types\/post"}],"author":[{"embeddable":true,"href":"https:\/\/www.lycee-charles-nodier-ac-besancon.fr\/wordpress\/wp-json\/wp\/v2\/users\/35"}],"replies":[{"embeddable":true,"href":"https:\/\/www.lycee-charles-nodier-ac-besancon.fr\/wordpress\/wp-json\/wp\/v2\/comments?post=2470"}],"version-history":[{"count":13,"href":"https:\/\/www.lycee-charles-nodier-ac-besancon.fr\/wordpress\/wp-json\/wp\/v2\/posts\/2470\/revisions"}],"predecessor-version":[{"id":2571,"href":"https:\/\/www.lycee-charles-nodier-ac-besancon.fr\/wordpress\/wp-json\/wp\/v2\/posts\/2470\/revisions\/2571"}],"wp:featuredmedia":[{"embeddable":true,"href":"https:\/\/www.lycee-charles-nodier-ac-besancon.fr\/wordpress\/wp-json\/wp\/v2\/media\/2473"}],"wp:attachment":[{"href":"https:\/\/www.lycee-charles-nodier-ac-besancon.fr\/wordpress\/wp-json\/wp\/v2\/media?parent=2470"}],"wp:term":[{"taxonomy":"category","embeddable":true,"href":"https:\/\/www.lycee-charles-nodier-ac-besancon.fr\/wordpress\/wp-json\/wp\/v2\/categories?post=2470"},{"taxonomy":"post_tag","embeddable":true,"href":"https:\/\/www.lycee-charles-nodier-ac-besancon.fr\/wordpress\/wp-json\/wp\/v2\/tags?post=2470"},{"taxonomy":"author","embeddable":true,"href":"https:\/\/www.lycee-charles-nodier-ac-besancon.fr\/wordpress\/wp-json\/wp\/v2\/coauthors?post=2470"}],"curies":[{"name":"wp","href":"https:\/\/api.w.org\/{rel}","templated":true}]}}