{"id":2670,"date":"2022-09-11T09:00:00","date_gmt":"2022-09-11T07:00:00","guid":{"rendered":"http:\/\/www.lycee-charles-nodier-ac-besancon.fr\/wordpress\/?p=2670"},"modified":"2022-09-11T09:28:01","modified_gmt":"2022-09-11T07:28:01","slug":"semaine-de-lengagement-lyceen","status":"publish","type":"post","link":"https:\/\/www.lycee-charles-nodier-ac-besancon.fr\/wordpress\/semaine-de-lengagement-lyceen\/","title":{"rendered":"Semaine de l&rsquo;engagement lyc\u00e9en"},"content":{"rendered":"<p><img loading=\"lazy\" decoding=\"async\" class=\"size-full wp-image-5379 aligncenter\" src=\"https:\/\/www.lycee-charles-nodier-ac-besancon.fr\/wordpress\/wp-content\/uploads\/2021\/09\/engagement2022.png\" alt=\"\" width=\"1200\" height=\"363\" srcset=\"https:\/\/www.lycee-charles-nodier-ac-besancon.fr\/wordpress\/wp-content\/uploads\/2021\/09\/engagement2022.png 1200w, https:\/\/www.lycee-charles-nodier-ac-besancon.fr\/wordpress\/wp-content\/uploads\/2021\/09\/engagement2022-300x91.png 300w, https:\/\/www.lycee-charles-nodier-ac-besancon.fr\/wordpress\/wp-content\/uploads\/2021\/09\/engagement2022-1024x310.png 1024w, https:\/\/www.lycee-charles-nodier-ac-besancon.fr\/wordpress\/wp-content\/uploads\/2021\/09\/engagement2022-768x232.png 768w, https:\/\/www.lycee-charles-nodier-ac-besancon.fr\/wordpress\/wp-content\/uploads\/2021\/09\/engagement2022-150x45.png 150w, https:\/\/www.lycee-charles-nodier-ac-besancon.fr\/wordpress\/wp-content\/uploads\/2021\/09\/engagement2022-250x76.png 250w\" sizes=\"auto, (max-width: 1200px) 100vw, 1200px\" \/><\/p>\n<p><strong>Calendrier des \u00e9lections \u00e9l\u00e8ves<\/strong><\/p>\n<ul>\n<li>Du 12 au 23 septembre : Sensibilisation aux instances lyc\u00e9ennes<\/li>\n<li>Du 26 au 30 septembre : \u00e9lection des d\u00e9l\u00e9gu\u00e9s de classe \/ \u00e9lection des \u00e9co-d\u00e9l\u00e9gu\u00e9s<\/li>\n<li>Jeudi 22 septembre : Fin de d\u00e9p\u00f4t des candidatures et des professions de foi pour les \u00e9lections du CVL aupr\u00e8s des CPE.<\/li>\n<li>Lundi 3 octobre\u00a0 : \u00a0au cours de la semaine de la d\u00e9mocratie scolaire, pr\u00e9sentation des candidats aux \u00e9lections du CVL et d\u00e9bat, pr\u00e9sence obligatoire des d\u00e9l\u00e9gu\u00e9s de classe titulaires + \u00e9l\u00e8ves volontaires :\u00a0 inscriptions au bureau des surveillants (120 places).<\/li>\n<li>Mardi 4 octobre : Election de 5 nouveaux titulaires et suppl\u00e9ants au CVL.<\/li>\n<li>Vendredi 7 octobre\u00a0 : Journ\u00e9e Acad\u00e9mique de l\u2019Assembl\u00e9e G\u00e9n\u00e9rale des D\u00e9l\u00e9gu\u00e9s El\u00e8ves pour l\u2019\u00e9lection des repr\u00e9sentants \u00e9l\u00e8ves au CA, issus du CVL, l\u2019\u00e9lection du vice-pr\u00e9sident du CVL et l\u2019\u00e9lection des repr\u00e9sentants \u00e9l\u00e8ves au conseil de discipline.<\/li>\n<\/ul>\n\n<!-- iframe plugin v.6.0 wordpress.org\/plugins\/iframe\/ -->\n<iframe loading=\"lazy\" src=\"https:\/\/www.lycee-charles-nodier-ac-besancon.fr\/wordpress\/wp-content\/uploads\/2021\/09\/Informations-Instances-representatives-2022-2023.pdf\" width=\"80%\" height=\"800\" scrolling=\"yes\" class=\"iframe-class\" frameborder=\"0\"><\/iframe>\n\n<p>Pour en savoir plus : <a href=\"https:\/\/www.education.gouv.fr\/les-semaines-de-l-engagement-engagez-vous-pour-faire-vivre-votre-college-et-votre-lycee-9857\" target=\"_blank\" rel=\"noopener noreferrer\">https:\/\/www.education.gouv.fr\/les-semaines-de-l-engagement-engagez-vous-pour-faire-vivre-votre-college-et-votre-lycee-9857<\/a><\/p>\n","protected":false},"excerpt":{"rendered":"<p>Calendrier des \u00e9lections \u00e9l\u00e8ves Du 12 au 23 septembre : Sensibilisation aux instances lyc\u00e9ennes Du 26 au 30 septembre : \u00e9lection des d\u00e9l\u00e9gu\u00e9s de classe \/ \u00e9lection des \u00e9co-d\u00e9l\u00e9gu\u00e9s Jeudi\u2026<\/p>\n<p> <a class=\"continue-reading-link\" href=\"https:\/\/www.lycee-charles-nodier-ac-besancon.fr\/wordpress\/semaine-de-lengagement-lyceen\/\"><span>Lire la suite<\/span><i class=\"crycon-right-dir\"><\/i><\/a> <\/p>\n","protected":false},"author":2,"featured_media":5379,"comment_status":"closed","ping_status":"open","sticky":false,"template":"","format":"standard","meta":{"footnotes":""},"categories":[17,92,91],"tags":[],"coauthors":[],"class_list":["post-2670","post","type-post","status-publish","format-standard","has-post-thumbnail","hentry","category-actualite","category-eleves","category-parents"],"views":3502,"_links":{"self":[{"href":"https:\/\/www.lycee-charles-nodier-ac-besancon.fr\/wordpress\/wp-json\/wp\/v2\/posts\/2670","targetHints":{"allow":["GET"]}}],"collection":[{"href":"https:\/\/www.lycee-charles-nodier-ac-besancon.fr\/wordpress\/wp-json\/wp\/v2\/posts"}],"about":[{"href":"https:\/\/www.lycee-charles-nodier-ac-besancon.fr\/wordpress\/wp-json\/wp\/v2\/types\/post"}],"author":[{"embeddable":true,"href":"https:\/\/www.lycee-charles-nodier-ac-besancon.fr\/wordpress\/wp-json\/wp\/v2\/users\/2"}],"replies":[{"embeddable":true,"href":"https:\/\/www.lycee-charles-nodier-ac-besancon.fr\/wordpress\/wp-json\/wp\/v2\/comments?post=2670"}],"version-history":[{"count":4,"href":"https:\/\/www.lycee-charles-nodier-ac-besancon.fr\/wordpress\/wp-json\/wp\/v2\/posts\/2670\/revisions"}],"predecessor-version":[{"id":5381,"href":"https:\/\/www.lycee-charles-nodier-ac-besancon.fr\/wordpress\/wp-json\/wp\/v2\/posts\/2670\/revisions\/5381"}],"wp:featuredmedia":[{"embeddable":true,"href":"https:\/\/www.lycee-charles-nodier-ac-besancon.fr\/wordpress\/wp-json\/wp\/v2\/media\/5379"}],"wp:attachment":[{"href":"https:\/\/www.lycee-charles-nodier-ac-besancon.fr\/wordpress\/wp-json\/wp\/v2\/media?parent=2670"}],"wp:term":[{"taxonomy":"category","embeddable":true,"href":"https:\/\/www.lycee-charles-nodier-ac-besancon.fr\/wordpress\/wp-json\/wp\/v2\/categories?post=2670"},{"taxonomy":"post_tag","embeddable":true,"href":"https:\/\/www.lycee-charles-nodier-ac-besancon.fr\/wordpress\/wp-json\/wp\/v2\/tags?post=2670"},{"taxonomy":"author","embeddable":true,"href":"https:\/\/www.lycee-charles-nodier-ac-besancon.fr\/wordpress\/wp-json\/wp\/v2\/coauthors?post=2670"}],"curies":[{"name":"wp","href":"https:\/\/api.w.org\/{rel}","templated":true}]}}