{"id":2701,"date":"2018-10-06T23:52:49","date_gmt":"2018-10-06T21:52:49","guid":{"rendered":"http:\/\/www.lycee-charles-nodier-ac-besancon.fr\/wordpress\/?p=2701"},"modified":"2018-10-10T10:13:33","modified_gmt":"2018-10-10T08:13:33","slug":"la-reforme-des-lycees-parlons-en","status":"publish","type":"post","link":"https:\/\/www.lycee-charles-nodier-ac-besancon.fr\/wordpress\/la-reforme-des-lycees-parlons-en\/","title":{"rendered":"La r\u00e9forme des lyc\u00e9es, parlons-en."},"content":{"rendered":"<p style=\"text-align: justify;\"><em>Les \u00e9l\u00e8ves entrant en seconde seront les premiers \u00e0 passer le nouveau bac en 2021. Mais l&rsquo;arr\u00eat\u00e9 sur la nouvelle seconde ne s&rsquo;applique pas cette ann\u00e9e. Ils suivent donc encore des enseignements d&rsquo;exploration. Ce n&rsquo;est qu&rsquo;en juin 2019 qu&rsquo;ils choisiront des sp\u00e9cialit\u00e9s, pour la premi\u00e8re et la terminale.<\/em><\/p>\n<p><strong>RENTR\u00c9E 2018 :<\/strong> Les \u00e9l\u00e8ves entrant en seconde lors de cette rentr\u00e9e scolaire seront les premiers \u00e0 vivre l\u2019int\u00e9gralit\u00e9 de la r\u00e9forme. Les \u00e9l\u00e8ves entrant en premi\u00e8re suivront les nouveaux enseignements de sp\u00e9cialit\u00e9 et passeront les \u00e9preuves anticip\u00e9es de fran\u00e7ais \u00e0 la fin de l\u2019ann\u00e9e. Le contr\u00f4le continu, comptant dans la note finale du bac, est mis en place.<\/p>\n<p><strong>RENTR\u00c9E 2019 :<\/strong> Les \u00e9l\u00e8ves de terminale, entr\u00e9s en seconde en 2018, seront les premiers \u00e0 passer les \u00e9preuves terminales du nouveau bac en juin 2021.<\/p>\n<p><strong>RENTR\u00c9E 2020 :<\/strong> La r\u00e9forme introduit des heures d\u2019aide \u00e0 l\u2019orientation, ce que la FCPE avait demand\u00e9. Pour faire leur choix, les \u00e9l\u00e8ves ont besoin de conseils, d\u2019accompagnement et de temps pour s\u2019informer et r\u00e9fl\u00e9chir \u00e0 leur projet. Cependant, cette mesure ne sera mise en place qu\u2019\u00e0 la rentr\u00e9e 2019, alors que c\u2019est en fin d\u2019ann\u00e9e 2018-2019 que les \u00e9l\u00e8ves de seconde indiqueront ce qu\u2019ils souhaitent apprendre l\u2019ann\u00e9e suivante. Elle arrive donc trop tard pour les premiers \u00e9l\u00e8ves qui vivent la r\u00e9forme.<\/p>\n<h4>UNE PREMI\u00c8RE PROMOTION SANS AIDE \u00c0 L\u2019ORIENTATION<\/h4>\n<p>Cette ann\u00e9e est marqu\u00e9e par la mise en place de la r\u00e9forme du lyc\u00e9e qui se poursuivra jusqu\u2019en 2021. Des fili\u00e8res trop cloisonn\u00e9es, des orientations parfois subies, un bac tr\u00e8s lourd qui incitait au bachotage, le changement \u00e9tait attendu\u2026 Mais la FCPE regrette d\u00e9j\u00e0 que cette r\u00e9forme n\u2019aille pas au bout de sa logique.\u00a0\u00a0La fin des s\u00e9ries ne concerne que la voie g\u00e9n\u00e9rale et le nouveau baccalaur\u00e9at prend des airs d\u2019usine \u00e0 gaz.<\/p>\n<p>Enfin, et surtout, <strong>cette r\u00e9forme se met en place dans un contexte de r\u00e9duction des postes.<\/strong> Or, les lyc\u00e9ens ont besoin, aupr\u00e8s d\u2019eux, d\u2019adultes form\u00e9s et en nombre suffisant. En seconde, les \u00e9l\u00e8ves devront passer des tests de positionnement. Mais les \u00e9l\u00e8ves arrivent au lyc\u00e9e avec leur livret scolaire et apr\u00e8s avoir pass\u00e9 le brevet, dont les r\u00e9sultats peuvent permettre aux enseignants de conna\u00eetre leurs points forts, besoins et \u00e9ventuelles difficult\u00e9s. Ces tests ajoutent donc du stress aux \u00e9l\u00e8ves \u00e0 l\u2019entr\u00e9e en seconde, alors que les supports pour savoir o\u00f9 ils en sont existent d\u00e9j\u00e0.<\/p>\n<h5>DES TESTS DE POSITIONNEMENT INUTILES<\/h5>\n<p>L\u2019aide p\u00e9dagogique comme les enseignements optionnels ou encore le d\u00e9doublement des classes sur certains cours seront mis en place en fonction des moyens des \u00e9tablissements. <strong>Dans ce contexte de r\u00e9duction des postes<\/strong>, il sera difficile de mettre en place tous ces dispositifs dont les \u00e9l\u00e8ves ont pourtant besoin pour r\u00e9ussir. <strong>La FCPE r\u00e9clame une augmentation des moyens au lyc\u00e9e<\/strong>, pour s\u2019adapter \u00e0 la diversit\u00e9 des \u00e9l\u00e8ves.<\/p>\n<h4>UNE AMBITION ENTACH\u00c9E DE R\u00c9DUCTIONS DE POSTES<\/h4>\n<p>La fin des s\u00e9ries dans la voie g\u00e9n\u00e9rale et l\u2019introduction des sp\u00e9cialit\u00e9s vont permettre aux \u00e9l\u00e8ves de choisir plus librement ce qu\u2019ils veulent apprendre. On peut aimer \u00e0 la fois les mati\u00e8res scientifiques et litt\u00e9raires, or les s\u00e9ries enfermaient les \u00e9l\u00e8ves dans des parcours \u00e9tanches. Cependant, cette libert\u00e9 de choix va se heurter aux contraintes d\u2019emploi du temps et de ressources humaines des \u00e9tablissements.<\/p>\n<h5>LA LIBERT\u00c9 DE CHOIX EN QUESTION<\/h5>\n<p>Le nouveau bac devait permettre de sortir d\u2019un examen sanction qui \u00e9tait source de stress pour les \u00e9l\u00e8ves. La FCPE demandait une \u00e9valuation progressive, tout au long de la premi\u00e8re et de la terminale et moins d\u2019\u00e9preuves finales. Mais la forme du contr\u00f4le continu choisie par le minist\u00e8re aboutit \u00e0 la multiplication des \u00e9preuves en cours d\u2019ann\u00e9e, auxquelles s\u2019ajoutent des \u00e9preuves terminales. Pas s\u00fbr que les \u00e9l\u00e8ves apprennent plus sereinement et ne soient pas soumis de nouveau au bachotage.<\/p>\n<h4>TROP D\u2019\u00c9PREUVES AU FIL DE L\u2019EAU LES TEXTES OFFICIELS &#8211;<\/h4>\n<ul style=\"list-style-type: square;\">\n<li>La nouvelle seconde : <a href=\"https:\/\/www.legifrance.gouv.fr\/affichTexte.do?cidTexte=JORFTEXT000037202776&amp;dateTexte=&amp;categorieLien=id\">arr\u00eat\u00e9 du 16-7-2018 &#8211; J.O. du 17-7-2018 <\/a>\u00a0;<\/li>\n<li>Les premi\u00e8re et terminale de la voie g\u00e9n\u00e9rale : <a href=\"https:\/\/www.legifrance.gouv.fr\/affichTexte.do?cidTexte=JORFTEXT000037202847&amp;dateTexte=&amp;categorieLien=id\">arr\u00eat\u00e9 du 16-7-2018 &#8211; J.O. du 17-7-2018<\/a> ;<\/li>\n<li>Les premi\u00e8re et terminale de la voie technologique : <a href=\"https:\/\/www.legifrance.gouv.fr\/eli\/arrete\/2018\/7\/16\/CPAP1817099A\/jo\/texte\">arr\u00eat\u00e9 du 16-7-2018 &#8211; J.O. du 17-7-2018<\/a> ;<\/li>\n<li>Proc\u00e9dures d\u2019orientation en fin de seconde : <a href=\"http:\/\/www.education.gouv.fr\/pid285\/bulletin_officiel.html?cid_bo=134460\">note de service n\u00b0 2018-115 du 26-9-2018<\/a> ;<\/li>\n<\/ul>\n<p><strong> Le nouveau baccalaur\u00e9at :<\/strong><\/p>\n<ul style=\"list-style-type: square;\">\n<li>D\u00e9cret sur le baccalaur\u00e9at g\u00e9n\u00e9ral et technologique <a href=\"https:\/\/www.legifrance.gouv.fr\/affichTexte.do?cidTexte=JORFTEXT000037202561&amp;categorieLien=cid\">d\u00e9cret n\u00b0 2018-614 du 16-7-2018 &#8211; J.O. du 17-7-2018<\/a> ;<\/li>\n<li>Arr\u00eat\u00e9 sur le contr\u00f4le continu : <a href=\"http:\/\/www.education.gouv.fr\/pid285\/bulletin_officiel.html?cid_bo=132698\">arr\u00eat\u00e9 du 16-7-2018 &#8211; J.O. du 17-7-2018 ; <\/a><\/li>\n<li>Arr\u00eat\u00e9 sur les \u00e9preuves anticip\u00e9es de fran\u00e7ais : <a href=\"http:\/\/www.education.gouv.fr\/pid285\/bulletin_officiel.html?cid_bo=132697\">arr\u00eat\u00e9 du 16-7-2018 &#8211; J.O. du 17-7-2018<\/a> ;<\/li>\n<li>Epreuves du baccalaur\u00e9at g\u00e9n\u00e9ral \u00e0 partir de la session 2021 :<a href=\"https:\/\/www.legifrance.gouv.fr\/affichTexte.do?cidTexte=JORFTEXT000037202847&amp;dateTexte=&amp;categorieLien=id\"> arr\u00eat\u00e9 du 16-7-2018 &#8211; J.O. du 17-7-2018<\/a> ;<\/li>\n<li>\u00c9preuves du baccalaur\u00e9at technologique \u00e0 partir de la session 2021 : <a href=\"https:\/\/www.legifrance.gouv.fr\/affichTexte.do?cidTexte=JORFTEXT000037202847&amp;dateTexte=&amp;categorieLien=id\">arr\u00eat\u00e9 du 16-7-2018 &#8211; J.O. du 17-7-2018<\/a>.<\/li>\n<\/ul>\n<h1><\/h1>\n<h1 style=\"text-align: center;\"><strong>La r\u00e9forme du lyc\u00e9e avant\/apr\u00e8s<\/strong><\/h1>\n<h2>La seconde \u00e0 la rentr\u00e9e 2019<\/h2>\n<p><img loading=\"lazy\" decoding=\"async\" class=\" wp-image-2729 alignleft\" src=\"https:\/\/www.lycee-charles-nodier-ac-besancon.fr\/wordpress\/wp-content\/uploads\/2018\/10\/Ancienne-Seconde-500-300x149.jpg\" alt=\"\" width=\"685\" height=\"340\" srcset=\"https:\/\/www.lycee-charles-nodier-ac-besancon.fr\/wordpress\/wp-content\/uploads\/2018\/10\/Ancienne-Seconde-500-300x149.jpg 300w, https:\/\/www.lycee-charles-nodier-ac-besancon.fr\/wordpress\/wp-content\/uploads\/2018\/10\/Ancienne-Seconde-500-768x382.jpg 768w, https:\/\/www.lycee-charles-nodier-ac-besancon.fr\/wordpress\/wp-content\/uploads\/2018\/10\/Ancienne-Seconde-500-1024x509.jpg 1024w, https:\/\/www.lycee-charles-nodier-ac-besancon.fr\/wordpress\/wp-content\/uploads\/2018\/10\/Ancienne-Seconde-500-150x75.jpg 150w, https:\/\/www.lycee-charles-nodier-ac-besancon.fr\/wordpress\/wp-content\/uploads\/2018\/10\/Ancienne-Seconde-500-250x124.jpg 250w\" sizes=\"auto, (max-width: 685px) 100vw, 685px\" \/><\/p>\n<p>&nbsp;<\/p>\n<p>&nbsp;<\/p>\n<p>&nbsp;<\/p>\n<p>&nbsp;<\/p>\n<p>&nbsp;<\/p>\n<p>&nbsp;<\/p>\n<p>&nbsp;<\/p>\n<p>&nbsp;<\/p>\n<p>&nbsp;<\/p>\n<h2>La voie g\u00e9n\u00e9rale \u00e0 la rentr\u00e9e 2019 :<\/h2>\n<p><img loading=\"lazy\" decoding=\"async\" class=\"alignnone wp-image-2731\" src=\"https:\/\/www.lycee-charles-nodier-ac-besancon.fr\/wordpress\/wp-content\/uploads\/2018\/10\/Voie-g\u00e9n\u00e9rale-500-300x189.jpg\" alt=\"\" width=\"660\" height=\"416\" srcset=\"https:\/\/www.lycee-charles-nodier-ac-besancon.fr\/wordpress\/wp-content\/uploads\/2018\/10\/Voie-g\u00e9n\u00e9rale-500-300x189.jpg 300w, https:\/\/www.lycee-charles-nodier-ac-besancon.fr\/wordpress\/wp-content\/uploads\/2018\/10\/Voie-g\u00e9n\u00e9rale-500-768x485.jpg 768w, https:\/\/www.lycee-charles-nodier-ac-besancon.fr\/wordpress\/wp-content\/uploads\/2018\/10\/Voie-g\u00e9n\u00e9rale-500-1024x647.jpg 1024w, https:\/\/www.lycee-charles-nodier-ac-besancon.fr\/wordpress\/wp-content\/uploads\/2018\/10\/Voie-g\u00e9n\u00e9rale-500-150x95.jpg 150w, https:\/\/www.lycee-charles-nodier-ac-besancon.fr\/wordpress\/wp-content\/uploads\/2018\/10\/Voie-g\u00e9n\u00e9rale-500-238x150.jpg 238w\" sizes=\"auto, (max-width: 660px) 100vw, 660px\" \/><\/p>\n<h2><span style=\"font-family: 'Source Sans Pro';\">La voie technologique \u00e0 la rentr\u00e9e 2019 :<\/span><\/h2>\n<p><span style=\"font-family: 'Source Sans Pro';\">\u00a0<img loading=\"lazy\" decoding=\"async\" class=\"alignnone wp-image-2732\" src=\"https:\/\/www.lycee-charles-nodier-ac-besancon.fr\/wordpress\/wp-content\/uploads\/2018\/10\/voie-technologique-500-300x172.jpg\" alt=\"\" width=\"658\" height=\"377\" srcset=\"https:\/\/www.lycee-charles-nodier-ac-besancon.fr\/wordpress\/wp-content\/uploads\/2018\/10\/voie-technologique-500-300x172.jpg 300w, https:\/\/www.lycee-charles-nodier-ac-besancon.fr\/wordpress\/wp-content\/uploads\/2018\/10\/voie-technologique-500-768x440.jpg 768w, https:\/\/www.lycee-charles-nodier-ac-besancon.fr\/wordpress\/wp-content\/uploads\/2018\/10\/voie-technologique-500-1024x586.jpg 1024w, https:\/\/www.lycee-charles-nodier-ac-besancon.fr\/wordpress\/wp-content\/uploads\/2018\/10\/voie-technologique-500-150x86.jpg 150w, https:\/\/www.lycee-charles-nodier-ac-besancon.fr\/wordpress\/wp-content\/uploads\/2018\/10\/voie-technologique-500-250x143.jpg 250w\" sizes=\"auto, (max-width: 658px) 100vw, 658px\" \/><\/span><\/p>\n<h2>Le Baccalaur\u00e9at, session 2021 :<\/h2>\n<p><img loading=\"lazy\" decoding=\"async\" class=\"alignnone wp-image-2730\" src=\"https:\/\/www.lycee-charles-nodier-ac-besancon.fr\/wordpress\/wp-content\/uploads\/2018\/10\/Bacacalaur\u00e9at-2021-500-300x169.jpg\" alt=\"\" width=\"575\" height=\"324\" srcset=\"https:\/\/www.lycee-charles-nodier-ac-besancon.fr\/wordpress\/wp-content\/uploads\/2018\/10\/Bacacalaur\u00e9at-2021-500-300x169.jpg 300w, https:\/\/www.lycee-charles-nodier-ac-besancon.fr\/wordpress\/wp-content\/uploads\/2018\/10\/Bacacalaur\u00e9at-2021-500-768x432.jpg 768w, https:\/\/www.lycee-charles-nodier-ac-besancon.fr\/wordpress\/wp-content\/uploads\/2018\/10\/Bacacalaur\u00e9at-2021-500-1024x576.jpg 1024w, https:\/\/www.lycee-charles-nodier-ac-besancon.fr\/wordpress\/wp-content\/uploads\/2018\/10\/Bacacalaur\u00e9at-2021-500-150x84.jpg 150w, https:\/\/www.lycee-charles-nodier-ac-besancon.fr\/wordpress\/wp-content\/uploads\/2018\/10\/Bacacalaur\u00e9at-2021-500-250x141.jpg 250w\" sizes=\"auto, (max-width: 575px) 100vw, 575px\" \/><\/p>\n<p>&nbsp;<\/p>\n","protected":false},"excerpt":{"rendered":"<p>Les \u00e9l\u00e8ves entrant en seconde seront les premiers \u00e0 passer le nouveau bac en 2021. Mais l&rsquo;arr\u00eat\u00e9 sur la nouvelle seconde ne s&rsquo;applique pas cette ann\u00e9e. Ils suivent donc encore\u2026<\/p>\n<p> <a class=\"continue-reading-link\" href=\"https:\/\/www.lycee-charles-nodier-ac-besancon.fr\/wordpress\/la-reforme-des-lycees-parlons-en\/\"><span>Lire la suite<\/span><i class=\"crycon-right-dir\"><\/i><\/a> <\/p>\n","protected":false},"author":68,"featured_media":2657,"comment_status":"closed","ping_status":"open","sticky":false,"template":"","format":"standard","meta":{"footnotes":""},"categories":[37],"tags":[],"coauthors":[],"class_list":["post-2701","post","type-post","status-publish","format-standard","has-post-thumbnail","hentry","category-fcpe"],"views":3524,"_links":{"self":[{"href":"https:\/\/www.lycee-charles-nodier-ac-besancon.fr\/wordpress\/wp-json\/wp\/v2\/posts\/2701","targetHints":{"allow":["GET"]}}],"collection":[{"href":"https:\/\/www.lycee-charles-nodier-ac-besancon.fr\/wordpress\/wp-json\/wp\/v2\/posts"}],"about":[{"href":"https:\/\/www.lycee-charles-nodier-ac-besancon.fr\/wordpress\/wp-json\/wp\/v2\/types\/post"}],"author":[{"embeddable":true,"href":"https:\/\/www.lycee-charles-nodier-ac-besancon.fr\/wordpress\/wp-json\/wp\/v2\/users\/68"}],"replies":[{"embeddable":true,"href":"https:\/\/www.lycee-charles-nodier-ac-besancon.fr\/wordpress\/wp-json\/wp\/v2\/comments?post=2701"}],"version-history":[{"count":11,"href":"https:\/\/www.lycee-charles-nodier-ac-besancon.fr\/wordpress\/wp-json\/wp\/v2\/posts\/2701\/revisions"}],"predecessor-version":[{"id":2746,"href":"https:\/\/www.lycee-charles-nodier-ac-besancon.fr\/wordpress\/wp-json\/wp\/v2\/posts\/2701\/revisions\/2746"}],"wp:featuredmedia":[{"embeddable":true,"href":"https:\/\/www.lycee-charles-nodier-ac-besancon.fr\/wordpress\/wp-json\/wp\/v2\/media\/2657"}],"wp:attachment":[{"href":"https:\/\/www.lycee-charles-nodier-ac-besancon.fr\/wordpress\/wp-json\/wp\/v2\/media?parent=2701"}],"wp:term":[{"taxonomy":"category","embeddable":true,"href":"https:\/\/www.lycee-charles-nodier-ac-besancon.fr\/wordpress\/wp-json\/wp\/v2\/categories?post=2701"},{"taxonomy":"post_tag","embeddable":true,"href":"https:\/\/www.lycee-charles-nodier-ac-besancon.fr\/wordpress\/wp-json\/wp\/v2\/tags?post=2701"},{"taxonomy":"author","embeddable":true,"href":"https:\/\/www.lycee-charles-nodier-ac-besancon.fr\/wordpress\/wp-json\/wp\/v2\/coauthors?post=2701"}],"curies":[{"name":"wp","href":"https:\/\/api.w.org\/{rel}","templated":true}]}}