{"id":2704,"date":"2018-10-09T09:19:25","date_gmt":"2018-10-09T07:19:25","guid":{"rendered":"http:\/\/www.lycee-charles-nodier-ac-besancon.fr\/wordpress\/?p=2704"},"modified":"2018-10-09T21:47:51","modified_gmt":"2018-10-09T19:47:51","slug":"co-voiturage-salon-de-letudiant-19-janvier-2019","status":"publish","type":"post","link":"https:\/\/www.lycee-charles-nodier-ac-besancon.fr\/wordpress\/co-voiturage-salon-de-letudiant-19-janvier-2019\/","title":{"rendered":"Co-voiturage salon de l&rsquo;\u00e9tudiant &#8211; 19 janvier 2019"},"content":{"rendered":"<p>Le samedi 19 janvier prochain aura lieu le salon de l&rsquo;\u00e9tudiant \u00e0 Micropolis- Besancon de 09h30 \u00e0 17h00.\u00a0Nous recherchons des\u00a0parents disponibles pour transporter et\/ou accompagner les \u00e9l\u00e8ves durant cette journ\u00e9e. Si disponible par demi journ\u00e9e, pr\u00e9cisez si vous pouvez faire le transport le matin ou l&rsquo;apr\u00e8s midi.<\/p>\n<p><img loading=\"lazy\" decoding=\"async\" class=\"wp-image-2707 aligncenter\" src=\"https:\/\/www.lycee-charles-nodier-ac-besancon.fr\/wordpress\/wp-content\/uploads\/2018\/10\/co-voiturage-nodier-300x223.jpg\" alt=\"\" width=\"425\" height=\"316\" srcset=\"https:\/\/www.lycee-charles-nodier-ac-besancon.fr\/wordpress\/wp-content\/uploads\/2018\/10\/co-voiturage-nodier-300x223.jpg 300w, https:\/\/www.lycee-charles-nodier-ac-besancon.fr\/wordpress\/wp-content\/uploads\/2018\/10\/co-voiturage-nodier-768x572.jpg 768w, https:\/\/www.lycee-charles-nodier-ac-besancon.fr\/wordpress\/wp-content\/uploads\/2018\/10\/co-voiturage-nodier-150x112.jpg 150w, https:\/\/www.lycee-charles-nodier-ac-besancon.fr\/wordpress\/wp-content\/uploads\/2018\/10\/co-voiturage-nodier-202x150.jpg 202w, https:\/\/www.lycee-charles-nodier-ac-besancon.fr\/wordpress\/wp-content\/uploads\/2018\/10\/co-voiturage-nodier.jpg 806w\" sizes=\"auto, (max-width: 425px) 100vw, 425px\" \/><\/p>\n<p>Merci de bien vouloir non contacter pour nous indiquer combien d&rsquo;\u00e9l\u00e8ves peuvent \u00eatre co-voitur\u00e9s \u00e0 bord de votre v\u00e9hicule.<\/p>\n<p>Pour vous inscrire, c&rsquo;est simple, cliquez sur ce lien :\u00a0<a href=\"https:\/\/www.lycee-charles-nodier-ac-besancon.fr\/wordpress\/wp-content\/uploads\/2018\/10\/questionnaire-co-voiturage.pdf\">questionnaire co-voiturage<\/a> ;\u00a0<span style=\"font-family: 'Source Sans Pro'\">remplissez le questionnaire et d\u00e9posez le dans la boite au lettre FCPE du lyc\u00e9e ou retourner le par mail : fcpe.nodier@fcpe39.fr.<\/span><\/p>\n<p>Lyc\u00e9ens, indiquez aussi votre souhait d&rsquo;y participer, m\u00eame si vous n&rsquo;avez pas encore de moyen de locomotion, par mail et sur notre page facebook :\u00a0<a href=\"https:\/\/www.facebook.com\/fcpeNodier\/\" target=\"_blank\" rel=\"noopener\">https:\/\/www.facebook.com\/fcpeNodier\/<\/a><\/p>\n<p>&nbsp;<\/p>\n<p>&nbsp;<\/p>\n","protected":false},"excerpt":{"rendered":"<p>Le samedi 19 janvier prochain aura lieu le salon de l&rsquo;\u00e9tudiant \u00e0 Micropolis- Besancon de 09h30 \u00e0 17h00.\u00a0Nous recherchons des\u00a0parents disponibles pour transporter et\/ou accompagner les \u00e9l\u00e8ves durant cette journ\u00e9e.\u2026<\/p>\n<p> <a class=\"continue-reading-link\" href=\"https:\/\/www.lycee-charles-nodier-ac-besancon.fr\/wordpress\/co-voiturage-salon-de-letudiant-19-janvier-2019\/\"><span>Lire la suite<\/span><i class=\"crycon-right-dir\"><\/i><\/a> <\/p>\n","protected":false},"author":68,"featured_media":2707,"comment_status":"closed","ping_status":"open","sticky":false,"template":"","format":"standard","meta":{"footnotes":""},"categories":[37],"tags":[127],"coauthors":[],"class_list":["post-2704","post","type-post","status-publish","format-standard","has-post-thumbnail","hentry","category-fcpe","tag-salon-de-letudiant"],"views":2205,"_links":{"self":[{"href":"https:\/\/www.lycee-charles-nodier-ac-besancon.fr\/wordpress\/wp-json\/wp\/v2\/posts\/2704","targetHints":{"allow":["GET"]}}],"collection":[{"href":"https:\/\/www.lycee-charles-nodier-ac-besancon.fr\/wordpress\/wp-json\/wp\/v2\/posts"}],"about":[{"href":"https:\/\/www.lycee-charles-nodier-ac-besancon.fr\/wordpress\/wp-json\/wp\/v2\/types\/post"}],"author":[{"embeddable":true,"href":"https:\/\/www.lycee-charles-nodier-ac-besancon.fr\/wordpress\/wp-json\/wp\/v2\/users\/68"}],"replies":[{"embeddable":true,"href":"https:\/\/www.lycee-charles-nodier-ac-besancon.fr\/wordpress\/wp-json\/wp\/v2\/comments?post=2704"}],"version-history":[{"count":7,"href":"https:\/\/www.lycee-charles-nodier-ac-besancon.fr\/wordpress\/wp-json\/wp\/v2\/posts\/2704\/revisions"}],"predecessor-version":[{"id":2738,"href":"https:\/\/www.lycee-charles-nodier-ac-besancon.fr\/wordpress\/wp-json\/wp\/v2\/posts\/2704\/revisions\/2738"}],"wp:featuredmedia":[{"embeddable":true,"href":"https:\/\/www.lycee-charles-nodier-ac-besancon.fr\/wordpress\/wp-json\/wp\/v2\/media\/2707"}],"wp:attachment":[{"href":"https:\/\/www.lycee-charles-nodier-ac-besancon.fr\/wordpress\/wp-json\/wp\/v2\/media?parent=2704"}],"wp:term":[{"taxonomy":"category","embeddable":true,"href":"https:\/\/www.lycee-charles-nodier-ac-besancon.fr\/wordpress\/wp-json\/wp\/v2\/categories?post=2704"},{"taxonomy":"post_tag","embeddable":true,"href":"https:\/\/www.lycee-charles-nodier-ac-besancon.fr\/wordpress\/wp-json\/wp\/v2\/tags?post=2704"},{"taxonomy":"author","embeddable":true,"href":"https:\/\/www.lycee-charles-nodier-ac-besancon.fr\/wordpress\/wp-json\/wp\/v2\/coauthors?post=2704"}],"curies":[{"name":"wp","href":"https:\/\/api.w.org\/{rel}","templated":true}]}}