{"id":2750,"date":"2018-11-02T11:48:49","date_gmt":"2018-11-02T10:48:49","guid":{"rendered":"http:\/\/www.lycee-charles-nodier-ac-besancon.fr\/wordpress\/?p=2750"},"modified":"2018-11-02T11:50:26","modified_gmt":"2018-11-02T10:50:26","slug":"speed-sciences-2018","status":"publish","type":"post","link":"https:\/\/www.lycee-charles-nodier-ac-besancon.fr\/wordpress\/speed-sciences-2018\/","title":{"rendered":"Speed Sciences 2018"},"content":{"rendered":"<p>Le <strong>samedi 13 octobre 2018<\/strong> deux \u00e9l\u00e8ves du <strong>Lyc\u00e9e Charles Nodier<\/strong> ont particip\u00e9 au<strong> \u201cSpeed Sciences\u201d<\/strong> \u00e0 Paris : <strong>Marion Kubat <\/strong>et <strong>Arthur Passard<\/strong>.<\/p>\n<p>Apr\u00e8s avoir compl\u00e9t\u00e9 un questionnaire en ligne, Marion et Arthur ont \u00e9t\u00e9 s\u00e9lectionn\u00e9s pour passer une journ\u00e9e \u00e0 Paris \u00e0 l<strong>\u2019Acad\u00e9mie des Sciences<\/strong>.<\/p>\n<p><img loading=\"lazy\" decoding=\"async\" class=\"size-full wp-image-2753 aligncenter\" src=\"https:\/\/www.lycee-charles-nodier-ac-besancon.fr\/wordpress\/wp-content\/uploads\/2018\/11\/IMG_20181013_095631204b.jpg\" alt=\"\" width=\"750\" height=\"1179\" srcset=\"https:\/\/www.lycee-charles-nodier-ac-besancon.fr\/wordpress\/wp-content\/uploads\/2018\/11\/IMG_20181013_095631204b.jpg 750w, https:\/\/www.lycee-charles-nodier-ac-besancon.fr\/wordpress\/wp-content\/uploads\/2018\/11\/IMG_20181013_095631204b-191x300.jpg 191w, https:\/\/www.lycee-charles-nodier-ac-besancon.fr\/wordpress\/wp-content\/uploads\/2018\/11\/IMG_20181013_095631204b-651x1024.jpg 651w, https:\/\/www.lycee-charles-nodier-ac-besancon.fr\/wordpress\/wp-content\/uploads\/2018\/11\/IMG_20181013_095631204b-95x150.jpg 95w\" sizes=\"auto, (max-width: 750px) 100vw, 750px\" \/><\/p>\n<p>&nbsp;<\/p>\n<p>La journ\u00e9e a d\u00e9marr\u00e9 dans la grande salle des s\u00e9ances par une conf\u00e9rence scientifique \u00ab\u00a0Recherche et a\u00e9ronautique\u00a0\u00bb de <strong>S\u00e9bastien Candel<\/strong>, Pr\u00e9sident de l&rsquo;Acad\u00e9mie des Sciences.<\/p>\n<table style=\"width: 100%; border-collapse: collapse;\" border=\"1\">\n<tbody>\n<tr>\n<td style=\"width: 50%;\"><img loading=\"lazy\" decoding=\"async\" class=\" wp-image-2754 aligncenter\" src=\"https:\/\/www.lycee-charles-nodier-ac-besancon.fr\/wordpress\/wp-content\/uploads\/2018\/11\/IMG_20181013_100713359b.jpg\" alt=\"\" width=\"400\" height=\"225\" srcset=\"https:\/\/www.lycee-charles-nodier-ac-besancon.fr\/wordpress\/wp-content\/uploads\/2018\/11\/IMG_20181013_100713359b.jpg 500w, https:\/\/www.lycee-charles-nodier-ac-besancon.fr\/wordpress\/wp-content\/uploads\/2018\/11\/IMG_20181013_100713359b-300x169.jpg 300w, https:\/\/www.lycee-charles-nodier-ac-besancon.fr\/wordpress\/wp-content\/uploads\/2018\/11\/IMG_20181013_100713359b-150x84.jpg 150w, https:\/\/www.lycee-charles-nodier-ac-besancon.fr\/wordpress\/wp-content\/uploads\/2018\/11\/IMG_20181013_100713359b-250x141.jpg 250w\" sizes=\"auto, (max-width: 400px) 100vw, 400px\" \/><\/td>\n<td style=\"width: 50%;\"><img loading=\"lazy\" decoding=\"async\" class=\" wp-image-2755 aligncenter\" src=\"https:\/\/www.lycee-charles-nodier-ac-besancon.fr\/wordpress\/wp-content\/uploads\/2018\/11\/IMG_20181013_100718978b.jpg\" alt=\"\" width=\"400\" height=\"225\" srcset=\"https:\/\/www.lycee-charles-nodier-ac-besancon.fr\/wordpress\/wp-content\/uploads\/2018\/11\/IMG_20181013_100718978b.jpg 500w, https:\/\/www.lycee-charles-nodier-ac-besancon.fr\/wordpress\/wp-content\/uploads\/2018\/11\/IMG_20181013_100718978b-300x169.jpg 300w, https:\/\/www.lycee-charles-nodier-ac-besancon.fr\/wordpress\/wp-content\/uploads\/2018\/11\/IMG_20181013_100718978b-150x84.jpg 150w, https:\/\/www.lycee-charles-nodier-ac-besancon.fr\/wordpress\/wp-content\/uploads\/2018\/11\/IMG_20181013_100718978b-250x141.jpg 250w\" sizes=\"auto, (max-width: 400px) 100vw, 400px\" \/><\/td>\n<\/tr>\n<\/tbody>\n<\/table>\n<p>Le fonds d&rsquo;archives de l&rsquo;Acad\u00e9mie des Sciences a \u00e9t\u00e9 pr\u00e9sent\u00e9 et expliqu\u00e9 aux \u00e9l\u00e8ves, puis aux enseignants. L&rsquo;occasion de d\u00e9couvrir des pi\u00e8ces rares&#8230;<\/p>\n<table style=\"width: 100%; border-collapse: collapse;\" border=\"1\">\n<tbody>\n<tr>\n<td style=\"width: 50%;\">L&rsquo;encyclop\u00e9die de Lavoisier :<br \/>\n<img loading=\"lazy\" decoding=\"async\" class=\" wp-image-2756 aligncenter\" src=\"https:\/\/www.lycee-charles-nodier-ac-besancon.fr\/wordpress\/wp-content\/uploads\/2018\/11\/IMG_20181013_150311462b.jpg\" alt=\"\" width=\"353\" height=\"627\" srcset=\"https:\/\/www.lycee-charles-nodier-ac-besancon.fr\/wordpress\/wp-content\/uploads\/2018\/11\/IMG_20181013_150311462b.jpg 450w, https:\/\/www.lycee-charles-nodier-ac-besancon.fr\/wordpress\/wp-content\/uploads\/2018\/11\/IMG_20181013_150311462b-169x300.jpg 169w, https:\/\/www.lycee-charles-nodier-ac-besancon.fr\/wordpress\/wp-content\/uploads\/2018\/11\/IMG_20181013_150311462b-84x150.jpg 84w\" sizes=\"auto, (max-width: 353px) 100vw, 353px\" \/><\/td>\n<td style=\"width: 50%; vertical-align: top;\">Entr\u00e9e d&rsquo;Albert Einstein \u00e0 l&rsquo;Acad\u00e9mie des Sciences :<br \/>\n<img loading=\"lazy\" decoding=\"async\" class=\"alignnone wp-image-2757\" src=\"https:\/\/www.lycee-charles-nodier-ac-besancon.fr\/wordpress\/wp-content\/uploads\/2018\/11\/IMG_20181013_154415645b.jpg\" alt=\"\" width=\"378\" height=\"541\" srcset=\"https:\/\/www.lycee-charles-nodier-ac-besancon.fr\/wordpress\/wp-content\/uploads\/2018\/11\/IMG_20181013_154415645b.jpg 450w, https:\/\/www.lycee-charles-nodier-ac-besancon.fr\/wordpress\/wp-content\/uploads\/2018\/11\/IMG_20181013_154415645b-210x300.jpg 210w, https:\/\/www.lycee-charles-nodier-ac-besancon.fr\/wordpress\/wp-content\/uploads\/2018\/11\/IMG_20181013_154415645b-105x150.jpg 105w\" sizes=\"auto, (max-width: 378px) 100vw, 378px\" \/><\/td>\n<\/tr>\n<tr>\n<td style=\"width: 50%;\">Les cahiers d&rsquo;exp\u00e9riences de Claude Bernard :<br \/>\n<img loading=\"lazy\" decoding=\"async\" class=\" wp-image-2758 aligncenter\" src=\"https:\/\/www.lycee-charles-nodier-ac-besancon.fr\/wordpress\/wp-content\/uploads\/2018\/11\/IMG_20181013_160940040b.jpg\" alt=\"\" width=\"405\" height=\"653\" srcset=\"https:\/\/www.lycee-charles-nodier-ac-besancon.fr\/wordpress\/wp-content\/uploads\/2018\/11\/IMG_20181013_160940040b.jpg 450w, https:\/\/www.lycee-charles-nodier-ac-besancon.fr\/wordpress\/wp-content\/uploads\/2018\/11\/IMG_20181013_160940040b-186x300.jpg 186w, https:\/\/www.lycee-charles-nodier-ac-besancon.fr\/wordpress\/wp-content\/uploads\/2018\/11\/IMG_20181013_160940040b-93x150.jpg 93w\" sizes=\"auto, (max-width: 405px) 100vw, 405px\" \/><\/td>\n<td style=\"width: 50%; vertical-align: top;\">Feuille d&rsquo;\u00e9margement des r\u00e9unions de l&rsquo;institut des sciences comportant la signature de Bonaparte :<br \/>\n<img loading=\"lazy\" decoding=\"async\" class=\"alignnone wp-image-2759\" src=\"https:\/\/www.lycee-charles-nodier-ac-besancon.fr\/wordpress\/wp-content\/uploads\/2018\/11\/cassanas-2018-10-13-0072b.jpg\" alt=\"\" width=\"403\" height=\"605\" srcset=\"https:\/\/www.lycee-charles-nodier-ac-besancon.fr\/wordpress\/wp-content\/uploads\/2018\/11\/cassanas-2018-10-13-0072b.jpg 450w, https:\/\/www.lycee-charles-nodier-ac-besancon.fr\/wordpress\/wp-content\/uploads\/2018\/11\/cassanas-2018-10-13-0072b-200x300.jpg 200w, https:\/\/www.lycee-charles-nodier-ac-besancon.fr\/wordpress\/wp-content\/uploads\/2018\/11\/cassanas-2018-10-13-0072b-100x150.jpg 100w\" sizes=\"auto, (max-width: 403px) 100vw, 403px\" \/><\/td>\n<\/tr>\n<\/tbody>\n<\/table>\n<p>Le buffet dinatoire a \u00e9t\u00e9 propice aux \u00e9changes et discussion avec les Acad\u00e9miciens :<\/p>\n<table style=\"width: 100%; border-collapse: collapse;\" border=\"1\">\n<tbody>\n<tr>\n<td style=\"width: 50%;\"><img loading=\"lazy\" decoding=\"async\" class=\"size-full wp-image-2761 aligncenter\" src=\"https:\/\/www.lycee-charles-nodier-ac-besancon.fr\/wordpress\/wp-content\/uploads\/2018\/11\/IMG_20181013_133843580b.jpg\" alt=\"\" width=\"400\" height=\"226\" srcset=\"https:\/\/www.lycee-charles-nodier-ac-besancon.fr\/wordpress\/wp-content\/uploads\/2018\/11\/IMG_20181013_133843580b.jpg 400w, https:\/\/www.lycee-charles-nodier-ac-besancon.fr\/wordpress\/wp-content\/uploads\/2018\/11\/IMG_20181013_133843580b-300x170.jpg 300w, https:\/\/www.lycee-charles-nodier-ac-besancon.fr\/wordpress\/wp-content\/uploads\/2018\/11\/IMG_20181013_133843580b-150x85.jpg 150w, https:\/\/www.lycee-charles-nodier-ac-besancon.fr\/wordpress\/wp-content\/uploads\/2018\/11\/IMG_20181013_133843580b-250x141.jpg 250w\" sizes=\"auto, (max-width: 400px) 100vw, 400px\" \/><\/td>\n<td style=\"width: 50%;\"><img loading=\"lazy\" decoding=\"async\" class=\"alignnone size-full wp-image-2762\" src=\"https:\/\/www.lycee-charles-nodier-ac-besancon.fr\/wordpress\/wp-content\/uploads\/2018\/11\/cassanas-2018-10-13-0104b.jpg\" alt=\"\" width=\"400\" height=\"267\" srcset=\"https:\/\/www.lycee-charles-nodier-ac-besancon.fr\/wordpress\/wp-content\/uploads\/2018\/11\/cassanas-2018-10-13-0104b.jpg 400w, https:\/\/www.lycee-charles-nodier-ac-besancon.fr\/wordpress\/wp-content\/uploads\/2018\/11\/cassanas-2018-10-13-0104b-300x200.jpg 300w, https:\/\/www.lycee-charles-nodier-ac-besancon.fr\/wordpress\/wp-content\/uploads\/2018\/11\/cassanas-2018-10-13-0104b-150x100.jpg 150w, https:\/\/www.lycee-charles-nodier-ac-besancon.fr\/wordpress\/wp-content\/uploads\/2018\/11\/cassanas-2018-10-13-0104b-225x150.jpg 225w\" sizes=\"auto, (max-width: 400px) 100vw, 400px\" \/><\/td>\n<\/tr>\n<\/tbody>\n<\/table>\n<p>L\u2019apr\u00e8s -midi Marion et Arthur ont pu rencontr\u00e9 diff\u00e9rents chercheurs lors du \u201cspeed science\u201d : 7 minutes de discussion par chercheur \u2026<\/p>\n<table style=\"width: 100%; border-collapse: collapse;\" border=\"1\">\n<tbody>\n<tr>\n<td style=\"width: 50%;\"><img loading=\"lazy\" decoding=\"async\" class=\"size-full wp-image-2764 aligncenter\" src=\"https:\/\/www.lycee-charles-nodier-ac-besancon.fr\/wordpress\/wp-content\/uploads\/2018\/11\/IMG-2018-10-13-0238b.jpg\" alt=\"\" width=\"400\" height=\"267\" srcset=\"https:\/\/www.lycee-charles-nodier-ac-besancon.fr\/wordpress\/wp-content\/uploads\/2018\/11\/IMG-2018-10-13-0238b.jpg 400w, https:\/\/www.lycee-charles-nodier-ac-besancon.fr\/wordpress\/wp-content\/uploads\/2018\/11\/IMG-2018-10-13-0238b-300x200.jpg 300w, https:\/\/www.lycee-charles-nodier-ac-besancon.fr\/wordpress\/wp-content\/uploads\/2018\/11\/IMG-2018-10-13-0238b-150x100.jpg 150w, https:\/\/www.lycee-charles-nodier-ac-besancon.fr\/wordpress\/wp-content\/uploads\/2018\/11\/IMG-2018-10-13-0238b-225x150.jpg 225w\" sizes=\"auto, (max-width: 400px) 100vw, 400px\" \/><\/td>\n<td style=\"width: 50%;\"><img loading=\"lazy\" decoding=\"async\" class=\"size-full wp-image-2763 aligncenter\" src=\"https:\/\/www.lycee-charles-nodier-ac-besancon.fr\/wordpress\/wp-content\/uploads\/2018\/11\/IMG-2018-10-13-0259b.jpg\" alt=\"\" width=\"400\" height=\"267\" srcset=\"https:\/\/www.lycee-charles-nodier-ac-besancon.fr\/wordpress\/wp-content\/uploads\/2018\/11\/IMG-2018-10-13-0259b.jpg 400w, https:\/\/www.lycee-charles-nodier-ac-besancon.fr\/wordpress\/wp-content\/uploads\/2018\/11\/IMG-2018-10-13-0259b-300x200.jpg 300w, https:\/\/www.lycee-charles-nodier-ac-besancon.fr\/wordpress\/wp-content\/uploads\/2018\/11\/IMG-2018-10-13-0259b-150x100.jpg 150w, https:\/\/www.lycee-charles-nodier-ac-besancon.fr\/wordpress\/wp-content\/uploads\/2018\/11\/IMG-2018-10-13-0259b-225x150.jpg 225w\" sizes=\"auto, (max-width: 400px) 100vw, 400px\" \/><\/td>\n<\/tr>\n<\/tbody>\n<\/table>\n<p>Cette belle journ\u00e9e a \u00e9t\u00e9 riche en \u00e9motion, \u00e9changes, discussions avec des Acad\u00e9miciens passionn\u00e9s.<\/p>\n<p style=\"text-align: center;\"><img loading=\"lazy\" decoding=\"async\" class=\"aligncenter wp-image-2751 size-full\" src=\"https:\/\/www.lycee-charles-nodier-ac-besancon.fr\/wordpress\/wp-content\/uploads\/2018\/11\/2018-10-13-0112b.jpg\" alt=\"\" width=\"1000\" height=\"500\" srcset=\"https:\/\/www.lycee-charles-nodier-ac-besancon.fr\/wordpress\/wp-content\/uploads\/2018\/11\/2018-10-13-0112b.jpg 1000w, https:\/\/www.lycee-charles-nodier-ac-besancon.fr\/wordpress\/wp-content\/uploads\/2018\/11\/2018-10-13-0112b-300x150.jpg 300w, https:\/\/www.lycee-charles-nodier-ac-besancon.fr\/wordpress\/wp-content\/uploads\/2018\/11\/2018-10-13-0112b-768x384.jpg 768w, https:\/\/www.lycee-charles-nodier-ac-besancon.fr\/wordpress\/wp-content\/uploads\/2018\/11\/2018-10-13-0112b-150x75.jpg 150w, https:\/\/www.lycee-charles-nodier-ac-besancon.fr\/wordpress\/wp-content\/uploads\/2018\/11\/2018-10-13-0112b-250x125.jpg 250w\" sizes=\"auto, (max-width: 1000px) 100vw, 1000px\" \/>Photo des Acad\u00e9miciens accompagn\u00e9s des \u00e9l\u00e8ves et professeurs participants.<\/p>\n<p>&nbsp;<\/p>\n","protected":false},"excerpt":{"rendered":"<p>Le samedi 13 octobre 2018 deux \u00e9l\u00e8ves du Lyc\u00e9e Charles Nodier ont particip\u00e9 au \u201cSpeed Sciences\u201d \u00e0 Paris : Marion Kubat et Arthur Passard. Apr\u00e8s avoir compl\u00e9t\u00e9 un questionnaire en\u2026<\/p>\n<p> <a class=\"continue-reading-link\" href=\"https:\/\/www.lycee-charles-nodier-ac-besancon.fr\/wordpress\/speed-sciences-2018\/\"><span>Lire la suite<\/span><i class=\"crycon-right-dir\"><\/i><\/a> <\/p>\n","protected":false},"author":2,"featured_media":2765,"comment_status":"closed","ping_status":"open","sticky":false,"template":"","format":"standard","meta":{"footnotes":""},"categories":[34,51],"tags":[],"coauthors":[],"class_list":["post-2750","post","type-post","status-publish","format-standard","has-post-thumbnail","hentry","category-activites_concours","category-svt"],"views":4371,"_links":{"self":[{"href":"https:\/\/www.lycee-charles-nodier-ac-besancon.fr\/wordpress\/wp-json\/wp\/v2\/posts\/2750","targetHints":{"allow":["GET"]}}],"collection":[{"href":"https:\/\/www.lycee-charles-nodier-ac-besancon.fr\/wordpress\/wp-json\/wp\/v2\/posts"}],"about":[{"href":"https:\/\/www.lycee-charles-nodier-ac-besancon.fr\/wordpress\/wp-json\/wp\/v2\/types\/post"}],"author":[{"embeddable":true,"href":"https:\/\/www.lycee-charles-nodier-ac-besancon.fr\/wordpress\/wp-json\/wp\/v2\/users\/2"}],"replies":[{"embeddable":true,"href":"https:\/\/www.lycee-charles-nodier-ac-besancon.fr\/wordpress\/wp-json\/wp\/v2\/comments?post=2750"}],"version-history":[{"count":5,"href":"https:\/\/www.lycee-charles-nodier-ac-besancon.fr\/wordpress\/wp-json\/wp\/v2\/posts\/2750\/revisions"}],"predecessor-version":[{"id":2768,"href":"https:\/\/www.lycee-charles-nodier-ac-besancon.fr\/wordpress\/wp-json\/wp\/v2\/posts\/2750\/revisions\/2768"}],"wp:featuredmedia":[{"embeddable":true,"href":"https:\/\/www.lycee-charles-nodier-ac-besancon.fr\/wordpress\/wp-json\/wp\/v2\/media\/2765"}],"wp:attachment":[{"href":"https:\/\/www.lycee-charles-nodier-ac-besancon.fr\/wordpress\/wp-json\/wp\/v2\/media?parent=2750"}],"wp:term":[{"taxonomy":"category","embeddable":true,"href":"https:\/\/www.lycee-charles-nodier-ac-besancon.fr\/wordpress\/wp-json\/wp\/v2\/categories?post=2750"},{"taxonomy":"post_tag","embeddable":true,"href":"https:\/\/www.lycee-charles-nodier-ac-besancon.fr\/wordpress\/wp-json\/wp\/v2\/tags?post=2750"},{"taxonomy":"author","embeddable":true,"href":"https:\/\/www.lycee-charles-nodier-ac-besancon.fr\/wordpress\/wp-json\/wp\/v2\/coauthors?post=2750"}],"curies":[{"name":"wp","href":"https:\/\/api.w.org\/{rel}","templated":true}]}}