{"id":2779,"date":"2018-11-12T11:47:29","date_gmt":"2018-11-12T10:47:29","guid":{"rendered":"http:\/\/www.lycee-charles-nodier-ac-besancon.fr\/wordpress\/?p=2779"},"modified":"2018-11-25T13:37:49","modified_gmt":"2018-11-25T12:37:49","slug":"mois-du-film-documentaire","status":"publish","type":"post","link":"https:\/\/www.lycee-charles-nodier-ac-besancon.fr\/wordpress\/mois-du-film-documentaire\/","title":{"rendered":"Mois du film documentaire"},"content":{"rendered":"<p>Dans le cadre du <em>Mois du film documentaire<\/em> les \u00e9l\u00e8ves de la classe de 1\u00e8re sp\u00e9cialit\u00e9 arts plastiques viennent de tourner un film sur la formation Design du lyc\u00e9e Duhamel.<\/p>\n<p><img loading=\"lazy\" decoding=\"async\" class=\"size-full wp-image-2781 aligncenter\" src=\"https:\/\/www.lycee-charles-nodier-ac-besancon.fr\/wordpress\/wp-content\/uploads\/2018\/11\/mois1.jpg\" alt=\"\" width=\"850\" height=\"843\" srcset=\"https:\/\/www.lycee-charles-nodier-ac-besancon.fr\/wordpress\/wp-content\/uploads\/2018\/11\/mois1.jpg 850w, https:\/\/www.lycee-charles-nodier-ac-besancon.fr\/wordpress\/wp-content\/uploads\/2018\/11\/mois1-150x150.jpg 150w, https:\/\/www.lycee-charles-nodier-ac-besancon.fr\/wordpress\/wp-content\/uploads\/2018\/11\/mois1-300x298.jpg 300w, https:\/\/www.lycee-charles-nodier-ac-besancon.fr\/wordpress\/wp-content\/uploads\/2018\/11\/mois1-768x762.jpg 768w, https:\/\/www.lycee-charles-nodier-ac-besancon.fr\/wordpress\/wp-content\/uploads\/2018\/11\/mois1-151x150.jpg 151w\" sizes=\"auto, (max-width: 850px) 100vw, 850px\" \/><\/p>\n<p>Ce dernier sera projet\u00e9 au<strong> Cin\u00e9ma Les Tanneurs<\/strong> <strong>le jeudi 15 novembre \u00e0 20h, <\/strong>en 1\u00e8re partie du film d&rsquo;Agn\u00e8s Varda et JR, <em>Visages Villages. <\/em><\/p>\n<p>Venez nombreux !<\/p>\n<p>Vous trouverez ci-dessous la vid\u00e9o :<\/p>\n<p><span style=\"font-family: 'Source Sans Pro';\">\n<!-- iframe plugin v.6.0 wordpress.org\/plugins\/iframe\/ -->\n<iframe loading=\"lazy\" width=\"800\" height=\"450\" src=\"https:\/\/www.youtube.com\/embed\/OIpUnGCFP5g\" frameborder=\"0\" allow=\"accelerometer; autoplay; encrypted-media; gyroscope; picture-in-picture\" 0=\"allowfullscreen\" scrolling=\"yes\" class=\"iframe-class\"><\/iframe>\n<\/span><\/p>\n","protected":false},"excerpt":{"rendered":"<p>Dans le cadre du Mois du film documentaire les \u00e9l\u00e8ves de la classe de 1\u00e8re sp\u00e9cialit\u00e9 arts plastiques viennent de tourner un film sur la formation Design du lyc\u00e9e Duhamel.\u2026<\/p>\n<p> <a class=\"continue-reading-link\" href=\"https:\/\/www.lycee-charles-nodier-ac-besancon.fr\/wordpress\/mois-du-film-documentaire\/\"><span>Lire la suite<\/span><i class=\"crycon-right-dir\"><\/i><\/a> <\/p>\n","protected":false},"author":2,"featured_media":2780,"comment_status":"closed","ping_status":"open","sticky":false,"template":"","format":"standard","meta":{"footnotes":""},"categories":[34,65],"tags":[],"coauthors":[],"class_list":["post-2779","post","type-post","status-publish","format-standard","has-post-thumbnail","hentry","category-activites_concours","category-arts_plastiques"],"views":2842,"_links":{"self":[{"href":"https:\/\/www.lycee-charles-nodier-ac-besancon.fr\/wordpress\/wp-json\/wp\/v2\/posts\/2779","targetHints":{"allow":["GET"]}}],"collection":[{"href":"https:\/\/www.lycee-charles-nodier-ac-besancon.fr\/wordpress\/wp-json\/wp\/v2\/posts"}],"about":[{"href":"https:\/\/www.lycee-charles-nodier-ac-besancon.fr\/wordpress\/wp-json\/wp\/v2\/types\/post"}],"author":[{"embeddable":true,"href":"https:\/\/www.lycee-charles-nodier-ac-besancon.fr\/wordpress\/wp-json\/wp\/v2\/users\/2"}],"replies":[{"embeddable":true,"href":"https:\/\/www.lycee-charles-nodier-ac-besancon.fr\/wordpress\/wp-json\/wp\/v2\/comments?post=2779"}],"version-history":[{"count":3,"href":"https:\/\/www.lycee-charles-nodier-ac-besancon.fr\/wordpress\/wp-json\/wp\/v2\/posts\/2779\/revisions"}],"predecessor-version":[{"id":2807,"href":"https:\/\/www.lycee-charles-nodier-ac-besancon.fr\/wordpress\/wp-json\/wp\/v2\/posts\/2779\/revisions\/2807"}],"wp:featuredmedia":[{"embeddable":true,"href":"https:\/\/www.lycee-charles-nodier-ac-besancon.fr\/wordpress\/wp-json\/wp\/v2\/media\/2780"}],"wp:attachment":[{"href":"https:\/\/www.lycee-charles-nodier-ac-besancon.fr\/wordpress\/wp-json\/wp\/v2\/media?parent=2779"}],"wp:term":[{"taxonomy":"category","embeddable":true,"href":"https:\/\/www.lycee-charles-nodier-ac-besancon.fr\/wordpress\/wp-json\/wp\/v2\/categories?post=2779"},{"taxonomy":"post_tag","embeddable":true,"href":"https:\/\/www.lycee-charles-nodier-ac-besancon.fr\/wordpress\/wp-json\/wp\/v2\/tags?post=2779"},{"taxonomy":"author","embeddable":true,"href":"https:\/\/www.lycee-charles-nodier-ac-besancon.fr\/wordpress\/wp-json\/wp\/v2\/coauthors?post=2779"}],"curies":[{"name":"wp","href":"https:\/\/api.w.org\/{rel}","templated":true}]}}