{"id":2798,"date":"2018-11-21T15:09:57","date_gmt":"2018-11-21T14:09:57","guid":{"rendered":"http:\/\/www.lycee-charles-nodier-ac-besancon.fr\/wordpress\/?p=2798"},"modified":"2018-11-21T15:09:57","modified_gmt":"2018-11-21T14:09:57","slug":"forum-etudiants-lyceens-2018","status":"publish","type":"post","link":"https:\/\/www.lycee-charles-nodier-ac-besancon.fr\/wordpress\/forum-etudiants-lyceens-2018\/","title":{"rendered":"Forum \u00e9tudiants \/ lyc\u00e9ens 2018"},"content":{"rendered":"<p><img loading=\"lazy\" decoding=\"async\" class=\"size-full wp-image-2799 aligncenter\" src=\"https:\/\/www.lycee-charles-nodier-ac-besancon.fr\/wordpress\/wp-content\/uploads\/2018\/11\/forum2018.png\" alt=\"\" width=\"1100\" height=\"350\" srcset=\"https:\/\/www.lycee-charles-nodier-ac-besancon.fr\/wordpress\/wp-content\/uploads\/2018\/11\/forum2018.png 1100w, https:\/\/www.lycee-charles-nodier-ac-besancon.fr\/wordpress\/wp-content\/uploads\/2018\/11\/forum2018-300x95.png 300w, https:\/\/www.lycee-charles-nodier-ac-besancon.fr\/wordpress\/wp-content\/uploads\/2018\/11\/forum2018-768x244.png 768w, https:\/\/www.lycee-charles-nodier-ac-besancon.fr\/wordpress\/wp-content\/uploads\/2018\/11\/forum2018-1024x326.png 1024w, https:\/\/www.lycee-charles-nodier-ac-besancon.fr\/wordpress\/wp-content\/uploads\/2018\/11\/forum2018-150x48.png 150w, https:\/\/www.lycee-charles-nodier-ac-besancon.fr\/wordpress\/wp-content\/uploads\/2018\/11\/forum2018-250x80.png 250w\" sizes=\"auto, (max-width: 1100px) 100vw, 1100px\" \/><\/p>\n<p>Le forum \u00e9tudiants \/ lyc\u00e9ens revient pour la 6\u00e8me ann\u00e9e !<\/p>\n<p>Il aura lieu le <strong>vendredi 21 d\u00e9cembre prochain de 13h30 \u00e0 17h30<\/strong> (accueil d\u00e8s 13h) au lyc\u00e9e (b\u00e2timent Charit\u00e9).<br \/>\nNous comptons donc sur votre participation pour confirmer le succ\u00e8s de cette rencontre.<\/p>\n<p>Vous \u00eates ancien(ne) \u00e9l\u00e8ve du lyc\u00e9e, \u00e9tudiant(e) (au moins en 2\u00e8me ann\u00e9e) ou jeune actif, venez partager votre exp\u00e9rience avec des lyc\u00e9ens lors de notre forum du 21 d\u00e9cembre prochain !<\/p>\n<p>Confirmez-nous votre participation en remplissant le <strong>formulaire en ligne<\/strong> (avant le 11 d\u00e9cembre) :\u00a0 <a href=\"https:\/\/docs.google.com\/forms\/d\/e\/1FAIpQLSeZfBLatuId5Qcn-WGd2QkLd5fbhA67fAbK1Z5-t9u58us1PQ\/viewform\" target=\"_blank\" rel=\"noopener\">https:\/\/docs.google.com\/forms\/d\/e\/1FAIpQLSeZfBLatuId5Qcn-WGd2QkLd5fbhA67fAbK1Z5-t9u58us1PQ\/viewform<\/a><\/p>\n<p>Pour tous renseignements : <a href=\"mailto:Nodebook.events@gmail.com\">Nodebook.events@gmail.com<\/a><\/p>\n<p>N\u2019h\u00e9sitez pas \u00e0 partager autour de vous notre \u00e9v\u00e8nement :\u00a0<a href=\"https:\/\/www.facebook.com\/events\/181398839465772\/\" target=\"_blank\" rel=\"noopener\">https:\/\/www.facebook.com\/events\/181398839465772\/<\/a><\/p>\n","protected":false},"excerpt":{"rendered":"<p>Le forum \u00e9tudiants \/ lyc\u00e9ens revient pour la 6\u00e8me ann\u00e9e ! Il aura lieu le vendredi 21 d\u00e9cembre prochain de 13h30 \u00e0 17h30 (accueil d\u00e8s 13h) au lyc\u00e9e (b\u00e2timent Charit\u00e9).\u2026<\/p>\n<p> <a class=\"continue-reading-link\" href=\"https:\/\/www.lycee-charles-nodier-ac-besancon.fr\/wordpress\/forum-etudiants-lyceens-2018\/\"><span>Lire la suite<\/span><i class=\"crycon-right-dir\"><\/i><\/a> <\/p>\n","protected":false},"author":2,"featured_media":2799,"comment_status":"closed","ping_status":"open","sticky":false,"template":"","format":"standard","meta":{"footnotes":""},"categories":[17,92,81,24,91],"tags":[],"coauthors":[],"class_list":["post-2798","post","type-post","status-publish","format-standard","has-post-thumbnail","hentry","category-actualite","category-eleves","category-les-anciens-de-nodier","category-orientation_postbac","category-parents"],"views":2353,"_links":{"self":[{"href":"https:\/\/www.lycee-charles-nodier-ac-besancon.fr\/wordpress\/wp-json\/wp\/v2\/posts\/2798","targetHints":{"allow":["GET"]}}],"collection":[{"href":"https:\/\/www.lycee-charles-nodier-ac-besancon.fr\/wordpress\/wp-json\/wp\/v2\/posts"}],"about":[{"href":"https:\/\/www.lycee-charles-nodier-ac-besancon.fr\/wordpress\/wp-json\/wp\/v2\/types\/post"}],"author":[{"embeddable":true,"href":"https:\/\/www.lycee-charles-nodier-ac-besancon.fr\/wordpress\/wp-json\/wp\/v2\/users\/2"}],"replies":[{"embeddable":true,"href":"https:\/\/www.lycee-charles-nodier-ac-besancon.fr\/wordpress\/wp-json\/wp\/v2\/comments?post=2798"}],"version-history":[{"count":1,"href":"https:\/\/www.lycee-charles-nodier-ac-besancon.fr\/wordpress\/wp-json\/wp\/v2\/posts\/2798\/revisions"}],"predecessor-version":[{"id":2800,"href":"https:\/\/www.lycee-charles-nodier-ac-besancon.fr\/wordpress\/wp-json\/wp\/v2\/posts\/2798\/revisions\/2800"}],"wp:featuredmedia":[{"embeddable":true,"href":"https:\/\/www.lycee-charles-nodier-ac-besancon.fr\/wordpress\/wp-json\/wp\/v2\/media\/2799"}],"wp:attachment":[{"href":"https:\/\/www.lycee-charles-nodier-ac-besancon.fr\/wordpress\/wp-json\/wp\/v2\/media?parent=2798"}],"wp:term":[{"taxonomy":"category","embeddable":true,"href":"https:\/\/www.lycee-charles-nodier-ac-besancon.fr\/wordpress\/wp-json\/wp\/v2\/categories?post=2798"},{"taxonomy":"post_tag","embeddable":true,"href":"https:\/\/www.lycee-charles-nodier-ac-besancon.fr\/wordpress\/wp-json\/wp\/v2\/tags?post=2798"},{"taxonomy":"author","embeddable":true,"href":"https:\/\/www.lycee-charles-nodier-ac-besancon.fr\/wordpress\/wp-json\/wp\/v2\/coauthors?post=2798"}],"curies":[{"name":"wp","href":"https:\/\/api.w.org\/{rel}","templated":true}]}}