{"id":305,"date":"2024-03-21T13:33:00","date_gmt":"2024-03-21T12:33:00","guid":{"rendered":"http:\/\/www.lycee-charles-nodier-ac-besancon.fr\/wordpress\/?p=305"},"modified":"2024-03-21T15:23:32","modified_gmt":"2024-03-21T14:23:32","slug":"bourses-denseignement-superieur","status":"publish","type":"post","link":"https:\/\/www.lycee-charles-nodier-ac-besancon.fr\/wordpress\/bourses-denseignement-superieur\/","title":{"rendered":"Bourses d&rsquo;enseignement sup\u00e9rieur 2024-2025"},"content":{"rendered":"<p>La campagne de demande de bourse et de logement pour l\u2019ann\u00e9e universitaire 2024-2025 <span style=\"color: #ff0000;\"><strong>s&rsquo;ach\u00e8vera le 31 mai 2024<\/strong><\/span>.<\/p>\n<p>Les \u00e9l\u00e8ves de terminale doivent effectuer AU PREALABLE leur inscription sur PARCOURSUP qui g\u00e9n\u00e8rera automatiquement un compte sur le portail messervices.etudiant.gouv.fr<\/p>\n<p><img loading=\"lazy\" decoding=\"async\" class=\"size-full wp-image-6138 aligncenter\" src=\"https:\/\/www.lycee-charles-nodier-ac-besancon.fr\/wordpress\/wp-content\/uploads\/2020\/01\/Flyer-CROUS-2024-2025.jpg\" alt=\"\" width=\"758\" height=\"1059\" srcset=\"https:\/\/www.lycee-charles-nodier-ac-besancon.fr\/wordpress\/wp-content\/uploads\/2020\/01\/Flyer-CROUS-2024-2025.jpg 758w, https:\/\/www.lycee-charles-nodier-ac-besancon.fr\/wordpress\/wp-content\/uploads\/2020\/01\/Flyer-CROUS-2024-2025-215x300.jpg 215w, https:\/\/www.lycee-charles-nodier-ac-besancon.fr\/wordpress\/wp-content\/uploads\/2020\/01\/Flyer-CROUS-2024-2025-733x1024.jpg 733w, https:\/\/www.lycee-charles-nodier-ac-besancon.fr\/wordpress\/wp-content\/uploads\/2020\/01\/Flyer-CROUS-2024-2025-107x150.jpg 107w\" sizes=\"auto, (max-width: 758px) 100vw, 758px\" \/><\/p>\n","protected":false},"excerpt":{"rendered":"<p>La campagne de demande de bourse et de logement pour l\u2019ann\u00e9e universitaire 2024-2025 s&rsquo;ach\u00e8vera le 31 mai 2024. Les \u00e9l\u00e8ves de terminale doivent effectuer AU PREALABLE leur inscription sur PARCOURSUP\u2026<\/p>\n<p> <a class=\"continue-reading-link\" href=\"https:\/\/www.lycee-charles-nodier-ac-besancon.fr\/wordpress\/bourses-denseignement-superieur\/\"><span>Lire la suite<\/span><i class=\"crycon-right-dir\"><\/i><\/a> <\/p>\n","protected":false},"author":2,"featured_media":306,"comment_status":"closed","ping_status":"open","sticky":false,"template":"","format":"standard","meta":{"footnotes":""},"categories":[18,92,91],"tags":[],"coauthors":[164],"class_list":["post-305","post","type-post","status-publish","format-standard","has-post-thumbnail","hentry","category-bourses","category-eleves","category-parents"],"views":3919,"_links":{"self":[{"href":"https:\/\/www.lycee-charles-nodier-ac-besancon.fr\/wordpress\/wp-json\/wp\/v2\/posts\/305","targetHints":{"allow":["GET"]}}],"collection":[{"href":"https:\/\/www.lycee-charles-nodier-ac-besancon.fr\/wordpress\/wp-json\/wp\/v2\/posts"}],"about":[{"href":"https:\/\/www.lycee-charles-nodier-ac-besancon.fr\/wordpress\/wp-json\/wp\/v2\/types\/post"}],"author":[{"embeddable":true,"href":"https:\/\/www.lycee-charles-nodier-ac-besancon.fr\/wordpress\/wp-json\/wp\/v2\/users\/2"}],"replies":[{"embeddable":true,"href":"https:\/\/www.lycee-charles-nodier-ac-besancon.fr\/wordpress\/wp-json\/wp\/v2\/comments?post=305"}],"version-history":[{"count":8,"href":"https:\/\/www.lycee-charles-nodier-ac-besancon.fr\/wordpress\/wp-json\/wp\/v2\/posts\/305\/revisions"}],"predecessor-version":[{"id":6140,"href":"https:\/\/www.lycee-charles-nodier-ac-besancon.fr\/wordpress\/wp-json\/wp\/v2\/posts\/305\/revisions\/6140"}],"wp:featuredmedia":[{"embeddable":true,"href":"https:\/\/www.lycee-charles-nodier-ac-besancon.fr\/wordpress\/wp-json\/wp\/v2\/media\/306"}],"wp:attachment":[{"href":"https:\/\/www.lycee-charles-nodier-ac-besancon.fr\/wordpress\/wp-json\/wp\/v2\/media?parent=305"}],"wp:term":[{"taxonomy":"category","embeddable":true,"href":"https:\/\/www.lycee-charles-nodier-ac-besancon.fr\/wordpress\/wp-json\/wp\/v2\/categories?post=305"},{"taxonomy":"post_tag","embeddable":true,"href":"https:\/\/www.lycee-charles-nodier-ac-besancon.fr\/wordpress\/wp-json\/wp\/v2\/tags?post=305"},{"taxonomy":"author","embeddable":true,"href":"https:\/\/www.lycee-charles-nodier-ac-besancon.fr\/wordpress\/wp-json\/wp\/v2\/coauthors?post=305"}],"curies":[{"name":"wp","href":"https:\/\/api.w.org\/{rel}","templated":true}]}}