{"id":323,"date":"2016-05-23T18:02:20","date_gmt":"2016-05-23T16:02:20","guid":{"rendered":"http:\/\/www.lycee-charles-nodier-ac-besancon.fr\/wordpress\/?p=323"},"modified":"2016-07-29T15:28:21","modified_gmt":"2016-07-29T13:28:21","slug":"experimentarium","status":"publish","type":"post","link":"https:\/\/www.lycee-charles-nodier-ac-besancon.fr\/wordpress\/experimentarium\/","title":{"rendered":"Exp\u00e9rimentarium"},"content":{"rendered":"<p>De jeunes chercheurs sont venus \u00e0 la rencontre de 3 classes de premi\u00e8res \u00e0 Nodier \u00e0 l\u2019occasion du 1er festival national des Experimentarium.<\/p>\n<p style=\"text-align: center;\"><img loading=\"lazy\" decoding=\"async\" class=\"size-full wp-image-325 aligncenter\" src=\"https:\/\/www.lycee-charles-nodier-ac-besancon.fr\/wordpress\/wp-content\/uploads\/2016\/07\/experimentarium.jpg\" alt=\"experimentarium\" width=\"233\" height=\"334\" srcset=\"https:\/\/www.lycee-charles-nodier-ac-besancon.fr\/wordpress\/wp-content\/uploads\/2016\/07\/experimentarium.jpg 233w, https:\/\/www.lycee-charles-nodier-ac-besancon.fr\/wordpress\/wp-content\/uploads\/2016\/07\/experimentarium-209x300.jpg 209w\" sizes=\"auto, (max-width: 233px) 100vw, 233px\" \/><\/p>\n<p>Pour exemple, la classe de premi\u00e8re S1 a pu c\u00f4toyer 5 jeunes chercheurs pendant deux heures\u00a0: par petits groupes de huit \u00e9l\u00e8ves, ils ont pu d\u00e9couvrir les recherches et le parcours men\u00e9s par ces chercheurs. Par un jeu de questions-r\u00e9ponses le dialogue s\u2019est tr\u00e8s vite install\u00e9 entre les intervenants et les \u00e9l\u00e8ves qui sont ressortis enchant\u00e9s de leur exp\u00e9rience.<\/p>\n<p>Les chercheurs ont \u00e9t\u00e9 heureux \u00e9galement de partager leur savoir avec des \u00e9l\u00e8ves r\u00e9ceptifs.<\/p>\n<p>Une action \u00e0 renouveler\u00a0!<\/p>\n","protected":false},"excerpt":{"rendered":"<p>De jeunes chercheurs sont venus \u00e0 la rencontre de 3 classes de premi\u00e8res \u00e0 Nodier \u00e0 l\u2019occasion du 1er festival national des Experimentarium. Pour exemple, la classe de premi\u00e8re S1\u2026<\/p>\n<p> <a class=\"continue-reading-link\" href=\"https:\/\/www.lycee-charles-nodier-ac-besancon.fr\/wordpress\/experimentarium\/\"><span>Lire la suite<\/span><i class=\"crycon-right-dir\"><\/i><\/a> <\/p>\n","protected":false},"author":2,"featured_media":324,"comment_status":"closed","ping_status":"open","sticky":false,"template":"","format":"standard","meta":{"footnotes":""},"categories":[34,51],"tags":[],"coauthors":[],"class_list":["post-323","post","type-post","status-publish","format-standard","has-post-thumbnail","hentry","category-activites_concours","category-svt"],"views":2447,"_links":{"self":[{"href":"https:\/\/www.lycee-charles-nodier-ac-besancon.fr\/wordpress\/wp-json\/wp\/v2\/posts\/323","targetHints":{"allow":["GET"]}}],"collection":[{"href":"https:\/\/www.lycee-charles-nodier-ac-besancon.fr\/wordpress\/wp-json\/wp\/v2\/posts"}],"about":[{"href":"https:\/\/www.lycee-charles-nodier-ac-besancon.fr\/wordpress\/wp-json\/wp\/v2\/types\/post"}],"author":[{"embeddable":true,"href":"https:\/\/www.lycee-charles-nodier-ac-besancon.fr\/wordpress\/wp-json\/wp\/v2\/users\/2"}],"replies":[{"embeddable":true,"href":"https:\/\/www.lycee-charles-nodier-ac-besancon.fr\/wordpress\/wp-json\/wp\/v2\/comments?post=323"}],"version-history":[{"count":2,"href":"https:\/\/www.lycee-charles-nodier-ac-besancon.fr\/wordpress\/wp-json\/wp\/v2\/posts\/323\/revisions"}],"predecessor-version":[{"id":327,"href":"https:\/\/www.lycee-charles-nodier-ac-besancon.fr\/wordpress\/wp-json\/wp\/v2\/posts\/323\/revisions\/327"}],"wp:featuredmedia":[{"embeddable":true,"href":"https:\/\/www.lycee-charles-nodier-ac-besancon.fr\/wordpress\/wp-json\/wp\/v2\/media\/324"}],"wp:attachment":[{"href":"https:\/\/www.lycee-charles-nodier-ac-besancon.fr\/wordpress\/wp-json\/wp\/v2\/media?parent=323"}],"wp:term":[{"taxonomy":"category","embeddable":true,"href":"https:\/\/www.lycee-charles-nodier-ac-besancon.fr\/wordpress\/wp-json\/wp\/v2\/categories?post=323"},{"taxonomy":"post_tag","embeddable":true,"href":"https:\/\/www.lycee-charles-nodier-ac-besancon.fr\/wordpress\/wp-json\/wp\/v2\/tags?post=323"},{"taxonomy":"author","embeddable":true,"href":"https:\/\/www.lycee-charles-nodier-ac-besancon.fr\/wordpress\/wp-json\/wp\/v2\/coauthors?post=323"}],"curies":[{"name":"wp","href":"https:\/\/api.w.org\/{rel}","templated":true}]}}