{"id":368,"date":"2015-03-13T09:59:41","date_gmt":"2015-03-13T08:59:41","guid":{"rendered":"http:\/\/www.lycee-charles-nodier-ac-besancon.fr\/wordpress\/?p=368"},"modified":"2016-07-29T15:20:54","modified_gmt":"2016-07-29T13:20:54","slug":"olympiades-de-la-chimie-2015","status":"publish","type":"post","link":"https:\/\/www.lycee-charles-nodier-ac-besancon.fr\/wordpress\/olympiades-de-la-chimie-2015\/","title":{"rendered":"Olympiades de la chimie 2015"},"content":{"rendered":"<p>Comme chaque ann\u00e9e, quelques \u00e9l\u00e8ves du lyc\u00e9e Nodier ont particip\u00e9 au concours r\u00e9gional des olympiades de la chimie qui a eu lieu le mercredi 11 mars 2015 \u00e0 Besan\u00e7on.<\/p>\n<p>A la suite de trois TP pr\u00e9paratoires sur le th\u00e8me \u00ab\u00a0Chimie et \u00e9nergie\u00a0\u00bb, onze \u00e9l\u00e8ves de premi\u00e8re S et de terminale S du lyc\u00e9e ont travaill\u00e9 sur une \u00e9preuve individuelle et pratique de 3h.<br \/>\nApr\u00e8s un premier classement, les six meilleurs candidats se sont associ\u00e9s en trin\u00f4mes pour mener \u00e0 bien une \u00e9preuve de r\u00e9flexion collaborative qui visait \u00e0 r\u00e9soudre un probl\u00e8me scientifique du monde de la recherche.<br \/>\nChlo\u00e9 HINSCHBERGER a \u00e9t\u00e9 qualifi\u00e9e deuxi\u00e8me laur\u00e9ate du concours r\u00e9gional.<\/p>\n<p style=\"text-align: center;\"><img loading=\"lazy\" decoding=\"async\" class=\"size-full wp-image-370 aligncenter\" src=\"https:\/\/www.lycee-charles-nodier-ac-besancon.fr\/wordpress\/wp-content\/uploads\/2016\/07\/wp_20150311_004.jpg\" alt=\"wp_20150311_004\" width=\"600\" height=\"336\" srcset=\"https:\/\/www.lycee-charles-nodier-ac-besancon.fr\/wordpress\/wp-content\/uploads\/2016\/07\/wp_20150311_004.jpg 600w, https:\/\/www.lycee-charles-nodier-ac-besancon.fr\/wordpress\/wp-content\/uploads\/2016\/07\/wp_20150311_004-300x168.jpg 300w\" sizes=\"auto, (max-width: 600px) 100vw, 600px\" \/><\/p>\n<p>F\u00e9licitation \u00e0 cette jeune chimiste\u00a0!<\/p>\n","protected":false},"excerpt":{"rendered":"<p>Comme chaque ann\u00e9e, quelques \u00e9l\u00e8ves du lyc\u00e9e Nodier ont particip\u00e9 au concours r\u00e9gional des olympiades de la chimie qui a eu lieu le mercredi 11 mars 2015 \u00e0 Besan\u00e7on. A\u2026<\/p>\n<p> <a class=\"continue-reading-link\" href=\"https:\/\/www.lycee-charles-nodier-ac-besancon.fr\/wordpress\/olympiades-de-la-chimie-2015\/\"><span>Lire la suite<\/span><i class=\"crycon-right-dir\"><\/i><\/a> <\/p>\n","protected":false},"author":2,"featured_media":369,"comment_status":"closed","ping_status":"open","sticky":false,"template":"","format":"standard","meta":{"footnotes":""},"categories":[34,54],"tags":[],"coauthors":[],"class_list":["post-368","post","type-post","status-publish","format-standard","has-post-thumbnail","hentry","category-activites_concours","category-physique_chimie"],"views":2664,"_links":{"self":[{"href":"https:\/\/www.lycee-charles-nodier-ac-besancon.fr\/wordpress\/wp-json\/wp\/v2\/posts\/368","targetHints":{"allow":["GET"]}}],"collection":[{"href":"https:\/\/www.lycee-charles-nodier-ac-besancon.fr\/wordpress\/wp-json\/wp\/v2\/posts"}],"about":[{"href":"https:\/\/www.lycee-charles-nodier-ac-besancon.fr\/wordpress\/wp-json\/wp\/v2\/types\/post"}],"author":[{"embeddable":true,"href":"https:\/\/www.lycee-charles-nodier-ac-besancon.fr\/wordpress\/wp-json\/wp\/v2\/users\/2"}],"replies":[{"embeddable":true,"href":"https:\/\/www.lycee-charles-nodier-ac-besancon.fr\/wordpress\/wp-json\/wp\/v2\/comments?post=368"}],"version-history":[{"count":1,"href":"https:\/\/www.lycee-charles-nodier-ac-besancon.fr\/wordpress\/wp-json\/wp\/v2\/posts\/368\/revisions"}],"predecessor-version":[{"id":371,"href":"https:\/\/www.lycee-charles-nodier-ac-besancon.fr\/wordpress\/wp-json\/wp\/v2\/posts\/368\/revisions\/371"}],"wp:featuredmedia":[{"embeddable":true,"href":"https:\/\/www.lycee-charles-nodier-ac-besancon.fr\/wordpress\/wp-json\/wp\/v2\/media\/369"}],"wp:attachment":[{"href":"https:\/\/www.lycee-charles-nodier-ac-besancon.fr\/wordpress\/wp-json\/wp\/v2\/media?parent=368"}],"wp:term":[{"taxonomy":"category","embeddable":true,"href":"https:\/\/www.lycee-charles-nodier-ac-besancon.fr\/wordpress\/wp-json\/wp\/v2\/categories?post=368"},{"taxonomy":"post_tag","embeddable":true,"href":"https:\/\/www.lycee-charles-nodier-ac-besancon.fr\/wordpress\/wp-json\/wp\/v2\/tags?post=368"},{"taxonomy":"author","embeddable":true,"href":"https:\/\/www.lycee-charles-nodier-ac-besancon.fr\/wordpress\/wp-json\/wp\/v2\/coauthors?post=368"}],"curies":[{"name":"wp","href":"https:\/\/api.w.org\/{rel}","templated":true}]}}