{"id":3731,"date":"2019-05-20T18:27:45","date_gmt":"2019-05-20T16:27:45","guid":{"rendered":"http:\/\/www.lycee-charles-nodier-ac-besancon.fr\/wordpress\/?p=3731"},"modified":"2019-05-20T20:32:57","modified_gmt":"2019-05-20T18:32:57","slug":"transports-grand-dole","status":"publish","type":"post","link":"https:\/\/www.lycee-charles-nodier-ac-besancon.fr\/wordpress\/transports-grand-dole\/","title":{"rendered":"Transports Grand Dole"},"content":{"rendered":"\n<p>Les inscriptions aux transports pour l&rsquo;ann\u00e9e 2019\/2020 seront ouvertes <strong>\u00e0 compter du 1er juin 2019<\/strong> pour les \u00e9l\u00e8ves de la Communaut\u00e9 d&rsquo;Agglom\u00e9ration du Grand Dole.<\/p>\n\n\n\n<p>Tous les \u00e9l\u00e8ves r\u00e9sidant dans l&rsquo;une des 47 communes du Grand Dole s&rsquo;inscrivent sur le site internet <a href=\"https:\/\/www.reseau-tgd.fr\/\" target=\"_blank\" rel=\"noopener noreferrer\">www.reseau-tgd.fr<\/a> avant le <strong>5 juillet 2019<\/strong>.<\/p>\n<p>L&rsquo;agence TGD assure l&rsquo;interface avec la R\u00e9gion pour les scolaires qui empruntent le r\u00e9seau Mobigo.<\/p>\n<p>Si les familles souhaitent des pr\u00e9cisions, elles peuvent contacter l&rsquo;agence TGD par mail <a href=\"mailto:info@reseau-tgd.fr\">info@reseau-tgd.fr<\/a> ou par t\u00e9l\u00e9phone 03 84 72 67 51.<\/p>\n<p>Nous vous remercions vivement de votre collaboration pour diffuser largement cette information au sein de votre \u00e9tablissement scolaire par le bais de vos diff\u00e9rents canaux et outils de communication.<\/p>\n<p>Nous vous transmettrons \u00e9galement une affiche prochainement par mail. Par ailleurs, l&rsquo;agence TGD vous enverra en septembre les listings des \u00e9l\u00e8ves inscrits pour validation.<\/p>\n<p>Je tiens \u00e0 vous pr\u00e9ciser que, comme l&rsquo;ann\u00e9e derni\u00e8re, les familles n&rsquo;ont plus besoin de vous solliciter directement pour attester la scolarit\u00e9 de leur enfant.<\/p>\n<p>Le service transport reste \u00e0 votre disposition pour tout compl\u00e9ment d&rsquo;information.<\/p>\n<p>Cordialement,<\/p>\n<p>Service Transport <br \/><a href=\"mailto:transport@grand-dole.fr\">transport@grand-dole.fr<\/a> <br \/>T\u00e9l. 03 70 58 40 10 <br \/>Communaut\u00e9 d&rsquo;Agglom\u00e9ration du Grand Dole Place de l&rsquo;Europe &#8211; 39100 DOLE <br \/>www.grand-dole.fr &#8211; www.doledujura.fr<\/p>\n","protected":false},"excerpt":{"rendered":"<p>Les inscriptions aux transports pour l&rsquo;ann\u00e9e 2019\/2020 seront ouvertes \u00e0 compter du 1er juin 2019 pour les \u00e9l\u00e8ves de la Communaut\u00e9 d&rsquo;Agglom\u00e9ration du Grand Dole. Tous les \u00e9l\u00e8ves r\u00e9sidant dans\u2026<\/p>\n<p> <a class=\"continue-reading-link\" href=\"https:\/\/www.lycee-charles-nodier-ac-besancon.fr\/wordpress\/transports-grand-dole\/\"><span>Lire la suite<\/span><i class=\"crycon-right-dir\"><\/i><\/a> <\/p>\n","protected":false},"author":2,"featured_media":3732,"comment_status":"closed","ping_status":"open","sticky":false,"template":"","format":"standard","meta":{"footnotes":""},"categories":[92,91,132],"tags":[],"coauthors":[],"class_list":["post-3731","post","type-post","status-publish","format-standard","has-post-thumbnail","hentry","category-eleves","category-parents","category-rentree-2019-2020"],"views":3695,"_links":{"self":[{"href":"https:\/\/www.lycee-charles-nodier-ac-besancon.fr\/wordpress\/wp-json\/wp\/v2\/posts\/3731","targetHints":{"allow":["GET"]}}],"collection":[{"href":"https:\/\/www.lycee-charles-nodier-ac-besancon.fr\/wordpress\/wp-json\/wp\/v2\/posts"}],"about":[{"href":"https:\/\/www.lycee-charles-nodier-ac-besancon.fr\/wordpress\/wp-json\/wp\/v2\/types\/post"}],"author":[{"embeddable":true,"href":"https:\/\/www.lycee-charles-nodier-ac-besancon.fr\/wordpress\/wp-json\/wp\/v2\/users\/2"}],"replies":[{"embeddable":true,"href":"https:\/\/www.lycee-charles-nodier-ac-besancon.fr\/wordpress\/wp-json\/wp\/v2\/comments?post=3731"}],"version-history":[{"count":2,"href":"https:\/\/www.lycee-charles-nodier-ac-besancon.fr\/wordpress\/wp-json\/wp\/v2\/posts\/3731\/revisions"}],"predecessor-version":[{"id":3734,"href":"https:\/\/www.lycee-charles-nodier-ac-besancon.fr\/wordpress\/wp-json\/wp\/v2\/posts\/3731\/revisions\/3734"}],"wp:featuredmedia":[{"embeddable":true,"href":"https:\/\/www.lycee-charles-nodier-ac-besancon.fr\/wordpress\/wp-json\/wp\/v2\/media\/3732"}],"wp:attachment":[{"href":"https:\/\/www.lycee-charles-nodier-ac-besancon.fr\/wordpress\/wp-json\/wp\/v2\/media?parent=3731"}],"wp:term":[{"taxonomy":"category","embeddable":true,"href":"https:\/\/www.lycee-charles-nodier-ac-besancon.fr\/wordpress\/wp-json\/wp\/v2\/categories?post=3731"},{"taxonomy":"post_tag","embeddable":true,"href":"https:\/\/www.lycee-charles-nodier-ac-besancon.fr\/wordpress\/wp-json\/wp\/v2\/tags?post=3731"},{"taxonomy":"author","embeddable":true,"href":"https:\/\/www.lycee-charles-nodier-ac-besancon.fr\/wordpress\/wp-json\/wp\/v2\/coauthors?post=3731"}],"curies":[{"name":"wp","href":"https:\/\/api.w.org\/{rel}","templated":true}]}}