{"id":3776,"date":"2019-06-19T09:31:40","date_gmt":"2019-06-19T07:31:40","guid":{"rendered":"http:\/\/www.lycee-charles-nodier-ac-besancon.fr\/wordpress\/?p=3776"},"modified":"2019-07-22T07:32:57","modified_gmt":"2019-07-22T05:32:57","slug":"le-lycee-nodier-recompense-a-3-reprises-pour-sa-demarche-de-developpement-durable","status":"publish","type":"post","link":"https:\/\/www.lycee-charles-nodier-ac-besancon.fr\/wordpress\/le-lycee-nodier-recompense-a-3-reprises-pour-sa-demarche-de-developpement-durable\/","title":{"rendered":"Le lyc\u00e9e Nodier r\u00e9compens\u00e9 \u00e0 3 reprises pour sa d\u00e9marche de d\u00e9veloppement durable"},"content":{"rendered":"\n<p><img loading=\"lazy\" decoding=\"async\" class=\"size-full wp-image-3777 aligncenter\" src=\"https:\/\/www.lycee-charles-nodier-ac-besancon.fr\/wordpress\/wp-content\/uploads\/2019\/06\/NodierE3D.png\" alt=\"\" width=\"1100\" height=\"350\" srcset=\"https:\/\/www.lycee-charles-nodier-ac-besancon.fr\/wordpress\/wp-content\/uploads\/2019\/06\/NodierE3D.png 1100w, https:\/\/www.lycee-charles-nodier-ac-besancon.fr\/wordpress\/wp-content\/uploads\/2019\/06\/NodierE3D-300x95.png 300w, https:\/\/www.lycee-charles-nodier-ac-besancon.fr\/wordpress\/wp-content\/uploads\/2019\/06\/NodierE3D-768x244.png 768w, https:\/\/www.lycee-charles-nodier-ac-besancon.fr\/wordpress\/wp-content\/uploads\/2019\/06\/NodierE3D-1024x326.png 1024w, https:\/\/www.lycee-charles-nodier-ac-besancon.fr\/wordpress\/wp-content\/uploads\/2019\/06\/NodierE3D-150x48.png 150w, https:\/\/www.lycee-charles-nodier-ac-besancon.fr\/wordpress\/wp-content\/uploads\/2019\/06\/NodierE3D-250x80.png 250w\" sizes=\"auto, (max-width: 1100px) 100vw, 1100px\" \/><\/p>\n<p>Suite \u00e0 l&rsquo;audit du 21 Mai 2019, le<strong> Lyc\u00e9e Nodier<\/strong> est aujourd&rsquo;hui labellis\u00e9 \u00ab\u00a0<strong>E3D expert<\/strong>\u00a0\u00bb par le Rectorat (plus haute distinction du label) et obtient \u00e9galement le <strong>label \u00ab\u00a0\u00e9colyc\u00e9e\u00a0\u00bb<\/strong> de la R\u00e9gion Bourgogne Franche-Comt\u00e9.<\/p>\n<p>Lors de cette journ\u00e9e, tous les acteurs (\u00e9quipe de direction, agents, professeurs et \u00e9cod\u00e9l\u00e9gu\u00e9s) ont pr\u00e9sent\u00e9 leurs actions EDD (<a href=\"https:\/\/www.lycee-charles-nodier-ac-besancon.fr\/wordpress\/wp-content\/uploads\/2019\/06\/Dossier-p\u00e9dagogique.pdf\">dossier p\u00e9dagogique<\/a>).<\/p>\n<p>Le 3 juillet 2019, le Lyc\u00e9e Nodier a officiellement re\u00e7u son dipl\u00f4me et son label E3D au Rectorat de Besan\u00e7on, Site Convention.<\/p>\n<p><img loading=\"lazy\" decoding=\"async\" class=\"alignnone size-full wp-image-3801\" src=\"https:\/\/www.lycee-charles-nodier-ac-besancon.fr\/wordpress\/wp-content\/uploads\/2019\/06\/IMG_20190703_163219812.jpg\" alt=\"\" width=\"1600\" height=\"900\" srcset=\"https:\/\/www.lycee-charles-nodier-ac-besancon.fr\/wordpress\/wp-content\/uploads\/2019\/06\/IMG_20190703_163219812.jpg 1600w, https:\/\/www.lycee-charles-nodier-ac-besancon.fr\/wordpress\/wp-content\/uploads\/2019\/06\/IMG_20190703_163219812-300x169.jpg 300w, https:\/\/www.lycee-charles-nodier-ac-besancon.fr\/wordpress\/wp-content\/uploads\/2019\/06\/IMG_20190703_163219812-768x432.jpg 768w, https:\/\/www.lycee-charles-nodier-ac-besancon.fr\/wordpress\/wp-content\/uploads\/2019\/06\/IMG_20190703_163219812-1024x576.jpg 1024w, https:\/\/www.lycee-charles-nodier-ac-besancon.fr\/wordpress\/wp-content\/uploads\/2019\/06\/IMG_20190703_163219812-150x84.jpg 150w, https:\/\/www.lycee-charles-nodier-ac-besancon.fr\/wordpress\/wp-content\/uploads\/2019\/06\/IMG_20190703_163219812-250x141.jpg 250w\" sizes=\"auto, (max-width: 1600px) 100vw, 1600px\" \/><\/p>\n<p>Le 11 Juillet 2019, le lyc\u00e9e Nodier a re\u00e7u officiellement son dipl\u00f4me et son label \u00ab\u00a0Ecolyc\u00e9e\u00a0\u00bb de la part de la R\u00e9gion Bourgogne Franche-Comt\u00e9.<\/p>\n<p><img loading=\"lazy\" decoding=\"async\" class=\"alignnone size-full wp-image-3805\" src=\"https:\/\/www.lycee-charles-nodier-ac-besancon.fr\/wordpress\/wp-content\/uploads\/2019\/06\/ecolycee.png\" alt=\"\" width=\"1600\" height=\"1200\" srcset=\"https:\/\/www.lycee-charles-nodier-ac-besancon.fr\/wordpress\/wp-content\/uploads\/2019\/06\/ecolycee.png 1600w, https:\/\/www.lycee-charles-nodier-ac-besancon.fr\/wordpress\/wp-content\/uploads\/2019\/06\/ecolycee-300x225.png 300w, https:\/\/www.lycee-charles-nodier-ac-besancon.fr\/wordpress\/wp-content\/uploads\/2019\/06\/ecolycee-768x576.png 768w, https:\/\/www.lycee-charles-nodier-ac-besancon.fr\/wordpress\/wp-content\/uploads\/2019\/06\/ecolycee-1024x768.png 1024w, https:\/\/www.lycee-charles-nodier-ac-besancon.fr\/wordpress\/wp-content\/uploads\/2019\/06\/ecolycee-150x113.png 150w, https:\/\/www.lycee-charles-nodier-ac-besancon.fr\/wordpress\/wp-content\/uploads\/2019\/06\/ecolycee-200x150.png 200w\" sizes=\"auto, (max-width: 1600px) 100vw, 1600px\" \/><\/p>\n<p><span style=\"display: inline !important; float: none; background-color: #ffffff; color: #191e23; cursor: text; font-family: 'Noto Serif'; font-size: 16px; font-style: normal; font-variant: normal; font-weight: 400; letter-spacing: normal; orphans: 2; text-align: left; text-decoration: none; text-indent: 0px; text-transform: none; -webkit-text-stroke-width: 0px; white-space: normal; word-spacing: 0px;\">Mercredi 12 Juin 2019, la <\/span><strong>Soci\u00e9t\u00e9 des membres de la l\u00e9gion d&rsquo;honneur<\/strong><span style=\"display: inline !important; float: none; background-color: #ffffff; color: #191e23; cursor: text; font-family: 'Noto Serif'; font-size: 16px; font-style: normal; font-variant: normal; font-weight: 400; letter-spacing: normal; orphans: 2; text-align: left; text-decoration: none; text-indent: 0px; text-transform: none; -webkit-text-stroke-width: 0px; white-space: normal; word-spacing: 0px;\"> a d\u00e9cern\u00e9 <\/span><strong>le 1er prix<\/strong><span style=\"display: inline !important; float: none; background-color: #ffffff; color: #191e23; cursor: text; font-family: 'Noto Serif'; font-size: 16px; font-style: normal; font-variant: normal; font-weight: 400; letter-spacing: normal; orphans: 2; text-align: left; text-decoration: none; text-indent: 0px; text-transform: none; -webkit-text-stroke-width: 0px; white-space: normal; word-spacing: 0px;\"> Education au D\u00e9veloppement Durable <\/span><strong>au Lyc\u00e9e Charles Nodier<\/strong><span style=\"display: inline !important; float: none; background-color: #ffffff; color: #191e23; cursor: text; font-family: 'Noto Serif'; font-size: 16px; font-style: normal; font-variant: normal; font-weight: 400; letter-spacing: normal; orphans: 2; text-align: left; text-decoration: none; text-indent: 0px; text-transform: none; -webkit-text-stroke-width: 0px; white-space: normal; word-spacing: 0px;\">. Ce prix r\u00e9compense les \u00e9tudes et les actions concr\u00e8tes interdisciplinaires impliquant tout le personnel de l&rsquo;\u00e9tablissement et tous les \u00e9l\u00e8ves, dont nos \u00e9co-d\u00e9l\u00e9gu\u00e9s tr\u00e8s actifs !<\/span><\/p>\n<p><img loading=\"lazy\" decoding=\"async\" class=\"alignnone size-full wp-image-3778\" src=\"https:\/\/www.lycee-charles-nodier-ac-besancon.fr\/wordpress\/wp-content\/uploads\/2019\/06\/20190612_165443.jpg\" alt=\"\" width=\"1100\" height=\"825\" srcset=\"https:\/\/www.lycee-charles-nodier-ac-besancon.fr\/wordpress\/wp-content\/uploads\/2019\/06\/20190612_165443.jpg 1100w, https:\/\/www.lycee-charles-nodier-ac-besancon.fr\/wordpress\/wp-content\/uploads\/2019\/06\/20190612_165443-300x225.jpg 300w, https:\/\/www.lycee-charles-nodier-ac-besancon.fr\/wordpress\/wp-content\/uploads\/2019\/06\/20190612_165443-768x576.jpg 768w, https:\/\/www.lycee-charles-nodier-ac-besancon.fr\/wordpress\/wp-content\/uploads\/2019\/06\/20190612_165443-1024x768.jpg 1024w, https:\/\/www.lycee-charles-nodier-ac-besancon.fr\/wordpress\/wp-content\/uploads\/2019\/06\/20190612_165443-150x113.jpg 150w, https:\/\/www.lycee-charles-nodier-ac-besancon.fr\/wordpress\/wp-content\/uploads\/2019\/06\/20190612_165443-200x150.jpg 200w\" sizes=\"auto, (max-width: 1100px) 100vw, 1100px\" \/><\/p>\n<p>F\u00e9licitations \u00e0 tous les acteurs pour leur implication et leur engagement !<\/p>\n<p>Vous pouvez consulter une partie des actions dans la <a href=\"https:\/\/www.lycee-charles-nodier-ac-besancon.fr\/wordpress\/category\/vielycee\/e3d\/\">rubrique E3D<\/a> du site.<\/p>\n<p>\u00a0<\/p>\n\n\n","protected":false},"excerpt":{"rendered":"<p>Suite \u00e0 l&rsquo;audit du 21 Mai 2019, le Lyc\u00e9e Nodier est aujourd&rsquo;hui labellis\u00e9 \u00ab\u00a0E3D expert\u00a0\u00bb par le Rectorat (plus haute distinction du label) et obtient \u00e9galement le label \u00ab\u00a0\u00e9colyc\u00e9e\u00a0\u00bb de\u2026<\/p>\n<p> <a class=\"continue-reading-link\" href=\"https:\/\/www.lycee-charles-nodier-ac-besancon.fr\/wordpress\/le-lycee-nodier-recompense-a-3-reprises-pour-sa-demarche-de-developpement-durable\/\"><span>Lire la suite<\/span><i class=\"crycon-right-dir\"><\/i><\/a> <\/p>\n","protected":false},"author":2,"featured_media":3777,"comment_status":"closed","ping_status":"open","sticky":false,"template":"","format":"standard","meta":{"footnotes":""},"categories":[106,92,91,93],"tags":[],"coauthors":[],"class_list":["post-3776","post","type-post","status-publish","format-standard","has-post-thumbnail","hentry","category-e3d","category-eleves","category-parents","category-personnels"],"views":3201,"_links":{"self":[{"href":"https:\/\/www.lycee-charles-nodier-ac-besancon.fr\/wordpress\/wp-json\/wp\/v2\/posts\/3776","targetHints":{"allow":["GET"]}}],"collection":[{"href":"https:\/\/www.lycee-charles-nodier-ac-besancon.fr\/wordpress\/wp-json\/wp\/v2\/posts"}],"about":[{"href":"https:\/\/www.lycee-charles-nodier-ac-besancon.fr\/wordpress\/wp-json\/wp\/v2\/types\/post"}],"author":[{"embeddable":true,"href":"https:\/\/www.lycee-charles-nodier-ac-besancon.fr\/wordpress\/wp-json\/wp\/v2\/users\/2"}],"replies":[{"embeddable":true,"href":"https:\/\/www.lycee-charles-nodier-ac-besancon.fr\/wordpress\/wp-json\/wp\/v2\/comments?post=3776"}],"version-history":[{"count":4,"href":"https:\/\/www.lycee-charles-nodier-ac-besancon.fr\/wordpress\/wp-json\/wp\/v2\/posts\/3776\/revisions"}],"predecessor-version":[{"id":3807,"href":"https:\/\/www.lycee-charles-nodier-ac-besancon.fr\/wordpress\/wp-json\/wp\/v2\/posts\/3776\/revisions\/3807"}],"wp:featuredmedia":[{"embeddable":true,"href":"https:\/\/www.lycee-charles-nodier-ac-besancon.fr\/wordpress\/wp-json\/wp\/v2\/media\/3777"}],"wp:attachment":[{"href":"https:\/\/www.lycee-charles-nodier-ac-besancon.fr\/wordpress\/wp-json\/wp\/v2\/media?parent=3776"}],"wp:term":[{"taxonomy":"category","embeddable":true,"href":"https:\/\/www.lycee-charles-nodier-ac-besancon.fr\/wordpress\/wp-json\/wp\/v2\/categories?post=3776"},{"taxonomy":"post_tag","embeddable":true,"href":"https:\/\/www.lycee-charles-nodier-ac-besancon.fr\/wordpress\/wp-json\/wp\/v2\/tags?post=3776"},{"taxonomy":"author","embeddable":true,"href":"https:\/\/www.lycee-charles-nodier-ac-besancon.fr\/wordpress\/wp-json\/wp\/v2\/coauthors?post=3776"}],"curies":[{"name":"wp","href":"https:\/\/api.w.org\/{rel}","templated":true}]}}