{"id":3860,"date":"2019-09-20T18:06:12","date_gmt":"2019-09-20T16:06:12","guid":{"rendered":"http:\/\/www.lycee-charles-nodier-ac-besancon.fr\/wordpress\/?p=3860"},"modified":"2019-09-20T18:06:13","modified_gmt":"2019-09-20T16:06:13","slug":"tutoriel-pour-la-connexion-des-parents-deleves-au-site-teleservices-et-au-nouvel-espace-numerique-de-travail-ent-eclat","status":"publish","type":"post","link":"https:\/\/www.lycee-charles-nodier-ac-besancon.fr\/wordpress\/tutoriel-pour-la-connexion-des-parents-deleves-au-site-teleservices-et-au-nouvel-espace-numerique-de-travail-ent-eclat\/","title":{"rendered":"Tutoriel pour la connexion des parents d&rsquo;\u00e9l\u00e8ves au site t\u00e9l\u00e9services et au nouvel espace num\u00e9rique de travail (ENT) \u00ab\u00a0ECLAT\u00a0\u00bb"},"content":{"rendered":"\n<p><i>Deux moyens pour acc\u00e9der \u00e0 ces outils : <\/i><i><a href=\"https:\/\/teleservices.ac-besancon.fr\/\" target=\"_blank\" rel=\"noopener noreferrer\">https:\/\/teleservices.ac-besancon.fr<\/a><\/i><i> ou<\/i><i> par le site <\/i><i><a href=\"https:\/\/parents.ac-besancon.fr\/portailts\/#\/\" target=\"_blank\" rel=\"noopener noreferrer\">Parents de l&rsquo;acad\u00e9mie de Besan\u00e7on<\/a><\/i><\/p>\n<div style=\"width: 950px;\" class=\"wp-video\"><video class=\"wp-video-shortcode\" id=\"video-3860-1\" width=\"950\" height=\"534\" preload=\"metadata\" controls=\"controls\"><source type=\"video\/mp4\" src=\"https:\/\/www.lycee-charles-nodier-ac-besancon.fr\/wordpress\/wp-content\/uploads\/2019\/09\/Portail-des-Parents.mp4?_=1\" \/><a href=\"https:\/\/www.lycee-charles-nodier-ac-besancon.fr\/wordpress\/wp-content\/uploads\/2019\/09\/Portail-des-Parents.mp4\">https:\/\/www.lycee-charles-nodier-ac-besancon.fr\/wordpress\/wp-content\/uploads\/2019\/09\/Portail-des-Parents.mp4<\/a><\/video><\/div>\n","protected":false},"excerpt":{"rendered":"<p>Deux moyens pour acc\u00e9der \u00e0 ces outils : https:\/\/teleservices.ac-besancon.fr ou par le site Parents de l&rsquo;acad\u00e9mie de Besan\u00e7on<\/p>\n<p> <a class=\"continue-reading-link\" href=\"https:\/\/www.lycee-charles-nodier-ac-besancon.fr\/wordpress\/tutoriel-pour-la-connexion-des-parents-deleves-au-site-teleservices-et-au-nouvel-espace-numerique-de-travail-ent-eclat\/\"><span>Lire la suite<\/span><i class=\"crycon-right-dir\"><\/i><\/a> <\/p>\n","protected":false},"author":2,"featured_media":3861,"comment_status":"closed","ping_status":"open","sticky":false,"template":"","format":"standard","meta":{"footnotes":""},"categories":[17,45,91,132],"tags":[],"coauthors":[],"class_list":["post-3860","post","type-post","status-publish","format-standard","has-post-thumbnail","hentry","category-actualite","category-informations-pratiques","category-parents","category-rentree-2019-2020"],"views":4853,"_links":{"self":[{"href":"https:\/\/www.lycee-charles-nodier-ac-besancon.fr\/wordpress\/wp-json\/wp\/v2\/posts\/3860","targetHints":{"allow":["GET"]}}],"collection":[{"href":"https:\/\/www.lycee-charles-nodier-ac-besancon.fr\/wordpress\/wp-json\/wp\/v2\/posts"}],"about":[{"href":"https:\/\/www.lycee-charles-nodier-ac-besancon.fr\/wordpress\/wp-json\/wp\/v2\/types\/post"}],"author":[{"embeddable":true,"href":"https:\/\/www.lycee-charles-nodier-ac-besancon.fr\/wordpress\/wp-json\/wp\/v2\/users\/2"}],"replies":[{"embeddable":true,"href":"https:\/\/www.lycee-charles-nodier-ac-besancon.fr\/wordpress\/wp-json\/wp\/v2\/comments?post=3860"}],"version-history":[{"count":1,"href":"https:\/\/www.lycee-charles-nodier-ac-besancon.fr\/wordpress\/wp-json\/wp\/v2\/posts\/3860\/revisions"}],"predecessor-version":[{"id":3862,"href":"https:\/\/www.lycee-charles-nodier-ac-besancon.fr\/wordpress\/wp-json\/wp\/v2\/posts\/3860\/revisions\/3862"}],"wp:featuredmedia":[{"embeddable":true,"href":"https:\/\/www.lycee-charles-nodier-ac-besancon.fr\/wordpress\/wp-json\/wp\/v2\/media\/3861"}],"wp:attachment":[{"href":"https:\/\/www.lycee-charles-nodier-ac-besancon.fr\/wordpress\/wp-json\/wp\/v2\/media?parent=3860"}],"wp:term":[{"taxonomy":"category","embeddable":true,"href":"https:\/\/www.lycee-charles-nodier-ac-besancon.fr\/wordpress\/wp-json\/wp\/v2\/categories?post=3860"},{"taxonomy":"post_tag","embeddable":true,"href":"https:\/\/www.lycee-charles-nodier-ac-besancon.fr\/wordpress\/wp-json\/wp\/v2\/tags?post=3860"},{"taxonomy":"author","embeddable":true,"href":"https:\/\/www.lycee-charles-nodier-ac-besancon.fr\/wordpress\/wp-json\/wp\/v2\/coauthors?post=3860"}],"curies":[{"name":"wp","href":"https:\/\/api.w.org\/{rel}","templated":true}]}}