{"id":3970,"date":"2020-02-21T10:57:18","date_gmt":"2020-02-21T09:57:18","guid":{"rendered":"http:\/\/www.lycee-charles-nodier-ac-besancon.fr\/wordpress\/?p=3970"},"modified":"2020-02-21T10:57:19","modified_gmt":"2020-02-21T09:57:19","slug":"projet-cvl-lutte-contre-la-precarite-menstruelle","status":"publish","type":"post","link":"https:\/\/www.lycee-charles-nodier-ac-besancon.fr\/wordpress\/projet-cvl-lutte-contre-la-precarite-menstruelle\/","title":{"rendered":"Projet CVL : lutte contre la pr\u00e9carit\u00e9 menstruelle"},"content":{"rendered":"\n<p>Quatre de nos \u00e9l\u00e8ves \u00e9lues au CVL ont souhait\u00e9 s&rsquo;attaquer \u00e0 un ph\u00e9nom\u00e9ne m\u00e9connu, voire tabou &#8230;<strong> \u00ab\u00a0la pr\u00e9carit\u00e9 menstruelle\u00a0\u00bb<\/strong>, dans le but de sensibiliser l&rsquo;ensemble de la communaut\u00e9 \u00e9ducative et les \u00e9l\u00e8ves.<br \/>\u00a0<br \/>Dor\u00e9navant, gr\u00e2ce \u00e0 Dorine Cattenoz, C\u00e9cilia Dehan, Lison Desarbres et Caroline Cattenoz, les filles ont d\u00e9sormais dans les toilettes qui leur sont r\u00e9serv\u00e9es, sous le pr\u00e9au, acc\u00e8s en libre service \u00e0 des produits hygi\u00e9niques (tampons, serviettes).\u00a0<br \/>\u00a0<br \/>Merci \u00e0 Mme Roques notre infirmi\u00e8re pour le soutien qu&rsquo;elle leur a apport\u00e9 pour la concr\u00e9tisation de cette action dont vous trouverez quelques photos ci-dessous.\u00a0<\/p>\n<p><img loading=\"lazy\" decoding=\"async\" class=\"size-full wp-image-3971 aligncenter\" src=\"https:\/\/www.lycee-charles-nodier-ac-besancon.fr\/wordpress\/wp-content\/uploads\/2020\/02\/87063736_1238958409643700_3342748135666483200_n-scaled.jpg\" alt=\"\" width=\"1920\" height=\"2560\" srcset=\"https:\/\/www.lycee-charles-nodier-ac-besancon.fr\/wordpress\/wp-content\/uploads\/2020\/02\/87063736_1238958409643700_3342748135666483200_n-scaled.jpg 1920w, https:\/\/www.lycee-charles-nodier-ac-besancon.fr\/wordpress\/wp-content\/uploads\/2020\/02\/87063736_1238958409643700_3342748135666483200_n-225x300.jpg 225w, https:\/\/www.lycee-charles-nodier-ac-besancon.fr\/wordpress\/wp-content\/uploads\/2020\/02\/87063736_1238958409643700_3342748135666483200_n-768x1024.jpg 768w, https:\/\/www.lycee-charles-nodier-ac-besancon.fr\/wordpress\/wp-content\/uploads\/2020\/02\/87063736_1238958409643700_3342748135666483200_n-1152x1536.jpg 1152w, https:\/\/www.lycee-charles-nodier-ac-besancon.fr\/wordpress\/wp-content\/uploads\/2020\/02\/87063736_1238958409643700_3342748135666483200_n-1536x2048.jpg 1536w, https:\/\/www.lycee-charles-nodier-ac-besancon.fr\/wordpress\/wp-content\/uploads\/2020\/02\/87063736_1238958409643700_3342748135666483200_n-113x150.jpg 113w\" sizes=\"auto, (max-width: 1920px) 100vw, 1920px\" \/> <img loading=\"lazy\" decoding=\"async\" class=\"size-full wp-image-3972 aligncenter\" src=\"https:\/\/www.lycee-charles-nodier-ac-besancon.fr\/wordpress\/wp-content\/uploads\/2020\/02\/87154801_2822253997822433_3475083242061692928_n-scaled.jpg\" alt=\"\" width=\"2560\" height=\"1920\" srcset=\"https:\/\/www.lycee-charles-nodier-ac-besancon.fr\/wordpress\/wp-content\/uploads\/2020\/02\/87154801_2822253997822433_3475083242061692928_n-scaled.jpg 2560w, https:\/\/www.lycee-charles-nodier-ac-besancon.fr\/wordpress\/wp-content\/uploads\/2020\/02\/87154801_2822253997822433_3475083242061692928_n-300x225.jpg 300w, https:\/\/www.lycee-charles-nodier-ac-besancon.fr\/wordpress\/wp-content\/uploads\/2020\/02\/87154801_2822253997822433_3475083242061692928_n-1024x768.jpg 1024w, https:\/\/www.lycee-charles-nodier-ac-besancon.fr\/wordpress\/wp-content\/uploads\/2020\/02\/87154801_2822253997822433_3475083242061692928_n-768x576.jpg 768w, https:\/\/www.lycee-charles-nodier-ac-besancon.fr\/wordpress\/wp-content\/uploads\/2020\/02\/87154801_2822253997822433_3475083242061692928_n-1536x1152.jpg 1536w, https:\/\/www.lycee-charles-nodier-ac-besancon.fr\/wordpress\/wp-content\/uploads\/2020\/02\/87154801_2822253997822433_3475083242061692928_n-2048x1536.jpg 2048w, https:\/\/www.lycee-charles-nodier-ac-besancon.fr\/wordpress\/wp-content\/uploads\/2020\/02\/87154801_2822253997822433_3475083242061692928_n-150x113.jpg 150w, https:\/\/www.lycee-charles-nodier-ac-besancon.fr\/wordpress\/wp-content\/uploads\/2020\/02\/87154801_2822253997822433_3475083242061692928_n-200x150.jpg 200w\" sizes=\"auto, (max-width: 2560px) 100vw, 2560px\" \/> <img loading=\"lazy\" decoding=\"async\" class=\"size-full wp-image-3973 aligncenter\" src=\"https:\/\/www.lycee-charles-nodier-ac-besancon.fr\/wordpress\/wp-content\/uploads\/2020\/02\/87178244_506806516934304_8378195702194372608_n-scaled.jpg\" alt=\"\" width=\"1920\" height=\"2560\" srcset=\"https:\/\/www.lycee-charles-nodier-ac-besancon.fr\/wordpress\/wp-content\/uploads\/2020\/02\/87178244_506806516934304_8378195702194372608_n-scaled.jpg 1920w, https:\/\/www.lycee-charles-nodier-ac-besancon.fr\/wordpress\/wp-content\/uploads\/2020\/02\/87178244_506806516934304_8378195702194372608_n-225x300.jpg 225w, https:\/\/www.lycee-charles-nodier-ac-besancon.fr\/wordpress\/wp-content\/uploads\/2020\/02\/87178244_506806516934304_8378195702194372608_n-768x1024.jpg 768w, https:\/\/www.lycee-charles-nodier-ac-besancon.fr\/wordpress\/wp-content\/uploads\/2020\/02\/87178244_506806516934304_8378195702194372608_n-1152x1536.jpg 1152w, https:\/\/www.lycee-charles-nodier-ac-besancon.fr\/wordpress\/wp-content\/uploads\/2020\/02\/87178244_506806516934304_8378195702194372608_n-1536x2048.jpg 1536w, https:\/\/www.lycee-charles-nodier-ac-besancon.fr\/wordpress\/wp-content\/uploads\/2020\/02\/87178244_506806516934304_8378195702194372608_n-113x150.jpg 113w\" sizes=\"auto, (max-width: 1920px) 100vw, 1920px\" \/><\/p>\n","protected":false},"excerpt":{"rendered":"<p>Quatre de nos \u00e9l\u00e8ves \u00e9lues au CVL ont souhait\u00e9 s&rsquo;attaquer \u00e0 un ph\u00e9nom\u00e9ne m\u00e9connu, voire tabou &#8230; \u00ab\u00a0la pr\u00e9carit\u00e9 menstruelle\u00a0\u00bb, dans le but de sensibiliser l&rsquo;ensemble de la communaut\u00e9 \u00e9ducative\u2026<\/p>\n<p> <a class=\"continue-reading-link\" href=\"https:\/\/www.lycee-charles-nodier-ac-besancon.fr\/wordpress\/projet-cvl-lutte-contre-la-precarite-menstruelle\/\"><span>Lire la suite<\/span><i class=\"crycon-right-dir\"><\/i><\/a> <\/p>\n","protected":false},"author":2,"featured_media":3973,"comment_status":"closed","ping_status":"open","sticky":false,"template":"","format":"standard","meta":{"footnotes":""},"categories":[17,3,92,91,93],"tags":[],"coauthors":[],"class_list":["post-3970","post","type-post","status-publish","format-standard","has-post-thumbnail","hentry","category-actualite","category-cvl","category-eleves","category-parents","category-personnels"],"views":3009,"_links":{"self":[{"href":"https:\/\/www.lycee-charles-nodier-ac-besancon.fr\/wordpress\/wp-json\/wp\/v2\/posts\/3970","targetHints":{"allow":["GET"]}}],"collection":[{"href":"https:\/\/www.lycee-charles-nodier-ac-besancon.fr\/wordpress\/wp-json\/wp\/v2\/posts"}],"about":[{"href":"https:\/\/www.lycee-charles-nodier-ac-besancon.fr\/wordpress\/wp-json\/wp\/v2\/types\/post"}],"author":[{"embeddable":true,"href":"https:\/\/www.lycee-charles-nodier-ac-besancon.fr\/wordpress\/wp-json\/wp\/v2\/users\/2"}],"replies":[{"embeddable":true,"href":"https:\/\/www.lycee-charles-nodier-ac-besancon.fr\/wordpress\/wp-json\/wp\/v2\/comments?post=3970"}],"version-history":[{"count":1,"href":"https:\/\/www.lycee-charles-nodier-ac-besancon.fr\/wordpress\/wp-json\/wp\/v2\/posts\/3970\/revisions"}],"predecessor-version":[{"id":3974,"href":"https:\/\/www.lycee-charles-nodier-ac-besancon.fr\/wordpress\/wp-json\/wp\/v2\/posts\/3970\/revisions\/3974"}],"wp:featuredmedia":[{"embeddable":true,"href":"https:\/\/www.lycee-charles-nodier-ac-besancon.fr\/wordpress\/wp-json\/wp\/v2\/media\/3973"}],"wp:attachment":[{"href":"https:\/\/www.lycee-charles-nodier-ac-besancon.fr\/wordpress\/wp-json\/wp\/v2\/media?parent=3970"}],"wp:term":[{"taxonomy":"category","embeddable":true,"href":"https:\/\/www.lycee-charles-nodier-ac-besancon.fr\/wordpress\/wp-json\/wp\/v2\/categories?post=3970"},{"taxonomy":"post_tag","embeddable":true,"href":"https:\/\/www.lycee-charles-nodier-ac-besancon.fr\/wordpress\/wp-json\/wp\/v2\/tags?post=3970"},{"taxonomy":"author","embeddable":true,"href":"https:\/\/www.lycee-charles-nodier-ac-besancon.fr\/wordpress\/wp-json\/wp\/v2\/coauthors?post=3970"}],"curies":[{"name":"wp","href":"https:\/\/api.w.org\/{rel}","templated":true}]}}