{"id":4035,"date":"2020-04-06T10:58:10","date_gmt":"2020-04-06T08:58:10","guid":{"rendered":"http:\/\/www.lycee-charles-nodier-ac-besancon.fr\/wordpress\/?p=4035"},"modified":"2020-04-06T13:16:25","modified_gmt":"2020-04-06T11:16:25","slug":"on-pense-a-vous","status":"publish","type":"post","link":"https:\/\/www.lycee-charles-nodier-ac-besancon.fr\/wordpress\/on-pense-a-vous\/","title":{"rendered":"On pense \u00e0 vous"},"content":{"rendered":"\n<p>Un grand bonjour \u00e0 tous les \u00e9l\u00e8ves,<\/p>\n<p>Pour cette 4<sup>\u00e8me<\/sup> semaine de fermeture du lyc\u00e9e, l\u2019ensemble des personnels, \u00e0 l\u2019initiative de la vie scolaire, a eu la tr\u00e8s belle id\u00e9e de vous proposer la vid\u00e9o ci-apr\u00e8s, pour vous assurer de son soutien. Merci \u00e0 eux.<\/p>\n<p>Nous avons h\u00e2te de vous revoir, tous et en bonne sant\u00e9.<\/p>\n<p>A bient\u00f4t.<\/p>\n<p>Pierre Pinto, proviseur<\/p>\n\n<!-- iframe plugin v.6.0 wordpress.org\/plugins\/iframe\/ -->\n<iframe loading=\"lazy\" width=\"820\" height=\"461\" src=\"https:\/\/www.youtube.com\/embed\/FjClL184X_M\" frameborder=\"0\" allow=\"accelerometer; autoplay; encrypted-media; gyroscope; picture-in-picture\" 0=\"allowfullscreen\" scrolling=\"yes\" class=\"iframe-class\"><\/iframe>\n\n","protected":false},"excerpt":{"rendered":"<p>Un grand bonjour \u00e0 tous les \u00e9l\u00e8ves, Pour cette 4\u00e8me semaine de fermeture du lyc\u00e9e, l\u2019ensemble des personnels, \u00e0 l\u2019initiative de la vie scolaire, a eu la tr\u00e8s belle id\u00e9e\u2026<\/p>\n<p> <a class=\"continue-reading-link\" href=\"https:\/\/www.lycee-charles-nodier-ac-besancon.fr\/wordpress\/on-pense-a-vous\/\"><span>Lire la suite<\/span><i class=\"crycon-right-dir\"><\/i><\/a> <\/p>\n","protected":false},"author":2,"featured_media":4039,"comment_status":"closed","ping_status":"open","sticky":false,"template":"","format":"standard","meta":{"footnotes":""},"categories":[17,92,91,93],"tags":[],"coauthors":[],"class_list":["post-4035","post","type-post","status-publish","format-standard","has-post-thumbnail","hentry","category-actualite","category-eleves","category-parents","category-personnels"],"views":6192,"_links":{"self":[{"href":"https:\/\/www.lycee-charles-nodier-ac-besancon.fr\/wordpress\/wp-json\/wp\/v2\/posts\/4035","targetHints":{"allow":["GET"]}}],"collection":[{"href":"https:\/\/www.lycee-charles-nodier-ac-besancon.fr\/wordpress\/wp-json\/wp\/v2\/posts"}],"about":[{"href":"https:\/\/www.lycee-charles-nodier-ac-besancon.fr\/wordpress\/wp-json\/wp\/v2\/types\/post"}],"author":[{"embeddable":true,"href":"https:\/\/www.lycee-charles-nodier-ac-besancon.fr\/wordpress\/wp-json\/wp\/v2\/users\/2"}],"replies":[{"embeddable":true,"href":"https:\/\/www.lycee-charles-nodier-ac-besancon.fr\/wordpress\/wp-json\/wp\/v2\/comments?post=4035"}],"version-history":[{"count":2,"href":"https:\/\/www.lycee-charles-nodier-ac-besancon.fr\/wordpress\/wp-json\/wp\/v2\/posts\/4035\/revisions"}],"predecessor-version":[{"id":4038,"href":"https:\/\/www.lycee-charles-nodier-ac-besancon.fr\/wordpress\/wp-json\/wp\/v2\/posts\/4035\/revisions\/4038"}],"wp:featuredmedia":[{"embeddable":true,"href":"https:\/\/www.lycee-charles-nodier-ac-besancon.fr\/wordpress\/wp-json\/wp\/v2\/media\/4039"}],"wp:attachment":[{"href":"https:\/\/www.lycee-charles-nodier-ac-besancon.fr\/wordpress\/wp-json\/wp\/v2\/media?parent=4035"}],"wp:term":[{"taxonomy":"category","embeddable":true,"href":"https:\/\/www.lycee-charles-nodier-ac-besancon.fr\/wordpress\/wp-json\/wp\/v2\/categories?post=4035"},{"taxonomy":"post_tag","embeddable":true,"href":"https:\/\/www.lycee-charles-nodier-ac-besancon.fr\/wordpress\/wp-json\/wp\/v2\/tags?post=4035"},{"taxonomy":"author","embeddable":true,"href":"https:\/\/www.lycee-charles-nodier-ac-besancon.fr\/wordpress\/wp-json\/wp\/v2\/coauthors?post=4035"}],"curies":[{"name":"wp","href":"https:\/\/api.w.org\/{rel}","templated":true}]}}