{"id":4118,"date":"2020-06-23T19:16:00","date_gmt":"2020-06-23T17:16:00","guid":{"rendered":"http:\/\/www.lycee-charles-nodier-ac-besancon.fr\/wordpress\/?p=4118"},"modified":"2020-08-27T19:11:44","modified_gmt":"2020-08-27T17:11:44","slug":"rentree-2020","status":"publish","type":"post","link":"https:\/\/www.lycee-charles-nodier-ac-besancon.fr\/wordpress\/rentree-2020\/","title":{"rendered":"Rentr\u00e9e 2020"},"content":{"rendered":"\n<ul>\n<li>Lundi 31 ao\u00fbt 2020\u00a0: pr\u00e9-rentr\u00e9e des professeurs<\/li>\n<li>Mardi 1<sup>er<\/sup> septembre 2020 \u00e0 9h00\u00a0: rentr\u00e9e des classes de Seconde et des BTS 2<sup>\u00e8me<\/sup> ann\u00e9e<\/li>\n<li>Mercredi 2 septembre 2020\u00a0:\n<ul>\n<li>\u00e0 8h00\u00a0: rentr\u00e9e des classes de Premi\u00e8re et de Terminale<\/li>\n<li>\u00e0 9h00 : rentr\u00e9e des BTS 1<sup>\u00e8re<\/sup> ann\u00e9e.<\/li>\n<\/ul>\n<\/li>\n<\/ul>\n","protected":false},"excerpt":{"rendered":"<p>Lundi 31 ao\u00fbt 2020\u00a0: pr\u00e9-rentr\u00e9e des professeurs Mardi 1er septembre 2020 \u00e0 9h00\u00a0: rentr\u00e9e des classes de Seconde et des BTS 2\u00e8me ann\u00e9e Mercredi 2 septembre 2020\u00a0: \u00e0 8h00\u00a0: rentr\u00e9e\u2026<\/p>\n<p> <a class=\"continue-reading-link\" href=\"https:\/\/www.lycee-charles-nodier-ac-besancon.fr\/wordpress\/rentree-2020\/\"><span>Lire la suite<\/span><i class=\"crycon-right-dir\"><\/i><\/a> <\/p>\n","protected":false},"author":2,"featured_media":2585,"comment_status":"closed","ping_status":"open","sticky":false,"template":"","format":"standard","meta":{"footnotes":""},"categories":[92,91,93,134],"tags":[],"coauthors":[],"class_list":["post-4118","post","type-post","status-publish","format-standard","has-post-thumbnail","hentry","category-eleves","category-parents","category-personnels","category-rentree-2020-2021"],"views":3879,"_links":{"self":[{"href":"https:\/\/www.lycee-charles-nodier-ac-besancon.fr\/wordpress\/wp-json\/wp\/v2\/posts\/4118","targetHints":{"allow":["GET"]}}],"collection":[{"href":"https:\/\/www.lycee-charles-nodier-ac-besancon.fr\/wordpress\/wp-json\/wp\/v2\/posts"}],"about":[{"href":"https:\/\/www.lycee-charles-nodier-ac-besancon.fr\/wordpress\/wp-json\/wp\/v2\/types\/post"}],"author":[{"embeddable":true,"href":"https:\/\/www.lycee-charles-nodier-ac-besancon.fr\/wordpress\/wp-json\/wp\/v2\/users\/2"}],"replies":[{"embeddable":true,"href":"https:\/\/www.lycee-charles-nodier-ac-besancon.fr\/wordpress\/wp-json\/wp\/v2\/comments?post=4118"}],"version-history":[{"count":3,"href":"https:\/\/www.lycee-charles-nodier-ac-besancon.fr\/wordpress\/wp-json\/wp\/v2\/posts\/4118\/revisions"}],"predecessor-version":[{"id":4928,"href":"https:\/\/www.lycee-charles-nodier-ac-besancon.fr\/wordpress\/wp-json\/wp\/v2\/posts\/4118\/revisions\/4928"}],"wp:featuredmedia":[{"embeddable":true,"href":"https:\/\/www.lycee-charles-nodier-ac-besancon.fr\/wordpress\/wp-json\/wp\/v2\/media\/2585"}],"wp:attachment":[{"href":"https:\/\/www.lycee-charles-nodier-ac-besancon.fr\/wordpress\/wp-json\/wp\/v2\/media?parent=4118"}],"wp:term":[{"taxonomy":"category","embeddable":true,"href":"https:\/\/www.lycee-charles-nodier-ac-besancon.fr\/wordpress\/wp-json\/wp\/v2\/categories?post=4118"},{"taxonomy":"post_tag","embeddable":true,"href":"https:\/\/www.lycee-charles-nodier-ac-besancon.fr\/wordpress\/wp-json\/wp\/v2\/tags?post=4118"},{"taxonomy":"author","embeddable":true,"href":"https:\/\/www.lycee-charles-nodier-ac-besancon.fr\/wordpress\/wp-json\/wp\/v2\/coauthors?post=4118"}],"curies":[{"name":"wp","href":"https:\/\/api.w.org\/{rel}","templated":true}]}}