{"id":4121,"date":"2020-06-17T08:56:43","date_gmt":"2020-06-17T06:56:43","guid":{"rendered":"http:\/\/www.lycee-charles-nodier-ac-besancon.fr\/wordpress\/?p=4121"},"modified":"2020-06-25T07:53:18","modified_gmt":"2020-06-25T05:53:18","slug":"productions-realisees-dans-le-cadre-de-lenseignement-musical-a-distance","status":"publish","type":"post","link":"https:\/\/www.lycee-charles-nodier-ac-besancon.fr\/wordpress\/productions-realisees-dans-le-cadre-de-lenseignement-musical-a-distance\/","title":{"rendered":"Productions r\u00e9alis\u00e9es dans le cadre de l\u2019enseignement musical \u00e0 distance"},"content":{"rendered":"\n<p class=\"Standard\"><strong>\u00ab\u00a0Confessions d\u2019\u00e9l\u00e8ves confin\u00e9s\u00a0\u00bb<\/strong>, film r\u00e9alis\u00e9 par C. Delavelle.<br \/>Lyc\u00e9e Charles Nodier<br \/>\u00c9l\u00e8ves de seconde, enseignement optionnel \u00ab\u00a0histoire des arts\u00a0\u00bb.<\/p>\n\n<!-- iframe plugin v.6.0 wordpress.org\/plugins\/iframe\/ -->\n<iframe loading=\"lazy\" width=\"560\" height=\"315\" src=\"https:\/\/www.youtube.com\/embed\/RrUQgCsmP1k\" frameborder=\"0\" allow=\"accelerometer; autoplay; encrypted-media; gyroscope; picture-in-picture\" 0=\"allowfullscreen\" scrolling=\"yes\" class=\"iframe-class\"><\/iframe>\n\n<p class=\"Standard\" style=\"text-align: justify;\">Comment vivez-vous le confinement g\u00e9n\u00e9ral\u00a0? Est-ce facile de suivre les cours \u00e0 distance\u00a0? Suivez-vous l\u2019actualit\u00e9 en continu\u00a0? Avez-vous peur\u00a0? Souffrez-vous ne pas pouvoir sortir librement\u00a0? Les \u00e9l\u00e8ves de seconde \u00ab\u00a0histoire des arts\u00a0\u00bb se confient\u2026<\/p>\n<p class=\"Standard\">Enregistrements effectu\u00e9s pendant la p\u00e9riode de confinement g\u00e9n\u00e9ral.<\/p>\n<p class=\"Standard\">Extraits musicaux\u00a0: Anouar Brahem, Daniel Goyone, The Pink Floyd, Jaco Pastorius.<\/p>\n<p class=\"Standard\">\u00a0<\/p>\n<p class=\"Standard\">\u00a0<\/p>\n<p class=\"Standard\">\u00a0<\/p>\n<p class=\"Standard\" style=\"text-align: justify;\"><strong>\u00ab\u00a0Give me the Night\u00a0\u00bb<\/strong>, film r\u00e9alis\u00e9 par C. Delavelle.<br \/>Lyc\u00e9e Charles Nodier<br \/>\u00c9l\u00e8ves de premi\u00e8re, enseignement optionnel \u00ab\u00a0musique\u00a0\u00bb.<\/p>\n\n<!-- iframe plugin v.6.0 wordpress.org\/plugins\/iframe\/ -->\n<iframe loading=\"lazy\" width=\"560\" height=\"315\" src=\"https:\/\/www.youtube.com\/embed\/d6Zi5W0BSQY\" frameborder=\"0\" allow=\"accelerometer; autoplay; encrypted-media; gyroscope; picture-in-picture\" 0=\"allowfullscreen\" scrolling=\"yes\" class=\"iframe-class\"><\/iframe>\n\n<p class=\"Standard\" style=\"text-align: justify;\">Une cr\u00e9ation originale r\u00e9alis\u00e9e \u00e0 partir de l\u2019arrangement de Walter Murphy du premier mouvement de la <u>Symphonie n\u00b05<\/u> de L.V. Beethoven, \u00ab\u00a0A fifth of Beethoven\u00a0\u00bb.<\/p>\n<p class=\"Standard\" style=\"text-align: justify;\">\u00a0<\/p>\n<p class=\"Standard\" style=\"text-align: justify;\">\u00a0<\/p>\n<p class=\"Standard\" style=\"text-align: justify;\">\u00a0<\/p>\n<p class=\"Standard\" style=\"text-align: justify;\"><strong>\u00ab\u00a0En ces temps confin\u00e9s\u00a0\u00bb<\/strong>, film r\u00e9alis\u00e9 par C. Delavelle.<br \/>Lyc\u00e9e Charles Nodier<br \/>\u00c9l\u00e8ves de seconde et premi\u00e8re, enseignement optionnel \u00ab\u00a0musique\u00a0\u00bb.<\/p>\n\n<!-- iframe plugin v.6.0 wordpress.org\/plugins\/iframe\/ -->\n<iframe loading=\"lazy\" width=\"560\" height=\"315\" src=\"https:\/\/www.youtube.com\/embed\/yKrkvmUX_mw\" frameborder=\"0\" allow=\"accelerometer; autoplay; encrypted-media; gyroscope; picture-in-picture\" 0=\"allowfullscreen\" scrolling=\"yes\" class=\"iframe-class\"><\/iframe>\n\n<p class=\"Standard\" style=\"text-align: justify;\">Chanson n\u00e9e de l\u2019addition de po\u00e8mes \u00e9crits par les \u00e9l\u00e8ves de seconde sur un <i>backing track<\/i> \u00ab\u00a0reggae\u00a0\u00bb, style choisi par les lyc\u00e9ens. Des interventions parl\u00e9es, \u00e9crites et enregistr\u00e9es par des \u00e9l\u00e8ves de premi\u00e8re en p\u00e9riode de confinement g\u00e9n\u00e9ral rythment la chanson&#8230;<\/p>\n<p>\u00a0<\/p>\n<p class=\"Standard\" style=\"text-align: justify;\"><strong>\u00ab\u00a0On ne veut pas de toi\u00a0\u00bb<\/strong><b>, <\/b>film r\u00e9alis\u00e9 par C. Delavelle.<br \/><b><\/b>Lyc\u00e9e Charles Nodier<br \/><b><\/b>El\u00e8ves de terminale, enseignement optionnel \u00ab\u00a0musique\u00a0\u00bb.<b><\/b><\/p>\n<p class=\"Standard\" style=\"text-align: left;\">\n<!-- iframe plugin v.6.0 wordpress.org\/plugins\/iframe\/ -->\n<iframe loading=\"lazy\" width=\"560\" height=\"315\" src=\"https:\/\/www.youtube.com\/embed\/BZtjsIs_RWI\" frameborder=\"0\" allow=\"accelerometer; autoplay; encrypted-media; gyroscope; picture-in-picture\" 0=\"allowfullscreen\" scrolling=\"yes\" class=\"iframe-class\"><\/iframe>\n<\/p>\n<p class=\"Standard\" style=\"text-align: justify;\">Chanson n\u00e9e de l\u2019addition de po\u00e8mes \u00e9crits par les \u00e9l\u00e8ves de terminale. Musique compos\u00e9e par Corentin (harmonie et contrechants de violon) et Romane (parties vocales).<b><\/b><\/p>\n","protected":false},"excerpt":{"rendered":"<p>\u00ab\u00a0Confessions d\u2019\u00e9l\u00e8ves confin\u00e9s\u00a0\u00bb, film r\u00e9alis\u00e9 par C. Delavelle.Lyc\u00e9e Charles Nodier\u00c9l\u00e8ves de seconde, enseignement optionnel \u00ab\u00a0histoire des arts\u00a0\u00bb. Comment vivez-vous le confinement g\u00e9n\u00e9ral\u00a0? Est-ce facile de suivre les cours \u00e0 distance\u00a0?\u2026<\/p>\n<p> <a class=\"continue-reading-link\" href=\"https:\/\/www.lycee-charles-nodier-ac-besancon.fr\/wordpress\/productions-realisees-dans-le-cadre-de-lenseignement-musical-a-distance\/\"><span>Lire la suite<\/span><i class=\"crycon-right-dir\"><\/i><\/a> <\/p>\n","protected":false},"author":21,"featured_media":4122,"comment_status":"closed","ping_status":"open","sticky":false,"template":"","format":"standard","meta":{"footnotes":""},"categories":[34,63,92,91],"tags":[],"coauthors":[],"class_list":["post-4121","post","type-post","status-publish","format-standard","has-post-thumbnail","hentry","category-activites_concours","category-edu_musicale","category-eleves","category-parents"],"views":2141,"_links":{"self":[{"href":"https:\/\/www.lycee-charles-nodier-ac-besancon.fr\/wordpress\/wp-json\/wp\/v2\/posts\/4121","targetHints":{"allow":["GET"]}}],"collection":[{"href":"https:\/\/www.lycee-charles-nodier-ac-besancon.fr\/wordpress\/wp-json\/wp\/v2\/posts"}],"about":[{"href":"https:\/\/www.lycee-charles-nodier-ac-besancon.fr\/wordpress\/wp-json\/wp\/v2\/types\/post"}],"author":[{"embeddable":true,"href":"https:\/\/www.lycee-charles-nodier-ac-besancon.fr\/wordpress\/wp-json\/wp\/v2\/users\/21"}],"replies":[{"embeddable":true,"href":"https:\/\/www.lycee-charles-nodier-ac-besancon.fr\/wordpress\/wp-json\/wp\/v2\/comments?post=4121"}],"version-history":[{"count":4,"href":"https:\/\/www.lycee-charles-nodier-ac-besancon.fr\/wordpress\/wp-json\/wp\/v2\/posts\/4121\/revisions"}],"predecessor-version":[{"id":4140,"href":"https:\/\/www.lycee-charles-nodier-ac-besancon.fr\/wordpress\/wp-json\/wp\/v2\/posts\/4121\/revisions\/4140"}],"wp:featuredmedia":[{"embeddable":true,"href":"https:\/\/www.lycee-charles-nodier-ac-besancon.fr\/wordpress\/wp-json\/wp\/v2\/media\/4122"}],"wp:attachment":[{"href":"https:\/\/www.lycee-charles-nodier-ac-besancon.fr\/wordpress\/wp-json\/wp\/v2\/media?parent=4121"}],"wp:term":[{"taxonomy":"category","embeddable":true,"href":"https:\/\/www.lycee-charles-nodier-ac-besancon.fr\/wordpress\/wp-json\/wp\/v2\/categories?post=4121"},{"taxonomy":"post_tag","embeddable":true,"href":"https:\/\/www.lycee-charles-nodier-ac-besancon.fr\/wordpress\/wp-json\/wp\/v2\/tags?post=4121"},{"taxonomy":"author","embeddable":true,"href":"https:\/\/www.lycee-charles-nodier-ac-besancon.fr\/wordpress\/wp-json\/wp\/v2\/coauthors?post=4121"}],"curies":[{"name":"wp","href":"https:\/\/api.w.org\/{rel}","templated":true}]}}