{"id":4130,"date":"2020-06-22T15:47:35","date_gmt":"2020-06-22T13:47:35","guid":{"rendered":"http:\/\/www.lycee-charles-nodier-ac-besancon.fr\/wordpress\/?p=4130"},"modified":"2020-06-22T15:47:36","modified_gmt":"2020-06-22T13:47:36","slug":"notre-assistante-en-2019-2020","status":"publish","type":"post","link":"https:\/\/www.lycee-charles-nodier-ac-besancon.fr\/wordpress\/notre-assistante-en-2019-2020\/","title":{"rendered":"Notre assistante en 2019-2020"},"content":{"rendered":"\n<figure class=\"wp-block-image size-large\"><img loading=\"lazy\" decoding=\"async\" width=\"768\" height=\"1024\" src=\"https:\/\/www.lycee-charles-nodier-ac-besancon.fr\/wordpress\/wp-content\/uploads\/2020\/06\/Alba-768x1024.jpeg\" alt=\"\" class=\"wp-image-4131\" srcset=\"https:\/\/www.lycee-charles-nodier-ac-besancon.fr\/wordpress\/wp-content\/uploads\/2020\/06\/Alba-768x1024.jpeg 768w, https:\/\/www.lycee-charles-nodier-ac-besancon.fr\/wordpress\/wp-content\/uploads\/2020\/06\/Alba-225x300.jpeg 225w, https:\/\/www.lycee-charles-nodier-ac-besancon.fr\/wordpress\/wp-content\/uploads\/2020\/06\/Alba-1152x1536.jpeg 1152w, https:\/\/www.lycee-charles-nodier-ac-besancon.fr\/wordpress\/wp-content\/uploads\/2020\/06\/Alba-113x150.jpeg 113w, https:\/\/www.lycee-charles-nodier-ac-besancon.fr\/wordpress\/wp-content\/uploads\/2020\/06\/Alba.jpeg 1200w\" sizes=\"auto, (max-width: 768px) 100vw, 768px\" \/><figcaption><strong>Alba <\/strong><\/figcaption><\/figure>\n\n\n\n<p style=\"text-align: justify\"><span style=\"color: #0000ff\">\u00ab\u00a0Je m\u2019appelle Alba Sandoval. Je viens d\u2019une petite r\u00e9gion du sud de l\u2019Espagne qui s\u2019appelle \u00ab Regi\u00f3n de Murcia \u00bb. Une commune connue pour sa gastronomie, son climat et ses plages. C\u2019est l\u00e0 que j\u2019ai fait des \u00e9tudes de Traduction et Interpr\u00e9tation du fran\u00e7ais \u00e0 l\u2019Universit\u00e9\u00a0\u00bb.<\/span><\/p>\n\n\n\n<figure class=\"wp-block-image size-large\"><img loading=\"lazy\" decoding=\"async\" width=\"600\" height=\"405\" src=\"https:\/\/www.lycee-charles-nodier-ac-besancon.fr\/wordpress\/wp-content\/uploads\/2020\/06\/mapa-mudo-espana-provincias-1.jpg\" alt=\"\" class=\"wp-image-4132\" srcset=\"https:\/\/www.lycee-charles-nodier-ac-besancon.fr\/wordpress\/wp-content\/uploads\/2020\/06\/mapa-mudo-espana-provincias-1.jpg 600w, https:\/\/www.lycee-charles-nodier-ac-besancon.fr\/wordpress\/wp-content\/uploads\/2020\/06\/mapa-mudo-espana-provincias-1-300x203.jpg 300w, https:\/\/www.lycee-charles-nodier-ac-besancon.fr\/wordpress\/wp-content\/uploads\/2020\/06\/mapa-mudo-espana-provincias-1-150x101.jpg 150w, https:\/\/www.lycee-charles-nodier-ac-besancon.fr\/wordpress\/wp-content\/uploads\/2020\/06\/mapa-mudo-espana-provincias-1-222x150.jpg 222w\" sizes=\"auto, (max-width: 600px) 100vw, 600px\" \/><\/figure>\n\n\n\n<figure class=\"wp-block-image size-large\"><img loading=\"lazy\" decoding=\"async\" width=\"640\" height=\"500\" src=\"https:\/\/www.lycee-charles-nodier-ac-besancon.fr\/wordpress\/wp-content\/uploads\/2020\/06\/mar-menor.jpg\" alt=\"\" class=\"wp-image-4133\" srcset=\"https:\/\/www.lycee-charles-nodier-ac-besancon.fr\/wordpress\/wp-content\/uploads\/2020\/06\/mar-menor.jpg 640w, https:\/\/www.lycee-charles-nodier-ac-besancon.fr\/wordpress\/wp-content\/uploads\/2020\/06\/mar-menor-300x234.jpg 300w, https:\/\/www.lycee-charles-nodier-ac-besancon.fr\/wordpress\/wp-content\/uploads\/2020\/06\/mar-menor-150x117.jpg 150w, https:\/\/www.lycee-charles-nodier-ac-besancon.fr\/wordpress\/wp-content\/uploads\/2020\/06\/mar-menor-192x150.jpg 192w\" sizes=\"auto, (max-width: 640px) 100vw, 640px\" \/><\/figure>\n\n\n\n<p style=\"text-align: justify;\"><span style=\"color: #0000ff;\">\u00ab\u00a0J\u2019ai eu la chance de travailler au lyc\u00e9e Charles Nodier comme assistante de conversation d\u2019espagnol avec Mme Chaland, Mme Granger et Mme Bonjour. Gr\u00e2ce \u00e0 elles, \u00e0 M. Pinto et \u00e0 toute l&rsquo;\u00e9quipe je me suis toujours sentie \u00e0 Dole comme chez moi.<\/span><\/p>\n<p style=\"text-align: justify;\"><span style=\"color: #0000ff;\">Je suis ravie d\u2019avoir aid\u00e9 les \u00e9l\u00e8ves dans leur apprentissage de l\u2019espagnol, surtout avec des cours plus interactifs, avec la finalit\u00e9 de mieux faire conna\u00eetre ma culture et mon pays. <\/span><\/p>\n<p style=\"text-align: justify;\"><span style=\"color: #0000ff;\">Cette exp\u00e9rience a \u00e9t\u00e9 tr\u00e8s enrichissante gr\u00e2ce aux \u00e9l\u00e8ves plein d\u2019enthousiasme et d\u2019\u00e9nergie\u00a0\u00bb.<\/span><\/p>\n","protected":false},"excerpt":{"rendered":"<p>\u00ab\u00a0Je m\u2019appelle Alba Sandoval. Je viens d\u2019une petite r\u00e9gion du sud de l\u2019Espagne qui s\u2019appelle \u00ab Regi\u00f3n de Murcia \u00bb. Une commune connue pour sa gastronomie, son climat et ses\u2026<\/p>\n<p> <a class=\"continue-reading-link\" href=\"https:\/\/www.lycee-charles-nodier-ac-besancon.fr\/wordpress\/notre-assistante-en-2019-2020\/\"><span>Lire la suite<\/span><i class=\"crycon-right-dir\"><\/i><\/a> <\/p>\n","protected":false},"author":15,"featured_media":4131,"comment_status":"closed","ping_status":"open","sticky":false,"template":"","format":"standard","meta":{"footnotes":""},"categories":[103,92,61,1,91,93,32],"tags":[],"coauthors":[],"class_list":["post-4130","post","type-post","status-publish","format-standard","has-post-thumbnail","hentry","category-international-erasmus","category-eleves","category-espagnol","category-non-classe","category-parents","category-personnels","category-voyages"],"views":2355,"_links":{"self":[{"href":"https:\/\/www.lycee-charles-nodier-ac-besancon.fr\/wordpress\/wp-json\/wp\/v2\/posts\/4130","targetHints":{"allow":["GET"]}}],"collection":[{"href":"https:\/\/www.lycee-charles-nodier-ac-besancon.fr\/wordpress\/wp-json\/wp\/v2\/posts"}],"about":[{"href":"https:\/\/www.lycee-charles-nodier-ac-besancon.fr\/wordpress\/wp-json\/wp\/v2\/types\/post"}],"author":[{"embeddable":true,"href":"https:\/\/www.lycee-charles-nodier-ac-besancon.fr\/wordpress\/wp-json\/wp\/v2\/users\/15"}],"replies":[{"embeddable":true,"href":"https:\/\/www.lycee-charles-nodier-ac-besancon.fr\/wordpress\/wp-json\/wp\/v2\/comments?post=4130"}],"version-history":[{"count":3,"href":"https:\/\/www.lycee-charles-nodier-ac-besancon.fr\/wordpress\/wp-json\/wp\/v2\/posts\/4130\/revisions"}],"predecessor-version":[{"id":4136,"href":"https:\/\/www.lycee-charles-nodier-ac-besancon.fr\/wordpress\/wp-json\/wp\/v2\/posts\/4130\/revisions\/4136"}],"wp:featuredmedia":[{"embeddable":true,"href":"https:\/\/www.lycee-charles-nodier-ac-besancon.fr\/wordpress\/wp-json\/wp\/v2\/media\/4131"}],"wp:attachment":[{"href":"https:\/\/www.lycee-charles-nodier-ac-besancon.fr\/wordpress\/wp-json\/wp\/v2\/media?parent=4130"}],"wp:term":[{"taxonomy":"category","embeddable":true,"href":"https:\/\/www.lycee-charles-nodier-ac-besancon.fr\/wordpress\/wp-json\/wp\/v2\/categories?post=4130"},{"taxonomy":"post_tag","embeddable":true,"href":"https:\/\/www.lycee-charles-nodier-ac-besancon.fr\/wordpress\/wp-json\/wp\/v2\/tags?post=4130"},{"taxonomy":"author","embeddable":true,"href":"https:\/\/www.lycee-charles-nodier-ac-besancon.fr\/wordpress\/wp-json\/wp\/v2\/coauthors?post=4130"}],"curies":[{"name":"wp","href":"https:\/\/api.w.org\/{rel}","templated":true}]}}