{"id":4208,"date":"2020-09-11T17:23:05","date_gmt":"2020-09-11T15:23:05","guid":{"rendered":"http:\/\/www.lycee-charles-nodier-ac-besancon.fr\/wordpress\/?p=4208"},"modified":"2020-09-11T17:23:07","modified_gmt":"2020-09-11T15:23:07","slug":"bacs-de-collecte","status":"publish","type":"post","link":"https:\/\/www.lycee-charles-nodier-ac-besancon.fr\/wordpress\/bacs-de-collecte\/","title":{"rendered":"Bacs de collecte"},"content":{"rendered":"\n<div>\n<div>\n<p dir=\"ltr\"><span style=\"font-size: 11pt; font-family: arial; vertical-align: baseline; white-space: pre-wrap; font-variant-numeric: normal; font-variant-east-asian: normal;\">Gr\u00e2ce \u00e0 l\u2019aide des<strong> \u00e9co-d\u00e9l\u00e9gu\u00e9s responsables du projet<\/strong>, le lyc\u00e9e s\u2019engage dor\u00e9navant \u00e0 mettre en place <strong>des bacs de collecte<\/strong> pour r\u00e9colter :<\/span><\/p>\n<ul>\n<li dir=\"ltr\"><span style=\"font-size: 11pt; font-family: arial; vertical-align: baseline; white-space: pre-wrap; font-variant-numeric: normal; font-variant-east-asian: normal;\">les bouchons de bouteilles en plastique.<\/span><\/li>\n<li dir=\"ltr\">les bouchons en li\u00e8ge<\/li>\n<li dir=\"ltr\">les piles et les batteries<\/li>\n<li dir=\"ltr\">les instruments d&rsquo;\u00e9criture<\/li>\n<li dir=\"ltr\">les cartouches d&rsquo;encre<\/li>\n<\/ul>\nCes bacs de collecte se trouvent devant le bureau de la vie scolaire.<\/div>\n<div>\u00a0<\/div>\n<div><img loading=\"lazy\" decoding=\"async\" class=\"size-full wp-image-4209 aligncenter\" src=\"https:\/\/www.lycee-charles-nodier-ac-besancon.fr\/wordpress\/wp-content\/uploads\/2020\/09\/IMG_20200828_100611918.jpg\" alt=\"\" width=\"2066\" height=\"1162\" srcset=\"https:\/\/www.lycee-charles-nodier-ac-besancon.fr\/wordpress\/wp-content\/uploads\/2020\/09\/IMG_20200828_100611918.jpg 2066w, https:\/\/www.lycee-charles-nodier-ac-besancon.fr\/wordpress\/wp-content\/uploads\/2020\/09\/IMG_20200828_100611918-300x169.jpg 300w, https:\/\/www.lycee-charles-nodier-ac-besancon.fr\/wordpress\/wp-content\/uploads\/2020\/09\/IMG_20200828_100611918-1024x576.jpg 1024w, https:\/\/www.lycee-charles-nodier-ac-besancon.fr\/wordpress\/wp-content\/uploads\/2020\/09\/IMG_20200828_100611918-768x432.jpg 768w, https:\/\/www.lycee-charles-nodier-ac-besancon.fr\/wordpress\/wp-content\/uploads\/2020\/09\/IMG_20200828_100611918-1536x864.jpg 1536w, https:\/\/www.lycee-charles-nodier-ac-besancon.fr\/wordpress\/wp-content\/uploads\/2020\/09\/IMG_20200828_100611918-2048x1152.jpg 2048w, https:\/\/www.lycee-charles-nodier-ac-besancon.fr\/wordpress\/wp-content\/uploads\/2020\/09\/IMG_20200828_100611918-150x84.jpg 150w, https:\/\/www.lycee-charles-nodier-ac-besancon.fr\/wordpress\/wp-content\/uploads\/2020\/09\/IMG_20200828_100611918-250x141.jpg 250w\" sizes=\"auto, (max-width: 2066px) 100vw, 2066px\" \/><br \/>\n<p dir=\"ltr\"><span style=\"font-size: 11pt; font-family: arial; vertical-align: baseline; white-space: pre-wrap; font-variant-numeric: normal; font-variant-east-asian: normal;\">Alors pourquoi prendre cette collecte au s\u00e9rieux ?<\/span><\/p>\n<p dir=\"ltr\"><span style=\"font-size: 11pt; font-family: arial; vertical-align: baseline; white-space: pre-wrap; font-variant-numeric: normal; font-variant-east-asian: normal;\">Parce que le plastique r\u00e9colt\u00e9 gr\u00e2ce aux bouchons et revendu et recycl\u00e9. En plus de cela, la totalit\u00e9 des revenus g\u00e9n\u00e9r\u00e9s par la vente sont utilis\u00e9s pour financer des associations (handisport, handichien) et pour acheter du mat\u00e9riel m\u00e9dical aux personnes handicap\u00e9es.<\/span><\/p>\n<p dir=\"ltr\"><span style=\"font-size: 11pt; font-family: arial; vertical-align: baseline; white-space: pre-wrap; font-variant-numeric: normal; font-variant-east-asian: normal;\">N\u2019oubliez pas qu\u2019avec ce simple geste de collecte, vous pouvez changer des vies \u00e0 jamais. Si vous ne le faites pas pour vous, faites le pour les autres.<\/span><\/p>\n<p dir=\"ltr\"><span style=\"font-size: 11pt; font-family: arial; vertical-align: baseline; white-space: pre-wrap; font-variant-numeric: normal; font-variant-east-asian: normal;\">Pour plus d\u2019informations, vous pouvez vous rendre sur le site <\/span><a style=\"text-decoration-line: none;\" href=\"https:\/\/www.bouchonsdamour.com\/\" target=\"_blank\" rel=\"noopener noreferrer\"><span style=\"font-size: 11pt; font-family: arial; vertical-align: baseline; white-space: pre-wrap; color: #1155cc; font-variant-numeric: normal; font-variant-east-asian: normal; text-decoration-line: underline;\">https:\/\/www.bouchonsdamour.com\/<\/span><\/a><span style=\"font-size: 11pt; font-family: arial; vertical-align: baseline; white-space: pre-wrap; font-variant-numeric: normal; font-variant-east-asian: normal;\"> ou demandez aux \u00e9co d\u00e9l\u00e9gu\u00e9s.<\/span><\/p>\n<p dir=\"ltr\"><span style=\"font-size: 11pt; font-family: arial; vertical-align: baseline; white-space: pre-wrap; font-variant-numeric: normal; font-variant-east-asian: normal;\">Bonne r\u00e9colte !<\/span><\/p>\n<p dir=\"ltr\">Pour plus de renseignements, vous pouvez contacter les \u00e9co-d\u00e9l\u00e9gu\u00e9s \u00e0 l&rsquo;origine du projet pr\u00e9sents cette ann\u00e9e au lyc\u00e9e : Mina Barbier, Mathis Fuinel, Mohamed Bechbeche.<\/p>\n<\/div>\n<\/div>\n\n\n\n<p><strong>Campagne d&rsquo;information :<\/strong><\/p>\n\n\n\n<figure class=\"wp-block-gallery columns-3 is-cropped wp-block-gallery-1 is-layout-flex wp-block-gallery-is-layout-flex\"><ul class=\"blocks-gallery-grid\"><li class=\"blocks-gallery-item\"><figure><img loading=\"lazy\" decoding=\"async\" width=\"601\" height=\"848\" src=\"https:\/\/www.lycee-charles-nodier-ac-besancon.fr\/wordpress\/wp-content\/uploads\/2020\/09\/ecriture.jpg\" alt=\"\" data-id=\"4211\" data-full-url=\"https:\/\/www.lycee-charles-nodier-ac-besancon.fr\/wordpress\/wp-content\/uploads\/2020\/09\/ecriture.jpg\" data-link=\"https:\/\/www.lycee-charles-nodier-ac-besancon.fr\/wordpress\/?attachment_id=4211\" class=\"wp-image-4211\" srcset=\"https:\/\/www.lycee-charles-nodier-ac-besancon.fr\/wordpress\/wp-content\/uploads\/2020\/09\/ecriture.jpg 601w, https:\/\/www.lycee-charles-nodier-ac-besancon.fr\/wordpress\/wp-content\/uploads\/2020\/09\/ecriture-213x300.jpg 213w, https:\/\/www.lycee-charles-nodier-ac-besancon.fr\/wordpress\/wp-content\/uploads\/2020\/09\/ecriture-106x150.jpg 106w\" sizes=\"auto, (max-width: 601px) 100vw, 601px\" \/><\/figure><\/li><li class=\"blocks-gallery-item\"><figure><img loading=\"lazy\" decoding=\"async\" width=\"595\" height=\"847\" src=\"https:\/\/www.lycee-charles-nodier-ac-besancon.fr\/wordpress\/wp-content\/uploads\/2020\/09\/encre.jpg\" alt=\"\" data-id=\"4212\" data-full-url=\"https:\/\/www.lycee-charles-nodier-ac-besancon.fr\/wordpress\/wp-content\/uploads\/2020\/09\/encre.jpg\" data-link=\"https:\/\/www.lycee-charles-nodier-ac-besancon.fr\/wordpress\/?attachment_id=4212\" class=\"wp-image-4212\" srcset=\"https:\/\/www.lycee-charles-nodier-ac-besancon.fr\/wordpress\/wp-content\/uploads\/2020\/09\/encre.jpg 595w, https:\/\/www.lycee-charles-nodier-ac-besancon.fr\/wordpress\/wp-content\/uploads\/2020\/09\/encre-211x300.jpg 211w, https:\/\/www.lycee-charles-nodier-ac-besancon.fr\/wordpress\/wp-content\/uploads\/2020\/09\/encre-105x150.jpg 105w\" sizes=\"auto, (max-width: 595px) 100vw, 595px\" \/><\/figure><\/li><li class=\"blocks-gallery-item\"><figure><img loading=\"lazy\" decoding=\"async\" width=\"566\" height=\"793\" src=\"https:\/\/www.lycee-charles-nodier-ac-besancon.fr\/wordpress\/wp-content\/uploads\/2020\/09\/liege.jpg\" alt=\"\" data-id=\"4213\" data-full-url=\"https:\/\/www.lycee-charles-nodier-ac-besancon.fr\/wordpress\/wp-content\/uploads\/2020\/09\/liege.jpg\" data-link=\"https:\/\/www.lycee-charles-nodier-ac-besancon.fr\/wordpress\/?attachment_id=4213\" class=\"wp-image-4213\" srcset=\"https:\/\/www.lycee-charles-nodier-ac-besancon.fr\/wordpress\/wp-content\/uploads\/2020\/09\/liege.jpg 566w, https:\/\/www.lycee-charles-nodier-ac-besancon.fr\/wordpress\/wp-content\/uploads\/2020\/09\/liege-214x300.jpg 214w, https:\/\/www.lycee-charles-nodier-ac-besancon.fr\/wordpress\/wp-content\/uploads\/2020\/09\/liege-107x150.jpg 107w\" sizes=\"auto, (max-width: 566px) 100vw, 566px\" \/><\/figure><\/li><li class=\"blocks-gallery-item\"><figure><img loading=\"lazy\" decoding=\"async\" width=\"577\" height=\"855\" src=\"https:\/\/www.lycee-charles-nodier-ac-besancon.fr\/wordpress\/wp-content\/uploads\/2020\/09\/bouchons.jpg\" alt=\"\" data-id=\"4214\" data-full-url=\"https:\/\/www.lycee-charles-nodier-ac-besancon.fr\/wordpress\/wp-content\/uploads\/2020\/09\/bouchons.jpg\" data-link=\"https:\/\/www.lycee-charles-nodier-ac-besancon.fr\/wordpress\/?attachment_id=4214\" class=\"wp-image-4214\" srcset=\"https:\/\/www.lycee-charles-nodier-ac-besancon.fr\/wordpress\/wp-content\/uploads\/2020\/09\/bouchons.jpg 577w, https:\/\/www.lycee-charles-nodier-ac-besancon.fr\/wordpress\/wp-content\/uploads\/2020\/09\/bouchons-202x300.jpg 202w, https:\/\/www.lycee-charles-nodier-ac-besancon.fr\/wordpress\/wp-content\/uploads\/2020\/09\/bouchons-101x150.jpg 101w\" sizes=\"auto, (max-width: 577px) 100vw, 577px\" \/><\/figure><\/li><\/ul><\/figure>\n\n\n","protected":false},"excerpt":{"rendered":"<p>Gr\u00e2ce \u00e0 l\u2019aide des \u00e9co-d\u00e9l\u00e9gu\u00e9s responsables du projet, le lyc\u00e9e s\u2019engage dor\u00e9navant \u00e0 mettre en place des bacs de collecte pour r\u00e9colter : les bouchons de bouteilles en plastique. les\u2026<\/p>\n<p> <a class=\"continue-reading-link\" href=\"https:\/\/www.lycee-charles-nodier-ac-besancon.fr\/wordpress\/bacs-de-collecte\/\"><span>Lire la suite<\/span><i class=\"crycon-right-dir\"><\/i><\/a> <\/p>\n","protected":false},"author":2,"featured_media":4209,"comment_status":"closed","ping_status":"open","sticky":false,"template":"","format":"standard","meta":{"footnotes":""},"categories":[106,92,91,93],"tags":[],"coauthors":[],"class_list":["post-4208","post","type-post","status-publish","format-standard","has-post-thumbnail","hentry","category-e3d","category-eleves","category-parents","category-personnels"],"views":3582,"_links":{"self":[{"href":"https:\/\/www.lycee-charles-nodier-ac-besancon.fr\/wordpress\/wp-json\/wp\/v2\/posts\/4208","targetHints":{"allow":["GET"]}}],"collection":[{"href":"https:\/\/www.lycee-charles-nodier-ac-besancon.fr\/wordpress\/wp-json\/wp\/v2\/posts"}],"about":[{"href":"https:\/\/www.lycee-charles-nodier-ac-besancon.fr\/wordpress\/wp-json\/wp\/v2\/types\/post"}],"author":[{"embeddable":true,"href":"https:\/\/www.lycee-charles-nodier-ac-besancon.fr\/wordpress\/wp-json\/wp\/v2\/users\/2"}],"replies":[{"embeddable":true,"href":"https:\/\/www.lycee-charles-nodier-ac-besancon.fr\/wordpress\/wp-json\/wp\/v2\/comments?post=4208"}],"version-history":[{"count":3,"href":"https:\/\/www.lycee-charles-nodier-ac-besancon.fr\/wordpress\/wp-json\/wp\/v2\/posts\/4208\/revisions"}],"predecessor-version":[{"id":4227,"href":"https:\/\/www.lycee-charles-nodier-ac-besancon.fr\/wordpress\/wp-json\/wp\/v2\/posts\/4208\/revisions\/4227"}],"wp:featuredmedia":[{"embeddable":true,"href":"https:\/\/www.lycee-charles-nodier-ac-besancon.fr\/wordpress\/wp-json\/wp\/v2\/media\/4209"}],"wp:attachment":[{"href":"https:\/\/www.lycee-charles-nodier-ac-besancon.fr\/wordpress\/wp-json\/wp\/v2\/media?parent=4208"}],"wp:term":[{"taxonomy":"category","embeddable":true,"href":"https:\/\/www.lycee-charles-nodier-ac-besancon.fr\/wordpress\/wp-json\/wp\/v2\/categories?post=4208"},{"taxonomy":"post_tag","embeddable":true,"href":"https:\/\/www.lycee-charles-nodier-ac-besancon.fr\/wordpress\/wp-json\/wp\/v2\/tags?post=4208"},{"taxonomy":"author","embeddable":true,"href":"https:\/\/www.lycee-charles-nodier-ac-besancon.fr\/wordpress\/wp-json\/wp\/v2\/coauthors?post=4208"}],"curies":[{"name":"wp","href":"https:\/\/api.w.org\/{rel}","templated":true}]}}