{"id":4217,"date":"2020-09-02T19:28:00","date_gmt":"2020-09-02T17:28:00","guid":{"rendered":"http:\/\/www.lycee-charles-nodier-ac-besancon.fr\/wordpress\/?p=4217"},"modified":"2025-08-26T12:42:32","modified_gmt":"2025-08-26T10:42:32","slug":"reunion-de-rentree-parents-deleves-de-2nde","status":"publish","type":"post","link":"https:\/\/www.lycee-charles-nodier-ac-besancon.fr\/wordpress\/reunion-de-rentree-parents-deleves-de-2nde\/","title":{"rendered":"R\u00e9union de rentr\u00e9e &#8211; Parents d\u2019\u00e9l\u00e8ves de 2nde"},"content":{"rendered":"\n<p>Les r\u00e9unions d&rsquo;information pour les parents d&rsquo;\u00e9l\u00e8ves de 2DE se tiendront les lundi 07 et mardi 08 septembre \u00e0 18h, selon la r\u00e9partition suivante :<br \/>-lundi 07\/09 : classes de 2DE 1, 2DE 3, 2DE 5 et 2DE 6 ;<br \/>-mardi 08\/09 : classes de 2DE 2, 2DE 4, 2DE 7 et 2DE 8.<br \/>\u00a0<br \/>Ces r\u00e9unions se d\u00e9rouleront en 2 temps :\u00a0<br \/>-de 18h \u00e0 18h45 : r\u00e9union pl\u00e9ni\u00e8re anim\u00e9e par l&rsquo;\u00e9quipe de direction (salle Meyer) ;<br \/>-de 18h45 \u00e0 19h30 : r\u00e9union par classe avec chaque \u00e9quipe p\u00e9dagogique (2DE \u00a03 &#8211; 2DE 4 en salle 401 ; 2DE 1 &#8211; 2DE 2 en salle 402 ; 2DE 5 &#8211; \u00a02DE 7 en salle 403 ; 2DE 6 &#8211; 2DE 8 en salle 404).<br \/>\u00a0<br \/>En raison des contraintes sanitaires, sauf situation particuli\u00e8re (parents s\u00e9par\u00e9s par exemple), 1 seul adulte par famille sera accueilli. Les \u00e9l\u00e8ves eux-m\u00eames ne devront pas \u00eatre pr\u00e9sents, au risque d&rsquo;avoir des flux trop <br \/>importants.<br \/>Masque obligatoire pour ce temps d&rsquo;\u00e9change.<\/p>\n","protected":false},"excerpt":{"rendered":"<p>Les r\u00e9unions d&rsquo;information pour les parents d&rsquo;\u00e9l\u00e8ves de 2DE se tiendront les lundi 07 et mardi 08 septembre \u00e0 18h, selon la r\u00e9partition suivante :-lundi 07\/09 : classes de 2DE\u2026<\/p>\n<p> <a class=\"continue-reading-link\" href=\"https:\/\/www.lycee-charles-nodier-ac-besancon.fr\/wordpress\/reunion-de-rentree-parents-deleves-de-2nde\/\"><span>Lire la suite<\/span><i class=\"crycon-right-dir\"><\/i><\/a> <\/p>\n","protected":false},"author":2,"featured_media":3787,"comment_status":"closed","ping_status":"open","sticky":false,"template":"","format":"standard","meta":{"footnotes":""},"categories":[91,134],"tags":[],"coauthors":[164],"class_list":["post-4217","post","type-post","status-publish","format-standard","has-post-thumbnail","hentry","category-parents","category-rentree-2020-2021"],"views":2044,"_links":{"self":[{"href":"https:\/\/www.lycee-charles-nodier-ac-besancon.fr\/wordpress\/wp-json\/wp\/v2\/posts\/4217","targetHints":{"allow":["GET"]}}],"collection":[{"href":"https:\/\/www.lycee-charles-nodier-ac-besancon.fr\/wordpress\/wp-json\/wp\/v2\/posts"}],"about":[{"href":"https:\/\/www.lycee-charles-nodier-ac-besancon.fr\/wordpress\/wp-json\/wp\/v2\/types\/post"}],"author":[{"embeddable":true,"href":"https:\/\/www.lycee-charles-nodier-ac-besancon.fr\/wordpress\/wp-json\/wp\/v2\/users\/2"}],"replies":[{"embeddable":true,"href":"https:\/\/www.lycee-charles-nodier-ac-besancon.fr\/wordpress\/wp-json\/wp\/v2\/comments?post=4217"}],"version-history":[{"count":1,"href":"https:\/\/www.lycee-charles-nodier-ac-besancon.fr\/wordpress\/wp-json\/wp\/v2\/posts\/4217\/revisions"}],"predecessor-version":[{"id":4218,"href":"https:\/\/www.lycee-charles-nodier-ac-besancon.fr\/wordpress\/wp-json\/wp\/v2\/posts\/4217\/revisions\/4218"}],"wp:featuredmedia":[{"embeddable":true,"href":"https:\/\/www.lycee-charles-nodier-ac-besancon.fr\/wordpress\/wp-json\/wp\/v2\/media\/3787"}],"wp:attachment":[{"href":"https:\/\/www.lycee-charles-nodier-ac-besancon.fr\/wordpress\/wp-json\/wp\/v2\/media?parent=4217"}],"wp:term":[{"taxonomy":"category","embeddable":true,"href":"https:\/\/www.lycee-charles-nodier-ac-besancon.fr\/wordpress\/wp-json\/wp\/v2\/categories?post=4217"},{"taxonomy":"post_tag","embeddable":true,"href":"https:\/\/www.lycee-charles-nodier-ac-besancon.fr\/wordpress\/wp-json\/wp\/v2\/tags?post=4217"},{"taxonomy":"author","embeddable":true,"href":"https:\/\/www.lycee-charles-nodier-ac-besancon.fr\/wordpress\/wp-json\/wp\/v2\/coauthors?post=4217"}],"curies":[{"name":"wp","href":"https:\/\/api.w.org\/{rel}","templated":true}]}}