{"id":4246,"date":"2020-11-11T15:47:56","date_gmt":"2020-11-11T14:47:56","guid":{"rendered":"http:\/\/www.lycee-charles-nodier-ac-besancon.fr\/wordpress\/?p=4246"},"modified":"2020-11-11T15:47:56","modified_gmt":"2020-11-11T14:47:56","slug":"forum-etudiants-lyceens-2020","status":"publish","type":"post","link":"https:\/\/www.lycee-charles-nodier-ac-besancon.fr\/wordpress\/forum-etudiants-lyceens-2020\/","title":{"rendered":"Forum \u00e9tudiants \/ lyc\u00e9ens 2020"},"content":{"rendered":"\n<p>Notre forum \u00e9tudiants\/lyc\u00e9ens revient pour la 8\u00e8me ann\u00e9e !<br \/><br \/>Vous \u00eates ancien(ne) \u00e9l\u00e8ve du lyc\u00e9e, et \u00e9tudiant(e) ou jeune actif, alors venez partager votre exp\u00e9rience avec des lyc\u00e9ens lors de notre forum du 18 d\u00e9cembre prochain !<br \/><br \/>Afin de conseiller au mieux nos lyc\u00e9ens, nous vous demandons de bien vous renseigner quant aux nouvelles sp\u00e9cialit\u00e9s propos\u00e9es dans le cadre de la r\u00e9forme du lyc\u00e9e et du nouveau bac g\u00e9n\u00e9ral.<br \/><br \/>Il aura lieu le <strong>vendredi 18 d\u00e9cembre de 13h30 \u00e0 16h30<\/strong>, dans l&rsquo;enceinte du lyc\u00e9e. Nous comptons donc sur votre participation pour confirmer le succ\u00e8s de cette rencontre.<br \/><br \/>\u00c0 l&rsquo;heure actuelle, compte tenu du contexte pand\u00e9mique, nous ne savons pas si le forum aura lieu en pr\u00e9sentiel ou par visioconf\u00e9rence. Le format du forum sera adapt\u00e9 \u00e0 la derni\u00e8re minute en fonction des contraintes sanitaires en vigueur.<br \/><br \/>Confirmez-nous votre participation en remplissant le formulaire en ligne : <a href=\"https:\/\/docs.google.com\/forms\/d\/e\/1FAIpQLSfTqNPYhEHrviaFtvqsxZ8_-AYIuCY4b8sFcHzkOHo5HuYtRw\/viewform\" target=\"_blank\" rel=\"noopener noreferrer\">https:\/\/docs.google.com\/forms\/d\/e\/1FAIpQLSfTqNPYhEHrviaFtvqsxZ8_-AYIuCY4b8sFcHzkOHo5HuYtRw\/viewform<\/a><\/p>\n<p><img loading=\"lazy\" decoding=\"async\" class=\"size-full wp-image-4247 aligncenter\" src=\"https:\/\/www.lycee-charles-nodier-ac-besancon.fr\/wordpress\/wp-content\/uploads\/2020\/11\/affiche-forum2020.png\" alt=\"\" width=\"584\" height=\"814\" srcset=\"https:\/\/www.lycee-charles-nodier-ac-besancon.fr\/wordpress\/wp-content\/uploads\/2020\/11\/affiche-forum2020.png 584w, https:\/\/www.lycee-charles-nodier-ac-besancon.fr\/wordpress\/wp-content\/uploads\/2020\/11\/affiche-forum2020-215x300.png 215w, https:\/\/www.lycee-charles-nodier-ac-besancon.fr\/wordpress\/wp-content\/uploads\/2020\/11\/affiche-forum2020-108x150.png 108w\" sizes=\"auto, (max-width: 584px) 100vw, 584px\" \/><\/p>\n","protected":false},"excerpt":{"rendered":"<p>Notre forum \u00e9tudiants\/lyc\u00e9ens revient pour la 8\u00e8me ann\u00e9e ! Vous \u00eates ancien(ne) \u00e9l\u00e8ve du lyc\u00e9e, et \u00e9tudiant(e) ou jeune actif, alors venez partager votre exp\u00e9rience avec des lyc\u00e9ens lors de\u2026<\/p>\n<p> <a class=\"continue-reading-link\" href=\"https:\/\/www.lycee-charles-nodier-ac-besancon.fr\/wordpress\/forum-etudiants-lyceens-2020\/\"><span>Lire la suite<\/span><i class=\"crycon-right-dir\"><\/i><\/a> <\/p>\n","protected":false},"author":2,"featured_media":4247,"comment_status":"closed","ping_status":"open","sticky":false,"template":"","format":"standard","meta":{"footnotes":""},"categories":[17,81],"tags":[],"coauthors":[],"class_list":["post-4246","post","type-post","status-publish","format-standard","has-post-thumbnail","hentry","category-actualite","category-les-anciens-de-nodier"],"views":2477,"_links":{"self":[{"href":"https:\/\/www.lycee-charles-nodier-ac-besancon.fr\/wordpress\/wp-json\/wp\/v2\/posts\/4246","targetHints":{"allow":["GET"]}}],"collection":[{"href":"https:\/\/www.lycee-charles-nodier-ac-besancon.fr\/wordpress\/wp-json\/wp\/v2\/posts"}],"about":[{"href":"https:\/\/www.lycee-charles-nodier-ac-besancon.fr\/wordpress\/wp-json\/wp\/v2\/types\/post"}],"author":[{"embeddable":true,"href":"https:\/\/www.lycee-charles-nodier-ac-besancon.fr\/wordpress\/wp-json\/wp\/v2\/users\/2"}],"replies":[{"embeddable":true,"href":"https:\/\/www.lycee-charles-nodier-ac-besancon.fr\/wordpress\/wp-json\/wp\/v2\/comments?post=4246"}],"version-history":[{"count":1,"href":"https:\/\/www.lycee-charles-nodier-ac-besancon.fr\/wordpress\/wp-json\/wp\/v2\/posts\/4246\/revisions"}],"predecessor-version":[{"id":4248,"href":"https:\/\/www.lycee-charles-nodier-ac-besancon.fr\/wordpress\/wp-json\/wp\/v2\/posts\/4246\/revisions\/4248"}],"wp:featuredmedia":[{"embeddable":true,"href":"https:\/\/www.lycee-charles-nodier-ac-besancon.fr\/wordpress\/wp-json\/wp\/v2\/media\/4247"}],"wp:attachment":[{"href":"https:\/\/www.lycee-charles-nodier-ac-besancon.fr\/wordpress\/wp-json\/wp\/v2\/media?parent=4246"}],"wp:term":[{"taxonomy":"category","embeddable":true,"href":"https:\/\/www.lycee-charles-nodier-ac-besancon.fr\/wordpress\/wp-json\/wp\/v2\/categories?post=4246"},{"taxonomy":"post_tag","embeddable":true,"href":"https:\/\/www.lycee-charles-nodier-ac-besancon.fr\/wordpress\/wp-json\/wp\/v2\/tags?post=4246"},{"taxonomy":"author","embeddable":true,"href":"https:\/\/www.lycee-charles-nodier-ac-besancon.fr\/wordpress\/wp-json\/wp\/v2\/coauthors?post=4246"}],"curies":[{"name":"wp","href":"https:\/\/api.w.org\/{rel}","templated":true}]}}