{"id":432,"date":"2023-07-07T08:30:00","date_gmt":"2023-07-07T06:30:00","guid":{"rendered":"http:\/\/www.lycee-charles-nodier-ac-besancon.fr\/wordpress\/?p=432"},"modified":"2023-08-29T14:34:11","modified_gmt":"2023-08-29T12:34:11","slug":"horaire-des-sonneries","status":"publish","type":"post","link":"https:\/\/www.lycee-charles-nodier-ac-besancon.fr\/wordpress\/horaire-des-sonneries\/","title":{"rendered":"Horaire des sonneries"},"content":{"rendered":"<h4 style=\"text-align: center;\"><strong>Horaire des sonneries pour l&rsquo;ann\u00e9e scolaire 2023-2024<\/strong><\/h4>\n<p>Matin :<\/p>\n<ul>\n<li>8h05 : d\u00e9but cours<\/li>\n<li>9h00 : d\u00e9but cours<\/li>\n<li>9h55 : r\u00e9cr\u00e9ation<\/li>\n<li>10h10 : d\u00e9but cours<\/li>\n<li>11h05 : d\u00e9but cours<\/li>\n<li>12h : fin des cours<\/li>\n<\/ul>\n<p>Apr\u00e8s-midi<\/p>\n<ul>\n<li>13h25 : d\u00e9but cours<\/li>\n<li>14h20 : d\u00e9but cours<\/li>\n<li>15h15 : r\u00e9cr\u00e9ation<\/li>\n<li>15h30 : d\u00e9but cours<\/li>\n<li>16h25 : d\u00e9but cours<\/li>\n<li>17h20 : d\u00e9but cours<\/li>\n<li>17h50 : fin des cours<\/li>\n<\/ul>\n","protected":false},"excerpt":{"rendered":"<p>Horaire des sonneries pour l&rsquo;ann\u00e9e scolaire 2023-2024 Matin : 8h05 : d\u00e9but cours 9h00 : d\u00e9but cours 9h55 : r\u00e9cr\u00e9ation 10h10 : d\u00e9but cours 11h05 : d\u00e9but cours 12h :\u2026<\/p>\n<p> <a class=\"continue-reading-link\" href=\"https:\/\/www.lycee-charles-nodier-ac-besancon.fr\/wordpress\/horaire-des-sonneries\/\"><span>Lire la suite<\/span><i class=\"crycon-right-dir\"><\/i><\/a> <\/p>\n","protected":false},"author":2,"featured_media":433,"comment_status":"closed","ping_status":"open","sticky":false,"template":"","format":"standard","meta":{"footnotes":""},"categories":[16],"tags":[],"coauthors":[],"class_list":["post-432","post","type-post","status-publish","format-standard","has-post-thumbnail","hentry","category-informations"],"views":5384,"_links":{"self":[{"href":"https:\/\/www.lycee-charles-nodier-ac-besancon.fr\/wordpress\/wp-json\/wp\/v2\/posts\/432","targetHints":{"allow":["GET"]}}],"collection":[{"href":"https:\/\/www.lycee-charles-nodier-ac-besancon.fr\/wordpress\/wp-json\/wp\/v2\/posts"}],"about":[{"href":"https:\/\/www.lycee-charles-nodier-ac-besancon.fr\/wordpress\/wp-json\/wp\/v2\/types\/post"}],"author":[{"embeddable":true,"href":"https:\/\/www.lycee-charles-nodier-ac-besancon.fr\/wordpress\/wp-json\/wp\/v2\/users\/2"}],"replies":[{"embeddable":true,"href":"https:\/\/www.lycee-charles-nodier-ac-besancon.fr\/wordpress\/wp-json\/wp\/v2\/comments?post=432"}],"version-history":[{"count":5,"href":"https:\/\/www.lycee-charles-nodier-ac-besancon.fr\/wordpress\/wp-json\/wp\/v2\/posts\/432\/revisions"}],"predecessor-version":[{"id":5778,"href":"https:\/\/www.lycee-charles-nodier-ac-besancon.fr\/wordpress\/wp-json\/wp\/v2\/posts\/432\/revisions\/5778"}],"wp:featuredmedia":[{"embeddable":true,"href":"https:\/\/www.lycee-charles-nodier-ac-besancon.fr\/wordpress\/wp-json\/wp\/v2\/media\/433"}],"wp:attachment":[{"href":"https:\/\/www.lycee-charles-nodier-ac-besancon.fr\/wordpress\/wp-json\/wp\/v2\/media?parent=432"}],"wp:term":[{"taxonomy":"category","embeddable":true,"href":"https:\/\/www.lycee-charles-nodier-ac-besancon.fr\/wordpress\/wp-json\/wp\/v2\/categories?post=432"},{"taxonomy":"post_tag","embeddable":true,"href":"https:\/\/www.lycee-charles-nodier-ac-besancon.fr\/wordpress\/wp-json\/wp\/v2\/tags?post=432"},{"taxonomy":"author","embeddable":true,"href":"https:\/\/www.lycee-charles-nodier-ac-besancon.fr\/wordpress\/wp-json\/wp\/v2\/coauthors?post=432"}],"curies":[{"name":"wp","href":"https:\/\/api.w.org\/{rel}","templated":true}]}}