{"id":4424,"date":"2021-03-30T17:27:31","date_gmt":"2021-03-30T15:27:31","guid":{"rendered":"http:\/\/www.lycee-charles-nodier-ac-besancon.fr\/wordpress\/?p=4424"},"modified":"2021-06-08T11:45:21","modified_gmt":"2021-06-08T09:45:21","slug":"point-culture-saison-1-histoire","status":"publish","type":"post","link":"https:\/\/www.lycee-charles-nodier-ac-besancon.fr\/wordpress\/point-culture-saison-1-histoire\/","title":{"rendered":"POINT CULTURE (saison 1 #histoire)"},"content":{"rendered":"\n<p><em>Pour traiter du th\u00e8me de \u00ab\u00a0l&rsquo;Acc\u00e8s \u00e0 la connaissance\u00a0\u00bb, au programme de la sp\u00e9cialit\u00e9 Histoire-G\u00e9o-G\u00e9opolitique-ScPo, les \u00e9l\u00e8ves de terminale ont travaill\u00e9 sur les figures cl\u00e9s de l&rsquo;alphab\u00e9tisation des femmes du 16e si\u00e8cle \u00e0 nos jours. Ils ont produit une s\u00e9rie de portraits<\/em> <em>crois\u00e9s r\u00e9unis en 4 \u00e9pisodes<\/em><\/p>\n\n\n\n<p><span style=\"color: #800080;\"><strong>Episode 1<\/strong> &#8211; L&rsquo;alphab\u00e9tisation dans l&rsquo;\u00e9ducation des filles aux 16e et 17e si\u00e8cles : Jeanne de Chantal et Mme de Maintenon<\/span><\/p>\n\n\n\n<div class=\"wp-block-image\"><figure class=\"aligncenter size-large\"><img loading=\"lazy\" decoding=\"async\" width=\"291\" height=\"173\" src=\"https:\/\/www.lycee-charles-nodier-ac-besancon.fr\/wordpress\/wp-content\/uploads\/2021\/03\/maintenon.jpg\" alt=\"\" class=\"wp-image-4700\" srcset=\"https:\/\/www.lycee-charles-nodier-ac-besancon.fr\/wordpress\/wp-content\/uploads\/2021\/03\/maintenon.jpg 291w, https:\/\/www.lycee-charles-nodier-ac-besancon.fr\/wordpress\/wp-content\/uploads\/2021\/03\/maintenon-150x89.jpg 150w, https:\/\/www.lycee-charles-nodier-ac-besancon.fr\/wordpress\/wp-content\/uploads\/2021\/03\/maintenon-250x150.jpg 250w\" sizes=\"auto, (max-width: 291px) 100vw, 291px\" \/><\/figure><\/div>\n\n\n\n<figure class=\"wp-block-audio\"><audio controls src=\"https:\/\/www.lycee-charles-nodier-ac-besancon.fr\/wordpress\/wp-content\/uploads\/2021\/03\/pointculture1-chantalmaintenon.mp3\"><\/audio><figcaption>Histoire des femmes &amp; \u00e9ducation 1\/4<\/figcaption><\/figure>\n\n\n\n<p><span style=\"color: #800080;\"><strong>Episode 2<\/strong> &#8211; La lente \u00e9volution des id\u00e9es sur l&rsquo;\u00e9ducation des filles au 18e si\u00e8cle : Rousseau, F\u00e9nelon, Condorcet<\/span><\/p>\n\n\n\n<figure class=\"wp-block-audio\"><audio controls src=\"https:\/\/www.lycee-charles-nodier-ac-besancon.fr\/wordpress\/wp-content\/uploads\/2021\/04\/pointculture2-rousseaucondorcetfenelon.mp3\"><\/audio><figcaption>Histoire des femmes &amp; \u00e9ducation 2\/4<\/figcaption><\/figure>\n\n\n\n<div class=\"wp-block-image\"><figure class=\"aligncenter size-large\"><img loading=\"lazy\" decoding=\"async\" width=\"184\" height=\"273\" src=\"https:\/\/www.lycee-charles-nodier-ac-besancon.fr\/wordpress\/wp-content\/uploads\/2021\/04\/rousseau.jpg\" alt=\"\" class=\"wp-image-4751\" srcset=\"https:\/\/www.lycee-charles-nodier-ac-besancon.fr\/wordpress\/wp-content\/uploads\/2021\/04\/rousseau.jpg 184w, https:\/\/www.lycee-charles-nodier-ac-besancon.fr\/wordpress\/wp-content\/uploads\/2021\/04\/rousseau-101x150.jpg 101w\" sizes=\"auto, (max-width: 184px) 100vw, 184px\" \/><figcaption>Jean-Jacques Rousseau<\/figcaption><\/figure><\/div>\n\n\n\n<p><span style=\"color: #800080;\"><strong>Episode 3<\/strong> &#8211; L&rsquo;\u00e9tape d\u00e9cisive du 19e si\u00e8cle en France : Jules Ferry, Camille S\u00e9e, Victor Duruy<\/span><\/p>\n\n\n\n<figure class=\"wp-block-audio\"><audio controls src=\"https:\/\/www.lycee-charles-nodier-ac-besancon.fr\/wordpress\/wp-content\/uploads\/2021\/05\/pointculture3-ferryduruy.mp3\"><\/audio><figcaption>Histoire des femmes &amp; \u00e9ducation 3\/4<\/figcaption><\/figure>\n\n\n\n<div class=\"wp-block-image\"><figure class=\"aligncenter size-large\"><img loading=\"lazy\" decoding=\"async\" width=\"182\" height=\"277\" src=\"https:\/\/www.lycee-charles-nodier-ac-besancon.fr\/wordpress\/wp-content\/uploads\/2021\/05\/ferry-2.jpg\" alt=\"\" class=\"wp-image-4786\" srcset=\"https:\/\/www.lycee-charles-nodier-ac-besancon.fr\/wordpress\/wp-content\/uploads\/2021\/05\/ferry-2.jpg 182w, https:\/\/www.lycee-charles-nodier-ac-besancon.fr\/wordpress\/wp-content\/uploads\/2021\/05\/ferry-2-99x150.jpg 99w\" sizes=\"auto, (max-width: 182px) 100vw, 182px\" \/><figcaption>Jules Ferry<\/figcaption><\/figure><\/div>\n\n\n\n<p><span style=\"color: #800080;\"><strong>Episode 4<\/strong> &#8211; L&rsquo;\u00e9ducation des filles aujourd&rsquo;hui dans le monde : Malala Yousafzai, Ann Cotton, A\u00efcha Bah Diallo<\/span><\/p>\n\n\n\n<figure class=\"wp-block-audio\"><audio controls src=\"https:\/\/www.lycee-charles-nodier-ac-besancon.fr\/wordpress\/wp-content\/uploads\/2021\/05\/pointculture4-malala.mp3\"><\/audio><figcaption>Histoire des femmes &amp; \u00e9ducation 4\/4<\/figcaption><\/figure>\n\n\n\n<div class=\"wp-block-image\"><figure class=\"aligncenter is-resized\"><img loading=\"lazy\" decoding=\"async\" src=\"https:\/\/www.lycee-charles-nodier-ac-besancon.fr\/wordpress\/wp-content\/uploads\/2021\/05\/malala.jpg\" alt=\"\" class=\"wp-image-4798\" width=\"197\" height=\"227\" srcset=\"https:\/\/www.lycee-charles-nodier-ac-besancon.fr\/wordpress\/wp-content\/uploads\/2021\/05\/malala.jpg 474w, https:\/\/www.lycee-charles-nodier-ac-besancon.fr\/wordpress\/wp-content\/uploads\/2021\/05\/malala-260x300.jpg 260w, https:\/\/www.lycee-charles-nodier-ac-besancon.fr\/wordpress\/wp-content\/uploads\/2021\/05\/malala-130x150.jpg 130w\" sizes=\"auto, (max-width: 197px) 100vw, 197px\" \/><\/figure><\/div>\n\n\n\n<h1 class=\"wp-block-heading\"><\/h1>\n","protected":false},"excerpt":{"rendered":"<p>Pour traiter du th\u00e8me de \u00ab\u00a0l&rsquo;Acc\u00e8s \u00e0 la connaissance\u00a0\u00bb, au programme de la sp\u00e9cialit\u00e9 Histoire-G\u00e9o-G\u00e9opolitique-ScPo, les \u00e9l\u00e8ves de terminale ont travaill\u00e9 sur les figures cl\u00e9s de l&rsquo;alphab\u00e9tisation des femmes du\u2026<\/p>\n<p> <a class=\"continue-reading-link\" href=\"https:\/\/www.lycee-charles-nodier-ac-besancon.fr\/wordpress\/point-culture-saison-1-histoire\/\"><span>Lire la suite<\/span><i class=\"crycon-right-dir\"><\/i><\/a> <\/p>\n","protected":false},"author":35,"featured_media":0,"comment_status":"closed","ping_status":"open","sticky":false,"template":"","format":"standard","meta":{"footnotes":""},"categories":[143],"tags":[],"coauthors":[],"class_list":["post-4424","post","type-post","status-publish","format-standard","hentry","category-point-culture"],"views":1868,"_links":{"self":[{"href":"https:\/\/www.lycee-charles-nodier-ac-besancon.fr\/wordpress\/wp-json\/wp\/v2\/posts\/4424","targetHints":{"allow":["GET"]}}],"collection":[{"href":"https:\/\/www.lycee-charles-nodier-ac-besancon.fr\/wordpress\/wp-json\/wp\/v2\/posts"}],"about":[{"href":"https:\/\/www.lycee-charles-nodier-ac-besancon.fr\/wordpress\/wp-json\/wp\/v2\/types\/post"}],"author":[{"embeddable":true,"href":"https:\/\/www.lycee-charles-nodier-ac-besancon.fr\/wordpress\/wp-json\/wp\/v2\/users\/35"}],"replies":[{"embeddable":true,"href":"https:\/\/www.lycee-charles-nodier-ac-besancon.fr\/wordpress\/wp-json\/wp\/v2\/comments?post=4424"}],"version-history":[{"count":18,"href":"https:\/\/www.lycee-charles-nodier-ac-besancon.fr\/wordpress\/wp-json\/wp\/v2\/posts\/4424\/revisions"}],"predecessor-version":[{"id":4823,"href":"https:\/\/www.lycee-charles-nodier-ac-besancon.fr\/wordpress\/wp-json\/wp\/v2\/posts\/4424\/revisions\/4823"}],"wp:attachment":[{"href":"https:\/\/www.lycee-charles-nodier-ac-besancon.fr\/wordpress\/wp-json\/wp\/v2\/media?parent=4424"}],"wp:term":[{"taxonomy":"category","embeddable":true,"href":"https:\/\/www.lycee-charles-nodier-ac-besancon.fr\/wordpress\/wp-json\/wp\/v2\/categories?post=4424"},{"taxonomy":"post_tag","embeddable":true,"href":"https:\/\/www.lycee-charles-nodier-ac-besancon.fr\/wordpress\/wp-json\/wp\/v2\/tags?post=4424"},{"taxonomy":"author","embeddable":true,"href":"https:\/\/www.lycee-charles-nodier-ac-besancon.fr\/wordpress\/wp-json\/wp\/v2\/coauthors?post=4424"}],"curies":[{"name":"wp","href":"https:\/\/api.w.org\/{rel}","templated":true}]}}