{"id":4427,"date":"2021-03-02T21:01:37","date_gmt":"2021-03-02T20:01:37","guid":{"rendered":"http:\/\/www.lycee-charles-nodier-ac-besancon.fr\/wordpress\/?p=4427"},"modified":"2021-03-02T21:01:37","modified_gmt":"2021-03-02T20:01:37","slug":"24-heures-dans-le-superieur","status":"publish","type":"post","link":"https:\/\/www.lycee-charles-nodier-ac-besancon.fr\/wordpress\/24-heures-dans-le-superieur\/","title":{"rendered":"24 heures dans le sup\u00e9rieur"},"content":{"rendered":"\n<div id=\"resume\" class=\"p-like\">\n<div class=\"row\">\n<div class=\"col--xs-12 col--sm-6 col--lg-8\"><strong><span class=\"b-like\">24 heures dans le sup\u00e9rieur : BTS tourisme du lyc\u00e9e Nodier de DOLE<\/span><\/strong><\/div>\n<\/div>\n<\/div>\n<div id=\"corps\" class=\"p-like wysiwyg\">\n<p><img loading=\"lazy\" decoding=\"async\" class=\"size-full wp-image-4428 alignleft\" src=\"https:\/\/www.lycee-charles-nodier-ac-besancon.fr\/wordpress\/wp-content\/uploads\/2021\/03\/logo2_article_vertical.jpg\" alt=\"\" width=\"235\" height=\"191\" srcset=\"https:\/\/www.lycee-charles-nodier-ac-besancon.fr\/wordpress\/wp-content\/uploads\/2021\/03\/logo2_article_vertical.jpg 235w, https:\/\/www.lycee-charles-nodier-ac-besancon.fr\/wordpress\/wp-content\/uploads\/2021\/03\/logo2_article_vertical-150x122.jpg 150w, https:\/\/www.lycee-charles-nodier-ac-besancon.fr\/wordpress\/wp-content\/uploads\/2021\/03\/logo2_article_vertical-185x150.jpg 185w\" sizes=\"auto, (max-width: 235px) 100vw, 235px\" \/>Les \u00e9l\u00e8ves des classes de seconde et de premi\u00e8re qui souhaitent s&rsquo;inscrire dans le dispositif \u00ab\u00a024 heures dans le sup\u00e9rieur\u00a0\u00bb pourront suivre une visio avec les <strong>enseignants ou les \u00e9tudiants du BTS tourisme<\/strong>. <br \/><strong>Ces visios auront lieu le vendredi 19 mars.<\/strong><br \/><br \/><\/p>\n<p>Pour vous inscrire, envoyez un message \u00e0 l&rsquo;adresse \u00e9lectronique suivante :<br \/><a href=\"mailto:sylvie.demont-prenat@ac-besancon.fr\">sylvie.demont-prenat@ac-besancon.fr<\/a><\/p>\n<p>Vous serez recontact\u00e9 par un mail et on vous donnera l&rsquo;horaire et le lien vers votre visioconf\u00e9rence.<\/p>\n<p>Je vous remercie de nous avoir choisi et vous souhaite une d\u00e9couverte enrichissante.<\/p>\n<p class=\"text--right\" style=\"text-align: right;\">Le Proviseur du lyc\u00e9e Nodier<br \/>Daniel PARENT<\/p>\n<\/div>\n","protected":false},"excerpt":{"rendered":"<p>24 heures dans le sup\u00e9rieur : BTS tourisme du lyc\u00e9e Nodier de DOLE Les \u00e9l\u00e8ves des classes de seconde et de premi\u00e8re qui souhaitent s&rsquo;inscrire dans le dispositif \u00ab\u00a024 heures\u2026<\/p>\n<p> <a class=\"continue-reading-link\" href=\"https:\/\/www.lycee-charles-nodier-ac-besancon.fr\/wordpress\/24-heures-dans-le-superieur\/\"><span>Lire la suite<\/span><i class=\"crycon-right-dir\"><\/i><\/a> <\/p>\n","protected":false},"author":1,"featured_media":4428,"comment_status":"closed","ping_status":"open","sticky":false,"template":"","format":"standard","meta":{"footnotes":""},"categories":[135,17],"tags":[],"coauthors":[],"class_list":["post-4427","post","type-post","status-publish","format-standard","has-post-thumbnail","hentry","category-actualites","category-actualite"],"views":1655,"_links":{"self":[{"href":"https:\/\/www.lycee-charles-nodier-ac-besancon.fr\/wordpress\/wp-json\/wp\/v2\/posts\/4427","targetHints":{"allow":["GET"]}}],"collection":[{"href":"https:\/\/www.lycee-charles-nodier-ac-besancon.fr\/wordpress\/wp-json\/wp\/v2\/posts"}],"about":[{"href":"https:\/\/www.lycee-charles-nodier-ac-besancon.fr\/wordpress\/wp-json\/wp\/v2\/types\/post"}],"author":[{"embeddable":true,"href":"https:\/\/www.lycee-charles-nodier-ac-besancon.fr\/wordpress\/wp-json\/wp\/v2\/users\/1"}],"replies":[{"embeddable":true,"href":"https:\/\/www.lycee-charles-nodier-ac-besancon.fr\/wordpress\/wp-json\/wp\/v2\/comments?post=4427"}],"version-history":[{"count":1,"href":"https:\/\/www.lycee-charles-nodier-ac-besancon.fr\/wordpress\/wp-json\/wp\/v2\/posts\/4427\/revisions"}],"predecessor-version":[{"id":4429,"href":"https:\/\/www.lycee-charles-nodier-ac-besancon.fr\/wordpress\/wp-json\/wp\/v2\/posts\/4427\/revisions\/4429"}],"wp:featuredmedia":[{"embeddable":true,"href":"https:\/\/www.lycee-charles-nodier-ac-besancon.fr\/wordpress\/wp-json\/wp\/v2\/media\/4428"}],"wp:attachment":[{"href":"https:\/\/www.lycee-charles-nodier-ac-besancon.fr\/wordpress\/wp-json\/wp\/v2\/media?parent=4427"}],"wp:term":[{"taxonomy":"category","embeddable":true,"href":"https:\/\/www.lycee-charles-nodier-ac-besancon.fr\/wordpress\/wp-json\/wp\/v2\/categories?post=4427"},{"taxonomy":"post_tag","embeddable":true,"href":"https:\/\/www.lycee-charles-nodier-ac-besancon.fr\/wordpress\/wp-json\/wp\/v2\/tags?post=4427"},{"taxonomy":"author","embeddable":true,"href":"https:\/\/www.lycee-charles-nodier-ac-besancon.fr\/wordpress\/wp-json\/wp\/v2\/coauthors?post=4427"}],"curies":[{"name":"wp","href":"https:\/\/api.w.org\/{rel}","templated":true}]}}