{"id":4673,"date":"2021-03-30T16:57:21","date_gmt":"2021-03-30T14:57:21","guid":{"rendered":"http:\/\/www.lycee-charles-nodier-ac-besancon.fr\/wordpress\/?p=4673"},"modified":"2021-05-17T11:52:17","modified_gmt":"2021-05-17T09:52:17","slug":"echappee-litteraire","status":"publish","type":"post","link":"https:\/\/www.lycee-charles-nodier-ac-besancon.fr\/wordpress\/echappee-litteraire\/","title":{"rendered":"Echapp\u00e9e Litt\u00e9raire"},"content":{"rendered":"\n<p>Les \u00e9l\u00e8ves de 1\u00e8re ann\u00e9e du BTS Tourisme vous invitent \u00e0 d\u00e9couvrir la s\u00e9lection de l&rsquo;Echapp\u00e9e Litt\u00e9raire 2021. Ils partagent leurs lectures de ces 4 romans et 4 BDs dans une s\u00e9rie de chroniques th\u00e9matiques&#8230;<\/p>\n\n\n\n<div class=\"wp-block-columns is-layout-flex wp-container-core-columns-is-layout-9d6595d7 wp-block-columns-is-layout-flex\">\n<div class=\"wp-block-column is-layout-flow wp-block-column-is-layout-flow\" style=\"flex-basis:100%\">\n<figure class=\"wp-block-gallery columns-8 is-cropped wp-block-gallery-1 is-layout-flex wp-block-gallery-is-layout-flex\"><ul class=\"blocks-gallery-grid\"><li class=\"blocks-gallery-item\"><figure><img loading=\"lazy\" decoding=\"async\" width=\"191\" height=\"264\" src=\"https:\/\/www.lycee-charles-nodier-ac-besancon.fr\/wordpress\/wp-content\/uploads\/2021\/03\/andrea-1.jpg\" alt=\"\" data-id=\"4687\" data-full-url=\"https:\/\/www.lycee-charles-nodier-ac-besancon.fr\/wordpress\/wp-content\/uploads\/2021\/03\/andrea-1.jpg\" data-link=\"https:\/\/www.lycee-charles-nodier-ac-besancon.fr\/wordpress\/?attachment_id=4687\" class=\"wp-image-4687\" srcset=\"https:\/\/www.lycee-charles-nodier-ac-besancon.fr\/wordpress\/wp-content\/uploads\/2021\/03\/andrea-1.jpg 191w, https:\/\/www.lycee-charles-nodier-ac-besancon.fr\/wordpress\/wp-content\/uploads\/2021\/03\/andrea-1-109x150.jpg 109w\" sizes=\"auto, (max-width: 191px) 100vw, 191px\" \/><\/figure><\/li><li class=\"blocks-gallery-item\"><figure><img loading=\"lazy\" decoding=\"async\" width=\"128\" height=\"167\" src=\"https:\/\/www.lycee-charles-nodier-ac-besancon.fr\/wordpress\/wp-content\/uploads\/2021\/03\/balkans-1.jpg\" alt=\"\" data-id=\"4688\" data-full-url=\"https:\/\/www.lycee-charles-nodier-ac-besancon.fr\/wordpress\/wp-content\/uploads\/2021\/03\/balkans-1.jpg\" data-link=\"https:\/\/www.lycee-charles-nodier-ac-besancon.fr\/wordpress\/?attachment_id=4688\" class=\"wp-image-4688\" srcset=\"https:\/\/www.lycee-charles-nodier-ac-besancon.fr\/wordpress\/wp-content\/uploads\/2021\/03\/balkans-1.jpg 128w, https:\/\/www.lycee-charles-nodier-ac-besancon.fr\/wordpress\/wp-content\/uploads\/2021\/03\/balkans-1-115x150.jpg 115w\" sizes=\"auto, (max-width: 128px) 100vw, 128px\" \/><\/figure><\/li><li class=\"blocks-gallery-item\"><figure><img loading=\"lazy\" decoding=\"async\" width=\"225\" height=\"225\" src=\"https:\/\/www.lycee-charles-nodier-ac-besancon.fr\/wordpress\/wp-content\/uploads\/2021\/03\/dans-le-meme-bateau-1.jpg\" alt=\"\" data-id=\"4689\" data-full-url=\"https:\/\/www.lycee-charles-nodier-ac-besancon.fr\/wordpress\/wp-content\/uploads\/2021\/03\/dans-le-meme-bateau-1.jpg\" data-link=\"https:\/\/www.lycee-charles-nodier-ac-besancon.fr\/wordpress\/?attachment_id=4689\" class=\"wp-image-4689\" srcset=\"https:\/\/www.lycee-charles-nodier-ac-besancon.fr\/wordpress\/wp-content\/uploads\/2021\/03\/dans-le-meme-bateau-1.jpg 225w, https:\/\/www.lycee-charles-nodier-ac-besancon.fr\/wordpress\/wp-content\/uploads\/2021\/03\/dans-le-meme-bateau-1-150x150.jpg 150w\" sizes=\"auto, (max-width: 225px) 100vw, 225px\" \/><\/figure><\/li><li class=\"blocks-gallery-item\"><figure><img loading=\"lazy\" decoding=\"async\" width=\"154\" height=\"215\" src=\"https:\/\/www.lycee-charles-nodier-ac-besancon.fr\/wordpress\/wp-content\/uploads\/2021\/03\/foretssiberie-1.jpg\" alt=\"\" data-id=\"4690\" data-full-url=\"https:\/\/www.lycee-charles-nodier-ac-besancon.fr\/wordpress\/wp-content\/uploads\/2021\/03\/foretssiberie-1.jpg\" data-link=\"https:\/\/www.lycee-charles-nodier-ac-besancon.fr\/wordpress\/?attachment_id=4690\" class=\"wp-image-4690\" srcset=\"https:\/\/www.lycee-charles-nodier-ac-besancon.fr\/wordpress\/wp-content\/uploads\/2021\/03\/foretssiberie-1.jpg 154w, https:\/\/www.lycee-charles-nodier-ac-besancon.fr\/wordpress\/wp-content\/uploads\/2021\/03\/foretssiberie-1-107x150.jpg 107w\" sizes=\"auto, (max-width: 154px) 100vw, 154px\" \/><\/figure><\/li><li class=\"blocks-gallery-item\"><figure><img loading=\"lazy\" decoding=\"async\" width=\"195\" height=\"259\" src=\"https:\/\/www.lycee-charles-nodier-ac-besancon.fr\/wordpress\/wp-content\/uploads\/2021\/03\/leszolas-1.jpg\" alt=\"\" data-id=\"4691\" data-full-url=\"https:\/\/www.lycee-charles-nodier-ac-besancon.fr\/wordpress\/wp-content\/uploads\/2021\/03\/leszolas-1.jpg\" data-link=\"https:\/\/www.lycee-charles-nodier-ac-besancon.fr\/wordpress\/?attachment_id=4691\" class=\"wp-image-4691\" srcset=\"https:\/\/www.lycee-charles-nodier-ac-besancon.fr\/wordpress\/wp-content\/uploads\/2021\/03\/leszolas-1.jpg 195w, https:\/\/www.lycee-charles-nodier-ac-besancon.fr\/wordpress\/wp-content\/uploads\/2021\/03\/leszolas-1-113x150.jpg 113w\" sizes=\"auto, (max-width: 195px) 100vw, 195px\" \/><\/figure><\/li><li class=\"blocks-gallery-item\"><figure><img loading=\"lazy\" decoding=\"async\" width=\"195\" height=\"259\" src=\"https:\/\/www.lycee-charles-nodier-ac-besancon.fr\/wordpress\/wp-content\/uploads\/2021\/03\/oiseauxneseretournentpas-1.jpg\" alt=\"\" data-id=\"4692\" data-full-url=\"https:\/\/www.lycee-charles-nodier-ac-besancon.fr\/wordpress\/wp-content\/uploads\/2021\/03\/oiseauxneseretournentpas-1.jpg\" data-link=\"https:\/\/www.lycee-charles-nodier-ac-besancon.fr\/wordpress\/?attachment_id=4692\" class=\"wp-image-4692\" srcset=\"https:\/\/www.lycee-charles-nodier-ac-besancon.fr\/wordpress\/wp-content\/uploads\/2021\/03\/oiseauxneseretournentpas-1.jpg 195w, https:\/\/www.lycee-charles-nodier-ac-besancon.fr\/wordpress\/wp-content\/uploads\/2021\/03\/oiseauxneseretournentpas-1-113x150.jpg 113w\" sizes=\"auto, (max-width: 195px) 100vw, 195px\" \/><\/figure><\/li><li class=\"blocks-gallery-item\"><figure><img loading=\"lazy\" decoding=\"async\" width=\"187\" height=\"215\" src=\"https:\/\/www.lycee-charles-nodier-ac-besancon.fr\/wordpress\/wp-content\/uploads\/2021\/03\/pacifique-2.jpg\" alt=\"\" data-id=\"4698\" data-full-url=\"https:\/\/www.lycee-charles-nodier-ac-besancon.fr\/wordpress\/wp-content\/uploads\/2021\/03\/pacifique-2.jpg\" data-link=\"https:\/\/www.lycee-charles-nodier-ac-besancon.fr\/wordpress\/echappee-litteraire\/pacifique-2\/\" class=\"wp-image-4698\" srcset=\"https:\/\/www.lycee-charles-nodier-ac-besancon.fr\/wordpress\/wp-content\/uploads\/2021\/03\/pacifique-2.jpg 187w, https:\/\/www.lycee-charles-nodier-ac-besancon.fr\/wordpress\/wp-content\/uploads\/2021\/03\/pacifique-2-130x150.jpg 130w\" sizes=\"auto, (max-width: 187px) 100vw, 187px\" \/><\/figure><\/li><li class=\"blocks-gallery-item\"><figure><img loading=\"lazy\" decoding=\"async\" width=\"188\" height=\"268\" src=\"https:\/\/www.lycee-charles-nodier-ac-besancon.fr\/wordpress\/wp-content\/uploads\/2021\/03\/scorpion-1.jpg\" alt=\"\" data-id=\"4694\" data-full-url=\"https:\/\/www.lycee-charles-nodier-ac-besancon.fr\/wordpress\/wp-content\/uploads\/2021\/03\/scorpion-1.jpg\" data-link=\"https:\/\/www.lycee-charles-nodier-ac-besancon.fr\/wordpress\/?attachment_id=4694\" class=\"wp-image-4694\" srcset=\"https:\/\/www.lycee-charles-nodier-ac-besancon.fr\/wordpress\/wp-content\/uploads\/2021\/03\/scorpion-1.jpg 188w, https:\/\/www.lycee-charles-nodier-ac-besancon.fr\/wordpress\/wp-content\/uploads\/2021\/03\/scorpion-1-105x150.jpg 105w\" sizes=\"auto, (max-width: 188px) 100vw, 188px\" \/><\/figure><\/li><\/ul><\/figure>\n<\/div>\n<\/div>\n\n\n\n<p>Epidode 1\/10 &#8211; Migration &amp; relations internationales (La route des Balkans &#8211; Christine de Mazi\u00e8res)<\/p>\n\n\n\n<figure class=\"wp-block-audio\"><audio controls src=\"https:\/\/www.lycee-charles-nodier-ac-besancon.fr\/wordpress\/wp-content\/uploads\/2021\/03\/echap1-balkans.mp3\"><\/audio><\/figure>\n\n\n\n<p>Epidode 2\/10 &#8211; Dompter la solitude (Dans les for\u00eats de Sib\u00e9rie &#8211; Virginie Dureuil, adaptation du roman de Sylvain Tesson)<\/p>\n\n\n\n<figure class=\"wp-block-audio\"><audio controls src=\"https:\/\/www.lycee-charles-nodier-ac-besancon.fr\/wordpress\/wp-content\/uploads\/2021\/05\/echap2-siberie.mp3\"><\/audio><\/figure>\n\n\n\n<p>Episode 3\/10 &#8211; Mourir pour la patrie ( Pacifique &#8211; St\u00e9phanie Hochet)<\/p>\n\n\n\n<figure class=\"wp-block-audio\"><audio controls src=\"https:\/\/www.lycee-charles-nodier-ac-besancon.fr\/wordpress\/wp-content\/uploads\/2021\/05\/echap3-Pacifique.mp3\"><\/audio><\/figure>\n\n\n\n<p>Episode 4\/10 &#8211; Amour, cr\u00e9ation et trahison ( Les Zolas &#8211; M\u00e9liane Marcaggi (Sc\u00e9nario) Alice Chemama (Dessin))<\/p>\n\n\n\n<figure class=\"wp-block-audio\"><audio controls src=\"https:\/\/www.lycee-charles-nodier-ac-besancon.fr\/wordpress\/wp-content\/uploads\/2021\/05\/echap4-Zolas.mp3\"><\/audio><\/figure>\n","protected":false},"excerpt":{"rendered":"<p>Les \u00e9l\u00e8ves de 1\u00e8re ann\u00e9e du BTS Tourisme vous invitent \u00e0 d\u00e9couvrir la s\u00e9lection de l&rsquo;Echapp\u00e9e Litt\u00e9raire 2021. Ils partagent leurs lectures de ces 4 romans et 4 BDs dans\u2026<\/p>\n<p> <a class=\"continue-reading-link\" href=\"https:\/\/www.lycee-charles-nodier-ac-besancon.fr\/wordpress\/echappee-litteraire\/\"><span>Lire la suite<\/span><i class=\"crycon-right-dir\"><\/i><\/a> <\/p>\n","protected":false},"author":35,"featured_media":0,"comment_status":"closed","ping_status":"open","sticky":false,"template":"","format":"image","meta":{"footnotes":""},"categories":[144,92,91,93],"tags":[],"coauthors":[],"class_list":["post-4673","post","type-post","status-publish","format-image","hentry","category-echappee-litteraire","category-eleves","category-parents","category-personnels","post_format-post-format-image"],"views":1635,"_links":{"self":[{"href":"https:\/\/www.lycee-charles-nodier-ac-besancon.fr\/wordpress\/wp-json\/wp\/v2\/posts\/4673","targetHints":{"allow":["GET"]}}],"collection":[{"href":"https:\/\/www.lycee-charles-nodier-ac-besancon.fr\/wordpress\/wp-json\/wp\/v2\/posts"}],"about":[{"href":"https:\/\/www.lycee-charles-nodier-ac-besancon.fr\/wordpress\/wp-json\/wp\/v2\/types\/post"}],"author":[{"embeddable":true,"href":"https:\/\/www.lycee-charles-nodier-ac-besancon.fr\/wordpress\/wp-json\/wp\/v2\/users\/35"}],"replies":[{"embeddable":true,"href":"https:\/\/www.lycee-charles-nodier-ac-besancon.fr\/wordpress\/wp-json\/wp\/v2\/comments?post=4673"}],"version-history":[{"count":18,"href":"https:\/\/www.lycee-charles-nodier-ac-besancon.fr\/wordpress\/wp-json\/wp\/v2\/posts\/4673\/revisions"}],"predecessor-version":[{"id":4806,"href":"https:\/\/www.lycee-charles-nodier-ac-besancon.fr\/wordpress\/wp-json\/wp\/v2\/posts\/4673\/revisions\/4806"}],"wp:attachment":[{"href":"https:\/\/www.lycee-charles-nodier-ac-besancon.fr\/wordpress\/wp-json\/wp\/v2\/media?parent=4673"}],"wp:term":[{"taxonomy":"category","embeddable":true,"href":"https:\/\/www.lycee-charles-nodier-ac-besancon.fr\/wordpress\/wp-json\/wp\/v2\/categories?post=4673"},{"taxonomy":"post_tag","embeddable":true,"href":"https:\/\/www.lycee-charles-nodier-ac-besancon.fr\/wordpress\/wp-json\/wp\/v2\/tags?post=4673"},{"taxonomy":"author","embeddable":true,"href":"https:\/\/www.lycee-charles-nodier-ac-besancon.fr\/wordpress\/wp-json\/wp\/v2\/coauthors?post=4673"}],"curies":[{"name":"wp","href":"https:\/\/api.w.org\/{rel}","templated":true}]}}