{"id":4730,"date":"2021-04-08T11:06:46","date_gmt":"2021-04-08T09:06:46","guid":{"rendered":"http:\/\/www.lycee-charles-nodier-ac-besancon.fr\/wordpress\/?p=4730"},"modified":"2021-05-17T11:07:06","modified_gmt":"2021-05-17T09:07:06","slug":"si-loin-si-proches","status":"publish","type":"post","link":"https:\/\/www.lycee-charles-nodier-ac-besancon.fr\/wordpress\/si-loin-si-proches\/","title":{"rendered":"Si loin&#8230; si proches"},"content":{"rendered":"\n<div class=\"wp-block-columns is-layout-flex wp-container-core-columns-is-layout-9d6595d7 wp-block-columns-is-layout-flex\">\n<div class=\"wp-block-column is-layout-flow wp-block-column-is-layout-flow\" style=\"flex-basis:100%\">\n<h2><span style=\"color: #333399;\">Confidences pour confinement<\/span><\/h2>\n<\/div>\n<\/div>\n\n\n\n<p><em><img loading=\"lazy\" decoding=\"async\" class=\"alignleft size-medium wp-image-4732\" src=\"https:\/\/www.lycee-charles-nodier-ac-besancon.fr\/wordpress\/wp-content\/uploads\/2021\/04\/youssef-naddam-iJ2IG8ckCpA-unsplash-225x300.jpg\" alt=\"\" width=\"225\" height=\"300\" srcset=\"https:\/\/www.lycee-charles-nodier-ac-besancon.fr\/wordpress\/wp-content\/uploads\/2021\/04\/youssef-naddam-iJ2IG8ckCpA-unsplash-225x300.jpg 225w, https:\/\/www.lycee-charles-nodier-ac-besancon.fr\/wordpress\/wp-content\/uploads\/2021\/04\/youssef-naddam-iJ2IG8ckCpA-unsplash-768x1024.jpg 768w, https:\/\/www.lycee-charles-nodier-ac-besancon.fr\/wordpress\/wp-content\/uploads\/2021\/04\/youssef-naddam-iJ2IG8ckCpA-unsplash-1152x1536.jpg 1152w, https:\/\/www.lycee-charles-nodier-ac-besancon.fr\/wordpress\/wp-content\/uploads\/2021\/04\/youssef-naddam-iJ2IG8ckCpA-unsplash-1536x2048.jpg 1536w, https:\/\/www.lycee-charles-nodier-ac-besancon.fr\/wordpress\/wp-content\/uploads\/2021\/04\/youssef-naddam-iJ2IG8ckCpA-unsplash-113x150.jpg 113w, https:\/\/www.lycee-charles-nodier-ac-besancon.fr\/wordpress\/wp-content\/uploads\/2021\/04\/youssef-naddam-iJ2IG8ckCpA-unsplash-scaled.jpg 1920w\" sizes=\"auto, (max-width: 225px) 100vw, 225px\" \/><img decoding=\"async\" src=\"https:\/\/unsplash.com\/photos\/iJ2IG8ckCpA\" alt=\"\" \/>Dans le cadre de l\u2019enseignement moral et civique, nous avons <\/em><em>men\u00e9 depuis le debut de l\u2019ann\u00e9e un projet sur le lien social. L\u2019id\u00e9e <\/em><em>\u00e9tait de r\u00e9fl\u00e9chir sur son importance en ces temps de pand\u00e9mie <\/em><em>o\u00f9 chacun doit rester confin\u00e9 chez soi le plus possible. Comment<\/em> <em>maintenir ce lien malgr\u00e9 l\u2019\u00e9loignement et l\u2019isolement ?<\/em><\/p>\n<p><em>Cela a <\/em><em>donn\u00e9 lieu \u00e0 une s\u00e9rie d\u2019enregistrements qui seront diffus\u00e9s r\u00e9guli\u00e8rement sous forme de podcasts radio<\/em><em>.\u00a0 Les \u00e9l\u00e8ves de 1.3 et 1.4 se sont <\/em><em>investis dans ce projet avec les pr\u00e9occupations de leur \u00e2ge en se <\/em><em>mettant parfois en sc\u00e8ne, en se livrant parfois sur leurs doutes et <\/em><em>leurs peurs, un exercice d\u00e9licat d\u2019autant que certains se <\/em><em>confrontaient pour la premi\u00e8re fois \u00e0 l\u2019exercice de l\u2019enregistrement <\/em><em>mais c\u2019est un d\u00e9fi qu\u2019ils ont su relever avec talent.\u00a0 B<\/em><em>onne \u00e9coute !<\/em><\/p>\n<p>\u00a0<\/p>\n<p>\u00a0<\/p>\n\n\n\n<figure class=\"wp-block-audio\"><audio controls src=\"https:\/\/www.lycee-charles-nodier-ac-besancon.fr\/wordpress\/wp-content\/uploads\/2021\/04\/siloinsiproche1.mp3\"><\/audio><figcaption>Si loin si proches &#8211; \u00e9pisode 1 &#8211; <strong>Solidarit\u00e9 !<\/strong><\/figcaption><\/figure>\n\n\n\n<figure class=\"wp-block-audio\"><audio controls src=\"https:\/\/www.lycee-charles-nodier-ac-besancon.fr\/wordpress\/wp-content\/uploads\/2021\/04\/siloinsiproche2.mp3\"><\/audio><figcaption>Si loin si proches &#8211; \u00e9pisode 2 &#8211;<strong> Jeux de soci\u00e9t\u00e9 en famille<\/strong><\/figcaption><\/figure>\n\n\n\n<figure class=\"wp-block-audio\"><audio controls src=\"https:\/\/www.lycee-charles-nodier-ac-besancon.fr\/wordpress\/wp-content\/uploads\/2021\/05\/siloinsiproche3.mp3\"><\/audio><figcaption>Si loin si proches &#8211; \u00e9pisode 3 &#8211; <strong>Divorce Boom<\/strong><\/figcaption><\/figure>\n\n\n\n<figure class=\"wp-block-audio\"><audio controls src=\"https:\/\/www.lycee-charles-nodier-ac-besancon.fr\/wordpress\/wp-content\/uploads\/2021\/05\/siloinsiproche4.mp3\"><\/audio><figcaption>Si loin si proches &#8211; \u00e9pisode 4 &#8211;<strong> Tchatter avec mamie<\/strong><\/figcaption><\/figure>\n","protected":false},"excerpt":{"rendered":"<p>Confidences pour confinement Dans le cadre de l\u2019enseignement moral et civique, nous avons men\u00e9 depuis le debut de l\u2019ann\u00e9e un projet sur le lien social. L\u2019id\u00e9e \u00e9tait de r\u00e9fl\u00e9chir sur\u2026<\/p>\n<p> <a class=\"continue-reading-link\" href=\"https:\/\/www.lycee-charles-nodier-ac-besancon.fr\/wordpress\/si-loin-si-proches\/\"><span>Lire la suite<\/span><i class=\"crycon-right-dir\"><\/i><\/a> <\/p>\n","protected":false},"author":35,"featured_media":0,"comment_status":"closed","ping_status":"open","sticky":false,"template":"","format":"standard","meta":{"footnotes":""},"categories":[145,92,91,93],"tags":[],"coauthors":[],"class_list":["post-4730","post","type-post","status-publish","format-standard","hentry","category-chroniques-sociales","category-eleves","category-parents","category-personnels"],"views":1812,"_links":{"self":[{"href":"https:\/\/www.lycee-charles-nodier-ac-besancon.fr\/wordpress\/wp-json\/wp\/v2\/posts\/4730","targetHints":{"allow":["GET"]}}],"collection":[{"href":"https:\/\/www.lycee-charles-nodier-ac-besancon.fr\/wordpress\/wp-json\/wp\/v2\/posts"}],"about":[{"href":"https:\/\/www.lycee-charles-nodier-ac-besancon.fr\/wordpress\/wp-json\/wp\/v2\/types\/post"}],"author":[{"embeddable":true,"href":"https:\/\/www.lycee-charles-nodier-ac-besancon.fr\/wordpress\/wp-json\/wp\/v2\/users\/35"}],"replies":[{"embeddable":true,"href":"https:\/\/www.lycee-charles-nodier-ac-besancon.fr\/wordpress\/wp-json\/wp\/v2\/comments?post=4730"}],"version-history":[{"count":8,"href":"https:\/\/www.lycee-charles-nodier-ac-besancon.fr\/wordpress\/wp-json\/wp\/v2\/posts\/4730\/revisions"}],"predecessor-version":[{"id":4803,"href":"https:\/\/www.lycee-charles-nodier-ac-besancon.fr\/wordpress\/wp-json\/wp\/v2\/posts\/4730\/revisions\/4803"}],"wp:attachment":[{"href":"https:\/\/www.lycee-charles-nodier-ac-besancon.fr\/wordpress\/wp-json\/wp\/v2\/media?parent=4730"}],"wp:term":[{"taxonomy":"category","embeddable":true,"href":"https:\/\/www.lycee-charles-nodier-ac-besancon.fr\/wordpress\/wp-json\/wp\/v2\/categories?post=4730"},{"taxonomy":"post_tag","embeddable":true,"href":"https:\/\/www.lycee-charles-nodier-ac-besancon.fr\/wordpress\/wp-json\/wp\/v2\/tags?post=4730"},{"taxonomy":"author","embeddable":true,"href":"https:\/\/www.lycee-charles-nodier-ac-besancon.fr\/wordpress\/wp-json\/wp\/v2\/coauthors?post=4730"}],"curies":[{"name":"wp","href":"https:\/\/api.w.org\/{rel}","templated":true}]}}