{"id":4742,"date":"2021-04-28T21:44:00","date_gmt":"2021-04-28T19:44:00","guid":{"rendered":"http:\/\/www.lycee-charles-nodier-ac-besancon.fr\/wordpress\/?p=4742"},"modified":"2024-03-26T14:46:48","modified_gmt":"2024-03-26T13:46:48","slug":"licence-professionnelle-guide-conferencier","status":"publish","type":"post","link":"https:\/\/www.lycee-charles-nodier-ac-besancon.fr\/wordpress\/licence-professionnelle-guide-conferencier\/","title":{"rendered":"Licence Professionnelle Guide Conf\u00e9rencier"},"content":{"rendered":"\n<p><em>Dipl\u00f4me d\u00e9livr\u00e9 par le CNAM en partenariat avec le lyc\u00e9e Charles Nodier.<\/em><\/p>\n\n<!-- iframe plugin v.6.0 wordpress.org\/plugins\/iframe\/ -->\n<iframe loading=\"lazy\" src=\"https:\/\/www.lycee-charles-nodier-ac-besancon.fr\/wordpress\/wp-content\/uploads\/2021\/04\/Fiche-Guide-conferencier-v25mar24.pdf\" width=\"80%\" height=\"700\" scrolling=\"yes\" class=\"iframe-class\" frameborder=\"0\"><\/iframe>\n\n<p><a href=\"https:\/\/www.lycee-charles-nodier-ac-besancon.fr\/wordpress\/wp-content\/uploads\/2021\/04\/Fiche-Guide-conferencier-v25mar24.pdf\">Plaquette LP Guide Conf\u00e9rencier<\/a><\/p>\n","protected":false},"excerpt":{"rendered":"<p>Dipl\u00f4me d\u00e9livr\u00e9 par le CNAM en partenariat avec le lyc\u00e9e Charles Nodier. Plaquette LP Guide Conf\u00e9rencier<\/p>\n<p> <a class=\"continue-reading-link\" href=\"https:\/\/www.lycee-charles-nodier-ac-besancon.fr\/wordpress\/licence-professionnelle-guide-conferencier\/\"><span>Lire la suite<\/span><i class=\"crycon-right-dir\"><\/i><\/a> <\/p>\n","protected":false},"author":51,"featured_media":0,"comment_status":"closed","ping_status":"open","sticky":false,"template":"","format":"standard","meta":{"footnotes":""},"categories":[135,150,12],"tags":[],"coauthors":[168],"class_list":["post-4742","post","type-post","status-publish","format-standard","hentry","category-actualites","category-licence-professionnelle-guide-conferencier","category-pole_tourisme"],"views":3400,"_links":{"self":[{"href":"https:\/\/www.lycee-charles-nodier-ac-besancon.fr\/wordpress\/wp-json\/wp\/v2\/posts\/4742","targetHints":{"allow":["GET"]}}],"collection":[{"href":"https:\/\/www.lycee-charles-nodier-ac-besancon.fr\/wordpress\/wp-json\/wp\/v2\/posts"}],"about":[{"href":"https:\/\/www.lycee-charles-nodier-ac-besancon.fr\/wordpress\/wp-json\/wp\/v2\/types\/post"}],"author":[{"embeddable":true,"href":"https:\/\/www.lycee-charles-nodier-ac-besancon.fr\/wordpress\/wp-json\/wp\/v2\/users\/51"}],"replies":[{"embeddable":true,"href":"https:\/\/www.lycee-charles-nodier-ac-besancon.fr\/wordpress\/wp-json\/wp\/v2\/comments?post=4742"}],"version-history":[{"count":6,"href":"https:\/\/www.lycee-charles-nodier-ac-besancon.fr\/wordpress\/wp-json\/wp\/v2\/posts\/4742\/revisions"}],"predecessor-version":[{"id":6186,"href":"https:\/\/www.lycee-charles-nodier-ac-besancon.fr\/wordpress\/wp-json\/wp\/v2\/posts\/4742\/revisions\/6186"}],"wp:attachment":[{"href":"https:\/\/www.lycee-charles-nodier-ac-besancon.fr\/wordpress\/wp-json\/wp\/v2\/media?parent=4742"}],"wp:term":[{"taxonomy":"category","embeddable":true,"href":"https:\/\/www.lycee-charles-nodier-ac-besancon.fr\/wordpress\/wp-json\/wp\/v2\/categories?post=4742"},{"taxonomy":"post_tag","embeddable":true,"href":"https:\/\/www.lycee-charles-nodier-ac-besancon.fr\/wordpress\/wp-json\/wp\/v2\/tags?post=4742"},{"taxonomy":"author","embeddable":true,"href":"https:\/\/www.lycee-charles-nodier-ac-besancon.fr\/wordpress\/wp-json\/wp\/v2\/coauthors?post=4742"}],"curies":[{"name":"wp","href":"https:\/\/api.w.org\/{rel}","templated":true}]}}