{"id":4965,"date":"2021-09-07T18:43:34","date_gmt":"2021-09-07T16:43:34","guid":{"rendered":"http:\/\/www.lycee-charles-nodier-ac-besancon.fr\/wordpress\/?p=4965"},"modified":"2025-08-26T12:43:23","modified_gmt":"2025-08-26T10:43:23","slug":"reunion-de-rentree-parents-deleves-de-2nde-2","status":"publish","type":"post","link":"https:\/\/www.lycee-charles-nodier-ac-besancon.fr\/wordpress\/reunion-de-rentree-parents-deleves-de-2nde-2\/","title":{"rendered":"R\u00e9union de rentr\u00e9e \u2013 Parents d\u2019\u00e9l\u00e8ves de 2nde"},"content":{"rendered":"\n<p>Les r\u00e9unions d\u2019information pour les parents d\u2019\u00e9l\u00e8ves de 2DE se tiendront les lundi 13 et mardi 14 septembre \u00e0 18h, selon la r\u00e9partition suivante :<\/p>\n<ul>\n<li>\u00a0Lundi 13 septembre \u00e0 18 heures : 2NDE 1 et 2NDE 3 (\u00e0 19 heures, les parents rencontrent les \u00e9quipes p\u00e9dagogiques)<\/li>\n<li>Lundi 13 septembre \u00e0 19 heures : 2NDE 5 et 2NDE 7 (\u00e0 18 heures, les parents rencontrent les \u00e9quipes p\u00e9dagogiques)<\/li>\n<li>Mardi 14 septembre \u00e0 18 heures : 2NDE 2 et 2NDE 4 (\u00e0 19 heures, les parents rencontrent les \u00e9quipes p\u00e9dagogiques)<\/li>\n<li>Mardi 14 septembre \u00e0 19 heures : 2NDE 6 et 2NDE 8 (\u00e0 18 heures, les parents rencontrent les \u00e9quipes p\u00e9dagogiques)<\/li>\n<\/ul>\n<p>L&rsquo;horaire indiqu\u00e9 ci-dessus est celui d&rsquo;une pl\u00e9ni\u00e8re avec personnels de direction et CPE, en salle Meyer. Ensuite (ou auparavant), les parents sont regroup\u00e9s par classe et rencontrent l&rsquo;\u00e9quipe p\u00e9dagogique, au rez de chauss\u00e9e du b\u00e2timent Charit\u00e9.<\/p>\n<p>\u00a0<br \/>En raison des contraintes sanitaires, 1 seul responsable par \u00e9l\u00e8ve sera accueilli. Les \u00e9l\u00e8ves eux-m\u00eames ne devront pas \u00eatre pr\u00e9sents, pour des raisons de jauge sanitaire.<br \/>Masque obligatoire pour ce temps d\u2019\u00e9change.<\/p>\n","protected":false},"excerpt":{"rendered":"<p>Les r\u00e9unions d\u2019information pour les parents d\u2019\u00e9l\u00e8ves de 2DE se tiendront les lundi 13 et mardi 14 septembre \u00e0 18h, selon la r\u00e9partition suivante : \u00a0Lundi 13 septembre \u00e0 18\u2026<\/p>\n<p> <a class=\"continue-reading-link\" href=\"https:\/\/www.lycee-charles-nodier-ac-besancon.fr\/wordpress\/reunion-de-rentree-parents-deleves-de-2nde-2\/\"><span>Lire la suite<\/span><i class=\"crycon-right-dir\"><\/i><\/a> <\/p>\n","protected":false},"author":2,"featured_media":3787,"comment_status":"closed","ping_status":"open","sticky":false,"template":"","format":"standard","meta":{"footnotes":""},"categories":[153],"tags":[],"coauthors":[164],"class_list":["post-4965","post","type-post","status-publish","format-standard","has-post-thumbnail","hentry","category-rentree-2021-2022"],"views":1748,"_links":{"self":[{"href":"https:\/\/www.lycee-charles-nodier-ac-besancon.fr\/wordpress\/wp-json\/wp\/v2\/posts\/4965","targetHints":{"allow":["GET"]}}],"collection":[{"href":"https:\/\/www.lycee-charles-nodier-ac-besancon.fr\/wordpress\/wp-json\/wp\/v2\/posts"}],"about":[{"href":"https:\/\/www.lycee-charles-nodier-ac-besancon.fr\/wordpress\/wp-json\/wp\/v2\/types\/post"}],"author":[{"embeddable":true,"href":"https:\/\/www.lycee-charles-nodier-ac-besancon.fr\/wordpress\/wp-json\/wp\/v2\/users\/2"}],"replies":[{"embeddable":true,"href":"https:\/\/www.lycee-charles-nodier-ac-besancon.fr\/wordpress\/wp-json\/wp\/v2\/comments?post=4965"}],"version-history":[{"count":1,"href":"https:\/\/www.lycee-charles-nodier-ac-besancon.fr\/wordpress\/wp-json\/wp\/v2\/posts\/4965\/revisions"}],"predecessor-version":[{"id":4966,"href":"https:\/\/www.lycee-charles-nodier-ac-besancon.fr\/wordpress\/wp-json\/wp\/v2\/posts\/4965\/revisions\/4966"}],"wp:featuredmedia":[{"embeddable":true,"href":"https:\/\/www.lycee-charles-nodier-ac-besancon.fr\/wordpress\/wp-json\/wp\/v2\/media\/3787"}],"wp:attachment":[{"href":"https:\/\/www.lycee-charles-nodier-ac-besancon.fr\/wordpress\/wp-json\/wp\/v2\/media?parent=4965"}],"wp:term":[{"taxonomy":"category","embeddable":true,"href":"https:\/\/www.lycee-charles-nodier-ac-besancon.fr\/wordpress\/wp-json\/wp\/v2\/categories?post=4965"},{"taxonomy":"post_tag","embeddable":true,"href":"https:\/\/www.lycee-charles-nodier-ac-besancon.fr\/wordpress\/wp-json\/wp\/v2\/tags?post=4965"},{"taxonomy":"author","embeddable":true,"href":"https:\/\/www.lycee-charles-nodier-ac-besancon.fr\/wordpress\/wp-json\/wp\/v2\/coauthors?post=4965"}],"curies":[{"name":"wp","href":"https:\/\/api.w.org\/{rel}","templated":true}]}}