{"id":5164,"date":"2022-02-10T14:04:12","date_gmt":"2022-02-10T13:04:12","guid":{"rendered":"http:\/\/www.lycee-charles-nodier-ac-besancon.fr\/wordpress\/?p=5164"},"modified":"2022-02-10T14:05:07","modified_gmt":"2022-02-10T13:05:07","slug":"les-llca-au-theatre","status":"publish","type":"post","link":"https:\/\/www.lycee-charles-nodier-ac-besancon.fr\/wordpress\/les-llca-au-theatre\/","title":{"rendered":"Les LLCA au th\u00e9\u00e2tre !"},"content":{"rendered":"\n<p>Ce mardi 8 f\u00e9vrier 2022 les \u00e9l\u00e8ves de 1eres et de Terminales LLCA (langues, litt\u00e9ratures et cultures de l&rsquo;antiquit\u00e9) se sont rendus au th\u00e9\u00e2tre Ledoux de Besan\u00e7on pour assister \u00e0 la repr\u00e9sentation des \u00ab\u00a0M\u00e9moires d\u2019Hadrien #\u00a03\u00a0\u00bb par la compagnie Bacchus. Bien entendu, leur mascotte Gontrand les a accompagn\u00e9s dans ce p\u00e9riple et a m\u00eame pris la pose avec les com\u00e9diens\u00a0!<\/p>\n\n\n\n<figure class=\"wp-block-image size-full is-style-rounded\"><img loading=\"lazy\" decoding=\"async\" width=\"960\" height=\"720\" src=\"https:\/\/www.lycee-charles-nodier-ac-besancon.fr\/wordpress\/wp-content\/uploads\/2022\/02\/hadrien2.jpg\" alt=\"\" class=\"wp-image-5165\" srcset=\"https:\/\/www.lycee-charles-nodier-ac-besancon.fr\/wordpress\/wp-content\/uploads\/2022\/02\/hadrien2.jpg 960w, https:\/\/www.lycee-charles-nodier-ac-besancon.fr\/wordpress\/wp-content\/uploads\/2022\/02\/hadrien2-300x225.jpg 300w, https:\/\/www.lycee-charles-nodier-ac-besancon.fr\/wordpress\/wp-content\/uploads\/2022\/02\/hadrien2-768x576.jpg 768w, https:\/\/www.lycee-charles-nodier-ac-besancon.fr\/wordpress\/wp-content\/uploads\/2022\/02\/hadrien2-150x113.jpg 150w, https:\/\/www.lycee-charles-nodier-ac-besancon.fr\/wordpress\/wp-content\/uploads\/2022\/02\/hadrien2-200x150.jpg 200w\" sizes=\"auto, (max-width: 960px) 100vw, 960px\" \/><\/figure>\n","protected":false},"excerpt":{"rendered":"<p>Ce mardi 8 f\u00e9vrier 2022 les \u00e9l\u00e8ves de 1eres et de Terminales LLCA (langues, litt\u00e9ratures et cultures de l&rsquo;antiquit\u00e9) se sont rendus au th\u00e9\u00e2tre Ledoux de Besan\u00e7on pour assister \u00e0\u2026<\/p>\n<p> <a class=\"continue-reading-link\" href=\"https:\/\/www.lycee-charles-nodier-ac-besancon.fr\/wordpress\/les-llca-au-theatre\/\"><span>Lire la suite<\/span><i class=\"crycon-right-dir\"><\/i><\/a> <\/p>\n","protected":false},"author":35,"featured_media":0,"comment_status":"closed","ping_status":"open","sticky":false,"template":"","format":"standard","meta":{"footnotes":""},"categories":[17,92,146,91,93,35],"tags":[],"coauthors":[],"class_list":["post-5164","post","type-post","status-publish","format-standard","hentry","category-actualite","category-eleves","category-llca","category-parents","category-personnels","category-spectacles_concerts"],"views":1453,"_links":{"self":[{"href":"https:\/\/www.lycee-charles-nodier-ac-besancon.fr\/wordpress\/wp-json\/wp\/v2\/posts\/5164","targetHints":{"allow":["GET"]}}],"collection":[{"href":"https:\/\/www.lycee-charles-nodier-ac-besancon.fr\/wordpress\/wp-json\/wp\/v2\/posts"}],"about":[{"href":"https:\/\/www.lycee-charles-nodier-ac-besancon.fr\/wordpress\/wp-json\/wp\/v2\/types\/post"}],"author":[{"embeddable":true,"href":"https:\/\/www.lycee-charles-nodier-ac-besancon.fr\/wordpress\/wp-json\/wp\/v2\/users\/35"}],"replies":[{"embeddable":true,"href":"https:\/\/www.lycee-charles-nodier-ac-besancon.fr\/wordpress\/wp-json\/wp\/v2\/comments?post=5164"}],"version-history":[{"count":1,"href":"https:\/\/www.lycee-charles-nodier-ac-besancon.fr\/wordpress\/wp-json\/wp\/v2\/posts\/5164\/revisions"}],"predecessor-version":[{"id":5166,"href":"https:\/\/www.lycee-charles-nodier-ac-besancon.fr\/wordpress\/wp-json\/wp\/v2\/posts\/5164\/revisions\/5166"}],"wp:attachment":[{"href":"https:\/\/www.lycee-charles-nodier-ac-besancon.fr\/wordpress\/wp-json\/wp\/v2\/media?parent=5164"}],"wp:term":[{"taxonomy":"category","embeddable":true,"href":"https:\/\/www.lycee-charles-nodier-ac-besancon.fr\/wordpress\/wp-json\/wp\/v2\/categories?post=5164"},{"taxonomy":"post_tag","embeddable":true,"href":"https:\/\/www.lycee-charles-nodier-ac-besancon.fr\/wordpress\/wp-json\/wp\/v2\/tags?post=5164"},{"taxonomy":"author","embeddable":true,"href":"https:\/\/www.lycee-charles-nodier-ac-besancon.fr\/wordpress\/wp-json\/wp\/v2\/coauthors?post=5164"}],"curies":[{"name":"wp","href":"https:\/\/api.w.org\/{rel}","templated":true}]}}