{"id":5385,"date":"2022-09-15T18:30:28","date_gmt":"2022-09-15T16:30:28","guid":{"rendered":"http:\/\/www.lycee-charles-nodier-ac-besancon.fr\/wordpress\/?p=5385"},"modified":"2022-09-15T18:30:29","modified_gmt":"2022-09-15T16:30:29","slug":"lutte-contre-le-gaspillage-alimentaire-reservation-des-repas","status":"publish","type":"post","link":"https:\/\/www.lycee-charles-nodier-ac-besancon.fr\/wordpress\/lutte-contre-le-gaspillage-alimentaire-reservation-des-repas\/","title":{"rendered":"Lutte contre le gaspillage alimentaire : r\u00e9servation des repas"},"content":{"rendered":"\n<p>Le lyc\u00e9e Charles Nodier s&rsquo;engage dans la <strong>lutte contre le gaspillage alimentaire.<\/strong>\u00a0<br \/>\u00a0<br \/>Le gaspillage alimentaire au sein de la restauration collective, c\u2019est en moyenne de 30 \u00e0 40% de la quantit\u00e9 des produits du repas qui finissent \u00e0 la poubelle (source Centres Permanents d\u2019Initiatives pour l\u2019Environnement).<br \/>Au cours de la semaine du 5 septembre 2022, le restaurant scolaire du lyc\u00e9e a jet\u00e9 53 kgs de denr\u00e9es pour des repas qui ont \u00e9t\u00e9 pr\u00e9par\u00e9s mais non pris, et 216 kgs de restes de nourriture d\u00e9barrass\u00e9s des plateaux apr\u00e8s le repas (d&rsquo;accord, ce dernier chiffre inclut les os de poulet et de lapin servis mardi et vendredi mais le chiffre reste important tout de m\u00eame&#8230;) \u00a0<\/p>\n<p>La lutte contre le gaspillage alimentaire est un enjeu important pour le Conseil d&rsquo;administration du lyc\u00e9e dont les membres repr\u00e9sentent la communaut\u00e9 scolaire : les \u00e9l\u00e8ves, leurs parents, les personnels, et \u00e9galement les collectivit\u00e9s locales. <strong>Deux ans auparavant, le Conseil d&rsquo;administration a d\u00e9cid\u00e9 d\u2019acqu\u00e9rir une solution de r\u00e9servation des repas au restaurant scolaire pour que chaque convive d\u00e9clare chaque jour s\u2019il prendra effectivement son repas de midi au lyc\u00e9e. Cette modalit\u00e9 doit permettre d\u2019ajuster au plus pr\u00e8s les quantit\u00e9s de denr\u00e9es pr\u00e9par\u00e9es.<\/strong><br \/>\u00a0<br \/>Cette solution a pu \u00eatre financ\u00e9e cette ann\u00e9e et les \u00e9quipements ont \u00e9t\u00e9 mis en service \u00e0 la rentr\u00e9e.<br \/>\u00a0<br \/><span style=\"color: #0000ff;\"><strong>L&rsquo;objectif :<\/strong> <\/span>chaque convive, \u00e9l\u00e8ves et adultes, qui prend son repas au restaurant scolaire, le r\u00e9serve auparavant. Comme cela, nous esp\u00e9rons r\u00e9duire fortement le volume de repas qui auront \u00e9t\u00e9 produits pour \u00eatre ensuite jet\u00e9s, faute de consommateurs.<\/p>\n<p><img loading=\"lazy\" decoding=\"async\" class=\"size-full wp-image-5386 aligncenter\" src=\"https:\/\/www.lycee-charles-nodier-ac-besancon.fr\/wordpress\/wp-content\/uploads\/2022\/09\/PXL_20220901_062526894.jpg\" alt=\"\" width=\"2335\" height=\"1314\" srcset=\"https:\/\/www.lycee-charles-nodier-ac-besancon.fr\/wordpress\/wp-content\/uploads\/2022\/09\/PXL_20220901_062526894.jpg 2335w, https:\/\/www.lycee-charles-nodier-ac-besancon.fr\/wordpress\/wp-content\/uploads\/2022\/09\/PXL_20220901_062526894-300x169.jpg 300w, https:\/\/www.lycee-charles-nodier-ac-besancon.fr\/wordpress\/wp-content\/uploads\/2022\/09\/PXL_20220901_062526894-1024x576.jpg 1024w, https:\/\/www.lycee-charles-nodier-ac-besancon.fr\/wordpress\/wp-content\/uploads\/2022\/09\/PXL_20220901_062526894-768x432.jpg 768w, https:\/\/www.lycee-charles-nodier-ac-besancon.fr\/wordpress\/wp-content\/uploads\/2022\/09\/PXL_20220901_062526894-1536x864.jpg 1536w, https:\/\/www.lycee-charles-nodier-ac-besancon.fr\/wordpress\/wp-content\/uploads\/2022\/09\/PXL_20220901_062526894-2048x1152.jpg 2048w, https:\/\/www.lycee-charles-nodier-ac-besancon.fr\/wordpress\/wp-content\/uploads\/2022\/09\/PXL_20220901_062526894-150x84.jpg 150w, https:\/\/www.lycee-charles-nodier-ac-besancon.fr\/wordpress\/wp-content\/uploads\/2022\/09\/PXL_20220901_062526894-250x141.jpg 250w\" sizes=\"auto, (max-width: 2335px) 100vw, 2335px\" \/><br \/><span style=\"color: #0000ff;\"><strong>Comment ?<\/strong><\/span> deux bornes de r\u00e9servation des repas ont \u00e9t\u00e9 install\u00e9es, l&rsquo;une vers le bureau Vie scolaire et l&rsquo;autre dans le hall d&rsquo;entr\u00e9e du b\u00e2timent Restaurant. Il suffit de passer son badge dans le lecteur et le repas est r\u00e9serv\u00e9. Il est \u00e9galement possible de r\u00e9server <a href=\"https:\/\/resto-scolaire.fr\/charlesnodier\" target=\"_blank\" rel=\"noopener\">sur internet<\/a>. Chacun recevra par mail un lien, son identifiant et son mot de passe personnel.<\/p>\n<p><a href=\"https:\/\/resto-scolaire.fr\/charlesnodier\" target=\"_blank\" rel=\"noopener\"><img loading=\"lazy\" decoding=\"async\" class=\"aligncenter wp-image-5383 size-full\" src=\"https:\/\/www.lycee-charles-nodier-ac-besancon.fr\/wordpress\/wp-content\/uploads\/2022\/09\/reservation.png\" alt=\"\" width=\"370\" height=\"229\" srcset=\"https:\/\/www.lycee-charles-nodier-ac-besancon.fr\/wordpress\/wp-content\/uploads\/2022\/09\/reservation.png 370w, https:\/\/www.lycee-charles-nodier-ac-besancon.fr\/wordpress\/wp-content\/uploads\/2022\/09\/reservation-300x186.png 300w, https:\/\/www.lycee-charles-nodier-ac-besancon.fr\/wordpress\/wp-content\/uploads\/2022\/09\/reservation-150x93.png 150w, https:\/\/www.lycee-charles-nodier-ac-besancon.fr\/wordpress\/wp-content\/uploads\/2022\/09\/reservation-242x150.png 242w\" sizes=\"auto, (max-width: 370px) 100vw, 370px\" \/><\/a><br \/>\u00a0<br \/><span style=\"color: #0000ff;\"><strong>Quand ?<\/strong> <\/span>on r\u00e9serve son repas la veille pour le lendemain et jusqu&rsquo;\u00e0 8h30 le jour m\u00eame. Plages horaires : 13h la veille (ou le vendredi pour le lundi) et jusqu&rsquo;\u00e0 8h30, le jour du repas.<br \/>\u00a0<br \/><span style=\"color: #0000ff;\"><strong>J&rsquo;ai oubli\u00e9 de r\u00e9server (ou j&rsquo;ai voulu r\u00e9server mais c&rsquo;\u00e9tait trop tard) qu&rsquo;est-ce qu&rsquo;il se passe ?<\/strong><\/span> l&rsquo;\u00e9l\u00e8ve demi-pensionnaire ou interne sera bien s\u00fbr accueilli mais il devra patienter la fin du service ou se rendre au service intendance pour r\u00e9gulariser sa situation. L&rsquo;\u00e9l\u00e8ve externe ou l&rsquo;adulte, c&rsquo;est \u00e0 dire les convives qui paient leur repas \u00ab\u00a0\u00e0 la prestation\u00a0\u00bb, devront trouver une autre solution pour se restaurer le midi&#8230;\u00a0<br \/>\u00a0<br \/><span style=\"color: #0000ff;\"><strong>J&rsquo;ai r\u00e9serv\u00e9&#8230; mais j&rsquo;ai chang\u00e9 d&rsquo;avis. Que faire ?<\/strong><\/span> c&rsquo;est aussi important de r\u00e9server que de d\u00e9commander son repas quand on a un emp\u00eachement. Tant que l&rsquo;on peut r\u00e9server son repas, on peut l&rsquo;annuler, soit en passant \u00e0 nouveau son badge dans une borne de r\u00e9servation, soit par internet. Apr\u00e8s 8h30, il existe un ultime recours : pr\u00e9venir le service intendance qui fera le n\u00e9cessaire, mais il faut se pr\u00e9senter au bureau avant 09h30 le jour m\u00eame.<br \/>Attention : le compte de l&rsquo;\u00e9l\u00e8ve externe ou du personnel du lyc\u00e9e qui oublie de d\u00e9commander avant le repas, sera d\u00e9bit\u00e9 d&rsquo;un repas, comme s&rsquo;il \u00e9tait venu d\u00e9jeuner. \u00a0<br \/>\u00a0<br \/><span style=\"color: #0000ff;\"><strong>Et tout <span style=\"color: #0000ff;\">\u00e7a<\/span>, c&rsquo;est pour quand ?\u00a0<\/strong><\/span><br \/>* \u00e0 compter de lundi 19 septembre, 13h00, chaque convive est appel\u00e9 \u00e0 r\u00e9server son repas pour le midi. Cette semaine sera r\u00e9serv\u00e9e \u00e0 l&rsquo;entra\u00eenement, un galop d&rsquo;essai afin que chacun s&rsquo;habitue aux outils et aux modalit\u00e9s. <br \/>Surveillez votre boite mail (et celle de vos parents) : vous y trouverez demain les moyens de vous connecter au site internet pour r\u00e9server en ligne \u00e0 partir de lundi 19 septembre<br \/>* \u00e0 compter de lundi 26 septembre, 13h00 : si tout se passe bien, le syst\u00e8me de r\u00e9servation devient bloquant ou g\u00eanant. Vous ne r\u00e9servez pas ? soit vous serez emb\u00eat\u00e9 lors du passage au self (\u00e9l\u00e8ves demi-pensionnaires ou internes), soit vous ne pourrez pas d\u00e9jeuner (\u00e9l\u00e8ves externes et adultes)<br \/>\u00a0<br \/><span style=\"color: #0000ff;\"><strong>Une derni\u00e8re question : si j&rsquo;ai r\u00e9serv\u00e9, je devrai encore passer mon badge pour obtenir un plateau ?<\/strong><\/span> oui, il faudra toujours badger pour obtenir son plateau. Si vous d\u00e9jeunez \u00ab\u00a0\u00e0 la prestation\u00a0\u00bb, ne vous inqui\u00e9tez pas si vous passez votre badge \u00e0 la fois pour r\u00e9server et pour entrer au self : un seul repas sera d\u00e9compt\u00e9.\u00a0<\/p>\n<p><strong>Pour aller plus loin :\u00a0<\/strong><br \/>La lutte contre le gaspillage alimentaire est une priorit\u00e9 inscrite dans les politiques publiques aux niveaux national (loi Garot de 2016, loi Egalim, FREC, Pacte national de lutte contre le gaspillage alimentaire) et europ\u00e9en (directive-cadre d\u00e9chets).<br \/>L\u2019article 256 de la loi Climat et r\u00e9silience pr\u00e9voit une nouvelle \u00e9tape dans la lutte contre le gaspillage : depuis le 4 avril 2022, il est demand\u00e9 aux gestionnaires de restauration collective de mettre en place une exp\u00e9rimentation de solution de r\u00e9servation de repas.\u00a0<br \/><a href=\"https:\/\/www.wearephenix.com\/pro\/gaspillage-alimentaire-dans-la-restauration-collective\/\" target=\"_blank\" rel=\"noopener\">https:\/\/www.wearephenix.com\/pro\/gaspillage-alimentaire-dans-la-restauration-collective\/<\/a><br \/><a href=\"https:\/\/www.ecologie.gouv.fr\/gaspillage-alimentaire-0\" target=\"_blank\" rel=\"noopener\">https:\/\/www.ecologie.gouv.fr\/gaspillage-alimentaire-0<\/a><br \/><a href=\"https:\/\/agriculture.gouv.fr\/restauration-collective-la-reservation-de-repas-experimentee-pour-lutter-contre-le-gaspillage\" target=\"_blank\" rel=\"noopener\">https:\/\/agriculture.gouv.fr\/restauration-collective-la-reservation-de-repas-experimentee-pour-lutter-contre-le-gaspillage<\/a><\/p>\n","protected":false},"excerpt":{"rendered":"<p>Le lyc\u00e9e Charles Nodier s&rsquo;engage dans la lutte contre le gaspillage alimentaire.\u00a0\u00a0Le gaspillage alimentaire au sein de la restauration collective, c\u2019est en moyenne de 30 \u00e0 40% de la quantit\u00e9\u2026<\/p>\n<p> <a class=\"continue-reading-link\" href=\"https:\/\/www.lycee-charles-nodier-ac-besancon.fr\/wordpress\/lutte-contre-le-gaspillage-alimentaire-reservation-des-repas\/\"><span>Lire la suite<\/span><i class=\"crycon-right-dir\"><\/i><\/a> <\/p>\n","protected":false},"author":2,"featured_media":5386,"comment_status":"closed","ping_status":"open","sticky":false,"template":"","format":"standard","meta":{"footnotes":""},"categories":[106,92,91,93],"tags":[],"coauthors":[],"class_list":["post-5385","post","type-post","status-publish","format-standard","has-post-thumbnail","hentry","category-e3d","category-eleves","category-parents","category-personnels"],"views":3506,"_links":{"self":[{"href":"https:\/\/www.lycee-charles-nodier-ac-besancon.fr\/wordpress\/wp-json\/wp\/v2\/posts\/5385","targetHints":{"allow":["GET"]}}],"collection":[{"href":"https:\/\/www.lycee-charles-nodier-ac-besancon.fr\/wordpress\/wp-json\/wp\/v2\/posts"}],"about":[{"href":"https:\/\/www.lycee-charles-nodier-ac-besancon.fr\/wordpress\/wp-json\/wp\/v2\/types\/post"}],"author":[{"embeddable":true,"href":"https:\/\/www.lycee-charles-nodier-ac-besancon.fr\/wordpress\/wp-json\/wp\/v2\/users\/2"}],"replies":[{"embeddable":true,"href":"https:\/\/www.lycee-charles-nodier-ac-besancon.fr\/wordpress\/wp-json\/wp\/v2\/comments?post=5385"}],"version-history":[{"count":2,"href":"https:\/\/www.lycee-charles-nodier-ac-besancon.fr\/wordpress\/wp-json\/wp\/v2\/posts\/5385\/revisions"}],"predecessor-version":[{"id":5388,"href":"https:\/\/www.lycee-charles-nodier-ac-besancon.fr\/wordpress\/wp-json\/wp\/v2\/posts\/5385\/revisions\/5388"}],"wp:featuredmedia":[{"embeddable":true,"href":"https:\/\/www.lycee-charles-nodier-ac-besancon.fr\/wordpress\/wp-json\/wp\/v2\/media\/5386"}],"wp:attachment":[{"href":"https:\/\/www.lycee-charles-nodier-ac-besancon.fr\/wordpress\/wp-json\/wp\/v2\/media?parent=5385"}],"wp:term":[{"taxonomy":"category","embeddable":true,"href":"https:\/\/www.lycee-charles-nodier-ac-besancon.fr\/wordpress\/wp-json\/wp\/v2\/categories?post=5385"},{"taxonomy":"post_tag","embeddable":true,"href":"https:\/\/www.lycee-charles-nodier-ac-besancon.fr\/wordpress\/wp-json\/wp\/v2\/tags?post=5385"},{"taxonomy":"author","embeddable":true,"href":"https:\/\/www.lycee-charles-nodier-ac-besancon.fr\/wordpress\/wp-json\/wp\/v2\/coauthors?post=5385"}],"curies":[{"name":"wp","href":"https:\/\/api.w.org\/{rel}","templated":true}]}}