{"id":5391,"date":"2022-10-11T19:01:18","date_gmt":"2022-10-11T17:01:18","guid":{"rendered":"http:\/\/www.lycee-charles-nodier-ac-besancon.fr\/wordpress\/?p=5391"},"modified":"2022-10-11T19:01:18","modified_gmt":"2022-10-11T17:01:18","slug":"forum-etudiants-lyceens-2022","status":"publish","type":"post","link":"https:\/\/www.lycee-charles-nodier-ac-besancon.fr\/wordpress\/forum-etudiants-lyceens-2022\/","title":{"rendered":"Forum \u00e9tudiants \/ lyc\u00e9ens 2022"},"content":{"rendered":"\n<p><img loading=\"lazy\" decoding=\"async\" class=\"size-full wp-image-5393 aligncenter\" src=\"https:\/\/www.lycee-charles-nodier-ac-besancon.fr\/wordpress\/wp-content\/uploads\/2022\/10\/forum22.jpg\" alt=\"\" width=\"1045\" height=\"575\" srcset=\"https:\/\/www.lycee-charles-nodier-ac-besancon.fr\/wordpress\/wp-content\/uploads\/2022\/10\/forum22.jpg 1045w, https:\/\/www.lycee-charles-nodier-ac-besancon.fr\/wordpress\/wp-content\/uploads\/2022\/10\/forum22-300x165.jpg 300w, https:\/\/www.lycee-charles-nodier-ac-besancon.fr\/wordpress\/wp-content\/uploads\/2022\/10\/forum22-1024x563.jpg 1024w, https:\/\/www.lycee-charles-nodier-ac-besancon.fr\/wordpress\/wp-content\/uploads\/2022\/10\/forum22-768x423.jpg 768w, https:\/\/www.lycee-charles-nodier-ac-besancon.fr\/wordpress\/wp-content\/uploads\/2022\/10\/forum22-150x83.jpg 150w, https:\/\/www.lycee-charles-nodier-ac-besancon.fr\/wordpress\/wp-content\/uploads\/2022\/10\/forum22-250x138.jpg 250w\" sizes=\"auto, (max-width: 1045px) 100vw, 1045px\" \/><\/p>\n<p>Notre forum \u00e9tudiants\/lyc\u00e9ens revient pour la 10\u00e8me ann\u00e9e !<br \/><br \/>Vous \u00eates ancien(ne) \u00e9l\u00e8ve du lyc\u00e9e, et \u00e9tudiant(e) ou jeune actif, alors venez partager votre exp\u00e9rience avec des lyc\u00e9ens lors de notre forum du 166 d\u00e9cembre prochain !<br \/><br \/>Afin de conseiller au mieux nos lyc\u00e9ens, nous vous demandons de bien vous renseigner quant aux nouvelles sp\u00e9cialit\u00e9s propos\u00e9es dans le cadre de la r\u00e9forme du lyc\u00e9e et du nouveau bac g\u00e9n\u00e9ral.<br \/><br \/>Il aura lieu le\u00a0<strong>vendredi 16 d\u00e9cembre de 13h30 \u00e0 17h<\/strong>, dans l\u2019enceinte du lyc\u00e9e. Nous comptons donc sur votre participation pour confirmer le succ\u00e8s de cette rencontre.<br \/><br \/>\u00c0 l&rsquo;heure actuelle, le forum sera en pr\u00e9sentiel. Il pourra \u00eatre adapt\u00e9 \u00e0 la derni\u00e8re minute en fonction des contraintes sanitaires en vigueur.<br \/><br \/>Confirmez-nous votre participation en remplissant le formulaire en ligne :<\/p>\n<p><a href=\"https:\/\/docs.google.com\/forms\/d\/e\/1FAIpQLSfIm50mu6LN3SqENcChHMv9H1tX3jWI-LoXwh_Xpt_9vWukhg\/viewform\" target=\"_blank\" rel=\"noopener\">https:\/\/docs.google.com\/forms\/d\/e\/1FAIpQLSfIm50mu6LN3SqENcChHMv9H1tX3jWI-LoXwh_Xpt_9vWukhg\/viewform<\/a><\/p>\n","protected":false},"excerpt":{"rendered":"<p>Notre forum \u00e9tudiants\/lyc\u00e9ens revient pour la 10\u00e8me ann\u00e9e ! Vous \u00eates ancien(ne) \u00e9l\u00e8ve du lyc\u00e9e, et \u00e9tudiant(e) ou jeune actif, alors venez partager votre exp\u00e9rience avec des lyc\u00e9ens lors de\u2026<\/p>\n<p> <a class=\"continue-reading-link\" href=\"https:\/\/www.lycee-charles-nodier-ac-besancon.fr\/wordpress\/forum-etudiants-lyceens-2022\/\"><span>Lire la suite<\/span><i class=\"crycon-right-dir\"><\/i><\/a> <\/p>\n","protected":false},"author":2,"featured_media":5393,"comment_status":"closed","ping_status":"open","sticky":false,"template":"","format":"standard","meta":{"footnotes":""},"categories":[17,92,81,91],"tags":[],"coauthors":[],"class_list":["post-5391","post","type-post","status-publish","format-standard","has-post-thumbnail","hentry","category-actualite","category-eleves","category-les-anciens-de-nodier","category-parents"],"views":1799,"_links":{"self":[{"href":"https:\/\/www.lycee-charles-nodier-ac-besancon.fr\/wordpress\/wp-json\/wp\/v2\/posts\/5391","targetHints":{"allow":["GET"]}}],"collection":[{"href":"https:\/\/www.lycee-charles-nodier-ac-besancon.fr\/wordpress\/wp-json\/wp\/v2\/posts"}],"about":[{"href":"https:\/\/www.lycee-charles-nodier-ac-besancon.fr\/wordpress\/wp-json\/wp\/v2\/types\/post"}],"author":[{"embeddable":true,"href":"https:\/\/www.lycee-charles-nodier-ac-besancon.fr\/wordpress\/wp-json\/wp\/v2\/users\/2"}],"replies":[{"embeddable":true,"href":"https:\/\/www.lycee-charles-nodier-ac-besancon.fr\/wordpress\/wp-json\/wp\/v2\/comments?post=5391"}],"version-history":[{"count":1,"href":"https:\/\/www.lycee-charles-nodier-ac-besancon.fr\/wordpress\/wp-json\/wp\/v2\/posts\/5391\/revisions"}],"predecessor-version":[{"id":5394,"href":"https:\/\/www.lycee-charles-nodier-ac-besancon.fr\/wordpress\/wp-json\/wp\/v2\/posts\/5391\/revisions\/5394"}],"wp:featuredmedia":[{"embeddable":true,"href":"https:\/\/www.lycee-charles-nodier-ac-besancon.fr\/wordpress\/wp-json\/wp\/v2\/media\/5393"}],"wp:attachment":[{"href":"https:\/\/www.lycee-charles-nodier-ac-besancon.fr\/wordpress\/wp-json\/wp\/v2\/media?parent=5391"}],"wp:term":[{"taxonomy":"category","embeddable":true,"href":"https:\/\/www.lycee-charles-nodier-ac-besancon.fr\/wordpress\/wp-json\/wp\/v2\/categories?post=5391"},{"taxonomy":"post_tag","embeddable":true,"href":"https:\/\/www.lycee-charles-nodier-ac-besancon.fr\/wordpress\/wp-json\/wp\/v2\/tags?post=5391"},{"taxonomy":"author","embeddable":true,"href":"https:\/\/www.lycee-charles-nodier-ac-besancon.fr\/wordpress\/wp-json\/wp\/v2\/coauthors?post=5391"}],"curies":[{"name":"wp","href":"https:\/\/api.w.org\/{rel}","templated":true}]}}