{"id":5435,"date":"2022-12-07T18:27:36","date_gmt":"2022-12-07T17:27:36","guid":{"rendered":"http:\/\/www.lycee-charles-nodier-ac-besancon.fr\/wordpress\/?p=5435"},"modified":"2022-12-07T18:27:37","modified_gmt":"2022-12-07T17:27:37","slug":"remise-des-diplomes-au-lycee-nodier","status":"publish","type":"post","link":"https:\/\/www.lycee-charles-nodier-ac-besancon.fr\/wordpress\/remise-des-diplomes-au-lycee-nodier\/","title":{"rendered":"Remise des dipl\u00f4mes au lyc\u00e9e Nodier"},"content":{"rendered":"\n<p><strong>Samedi 19 novembre 2022<\/strong> matin, le lyc\u00e9e Nodier a organis\u00e9 la <strong>remise des dipl\u00f4mes aux laur\u00e9ats du baccalaur\u00e9at et du BTS de la session 2022.<\/strong><\/p>\n<p>Outre le plaisir de retrouver leurs camarades de promotion, les r\u00e9cipiendaires ont retrouv\u00e9 avec \u00e9motion leurs enseignants, assistants d\u2019\u00e9ducation, et autres personnels qui leur ont r\u00e9serv\u00e9 un accueil chaleureux.<\/p>\n<p>Les bacheliers ont \u00e9t\u00e9 re\u00e7us en trois \u00ab\u00a0vagues (9h15, 10h15 et 11h15) par un mot d\u2019accueil de M. le proviseur, entour\u00e9 de Mme Staunton et M. Garret respectivement ancienne et nouveau proviseurs adjoints du lyc\u00e9e De m\u00eame, les laur\u00e9ats du BTS avaient \u00e9t\u00e9 convi\u00e9s \u00e0 10h30.<\/p>\n<p>Certains seront de nouveau pr\u00e9sents vendredi 16 d\u00e9cembre apr\u00e8s-midi dans les murs du lyc\u00e9e pour pr\u00e9senter aux lyc\u00e9ens actuels les formations sup\u00e9rieures dans lesquelles ils sont d\u00e9sormais inscrits.<\/p>\n<p><img loading=\"lazy\" decoding=\"async\" class=\"alignnone size-full wp-image-5436\" src=\"https:\/\/www.lycee-charles-nodier-ac-besancon.fr\/wordpress\/wp-content\/uploads\/2022\/12\/316583698_801954334592149_7076724631921354290_n.jpg\" alt=\"\" width=\"1536\" height=\"2048\" srcset=\"https:\/\/www.lycee-charles-nodier-ac-besancon.fr\/wordpress\/wp-content\/uploads\/2022\/12\/316583698_801954334592149_7076724631921354290_n.jpg 1536w, https:\/\/www.lycee-charles-nodier-ac-besancon.fr\/wordpress\/wp-content\/uploads\/2022\/12\/316583698_801954334592149_7076724631921354290_n-225x300.jpg 225w, https:\/\/www.lycee-charles-nodier-ac-besancon.fr\/wordpress\/wp-content\/uploads\/2022\/12\/316583698_801954334592149_7076724631921354290_n-768x1024.jpg 768w, https:\/\/www.lycee-charles-nodier-ac-besancon.fr\/wordpress\/wp-content\/uploads\/2022\/12\/316583698_801954334592149_7076724631921354290_n-1152x1536.jpg 1152w, https:\/\/www.lycee-charles-nodier-ac-besancon.fr\/wordpress\/wp-content\/uploads\/2022\/12\/316583698_801954334592149_7076724631921354290_n-113x150.jpg 113w\" sizes=\"auto, (max-width: 1536px) 100vw, 1536px\" \/> <img loading=\"lazy\" decoding=\"async\" class=\"alignnone size-full wp-image-5438\" src=\"https:\/\/www.lycee-charles-nodier-ac-besancon.fr\/wordpress\/wp-content\/uploads\/2022\/12\/316282935_5677458535665975_5090698125546651434_n.jpg\" alt=\"\" width=\"946\" height=\"1473\" srcset=\"https:\/\/www.lycee-charles-nodier-ac-besancon.fr\/wordpress\/wp-content\/uploads\/2022\/12\/316282935_5677458535665975_5090698125546651434_n.jpg 946w, https:\/\/www.lycee-charles-nodier-ac-besancon.fr\/wordpress\/wp-content\/uploads\/2022\/12\/316282935_5677458535665975_5090698125546651434_n-193x300.jpg 193w, https:\/\/www.lycee-charles-nodier-ac-besancon.fr\/wordpress\/wp-content\/uploads\/2022\/12\/316282935_5677458535665975_5090698125546651434_n-658x1024.jpg 658w, https:\/\/www.lycee-charles-nodier-ac-besancon.fr\/wordpress\/wp-content\/uploads\/2022\/12\/316282935_5677458535665975_5090698125546651434_n-768x1196.jpg 768w, https:\/\/www.lycee-charles-nodier-ac-besancon.fr\/wordpress\/wp-content\/uploads\/2022\/12\/316282935_5677458535665975_5090698125546651434_n-96x150.jpg 96w\" sizes=\"auto, (max-width: 946px) 100vw, 946px\" \/><img loading=\"lazy\" decoding=\"async\" class=\"alignnone size-full wp-image-5439\" src=\"https:\/\/www.lycee-charles-nodier-ac-besancon.fr\/wordpress\/wp-content\/uploads\/2022\/12\/316282941_1290772035106506_6568656180681176762_n.jpg\" alt=\"\" width=\"1536\" height=\"2048\" srcset=\"https:\/\/www.lycee-charles-nodier-ac-besancon.fr\/wordpress\/wp-content\/uploads\/2022\/12\/316282941_1290772035106506_6568656180681176762_n.jpg 1536w, https:\/\/www.lycee-charles-nodier-ac-besancon.fr\/wordpress\/wp-content\/uploads\/2022\/12\/316282941_1290772035106506_6568656180681176762_n-225x300.jpg 225w, https:\/\/www.lycee-charles-nodier-ac-besancon.fr\/wordpress\/wp-content\/uploads\/2022\/12\/316282941_1290772035106506_6568656180681176762_n-768x1024.jpg 768w, https:\/\/www.lycee-charles-nodier-ac-besancon.fr\/wordpress\/wp-content\/uploads\/2022\/12\/316282941_1290772035106506_6568656180681176762_n-1152x1536.jpg 1152w, https:\/\/www.lycee-charles-nodier-ac-besancon.fr\/wordpress\/wp-content\/uploads\/2022\/12\/316282941_1290772035106506_6568656180681176762_n-113x150.jpg 113w\" sizes=\"auto, (max-width: 1536px) 100vw, 1536px\" \/><\/p>\n<p><img loading=\"lazy\" decoding=\"async\" class=\"alignnone size-full wp-image-5437\" src=\"https:\/\/www.lycee-charles-nodier-ac-besancon.fr\/wordpress\/wp-content\/uploads\/2022\/12\/c519486f-2f12-4440-a7e5-c5cf072d5096.jpg\" alt=\"\" width=\"1024\" height=\"797\" srcset=\"https:\/\/www.lycee-charles-nodier-ac-besancon.fr\/wordpress\/wp-content\/uploads\/2022\/12\/c519486f-2f12-4440-a7e5-c5cf072d5096.jpg 1024w, https:\/\/www.lycee-charles-nodier-ac-besancon.fr\/wordpress\/wp-content\/uploads\/2022\/12\/c519486f-2f12-4440-a7e5-c5cf072d5096-300x233.jpg 300w, https:\/\/www.lycee-charles-nodier-ac-besancon.fr\/wordpress\/wp-content\/uploads\/2022\/12\/c519486f-2f12-4440-a7e5-c5cf072d5096-768x598.jpg 768w, https:\/\/www.lycee-charles-nodier-ac-besancon.fr\/wordpress\/wp-content\/uploads\/2022\/12\/c519486f-2f12-4440-a7e5-c5cf072d5096-150x117.jpg 150w, https:\/\/www.lycee-charles-nodier-ac-besancon.fr\/wordpress\/wp-content\/uploads\/2022\/12\/c519486f-2f12-4440-a7e5-c5cf072d5096-400x311.jpg 400w, https:\/\/www.lycee-charles-nodier-ac-besancon.fr\/wordpress\/wp-content\/uploads\/2022\/12\/c519486f-2f12-4440-a7e5-c5cf072d5096-193x150.jpg 193w\" sizes=\"auto, (max-width: 1024px) 100vw, 1024px\" \/><\/p>\n<p style=\"text-align: center;\"><em>Les photos ont \u00e9t\u00e9 prises dans le b\u00e2timent de la Charit\u00e9\u00a0<\/em><\/p>\n","protected":false},"excerpt":{"rendered":"<p>Samedi 19 novembre 2022 matin, le lyc\u00e9e Nodier a organis\u00e9 la remise des dipl\u00f4mes aux laur\u00e9ats du baccalaur\u00e9at et du BTS de la session 2022. Outre le plaisir de retrouver\u2026<\/p>\n<p> <a class=\"continue-reading-link\" href=\"https:\/\/www.lycee-charles-nodier-ac-besancon.fr\/wordpress\/remise-des-diplomes-au-lycee-nodier\/\"><span>Lire la suite<\/span><i class=\"crycon-right-dir\"><\/i><\/a> <\/p>\n","protected":false},"author":2,"featured_media":5439,"comment_status":"closed","ping_status":"open","sticky":false,"template":"","format":"standard","meta":{"footnotes":""},"categories":[17,29,92,91,93],"tags":[],"coauthors":[],"class_list":["post-5435","post","type-post","status-publish","format-standard","has-post-thumbnail","hentry","category-actualite","category-baccalaureat","category-eleves","category-parents","category-personnels"],"views":1913,"_links":{"self":[{"href":"https:\/\/www.lycee-charles-nodier-ac-besancon.fr\/wordpress\/wp-json\/wp\/v2\/posts\/5435","targetHints":{"allow":["GET"]}}],"collection":[{"href":"https:\/\/www.lycee-charles-nodier-ac-besancon.fr\/wordpress\/wp-json\/wp\/v2\/posts"}],"about":[{"href":"https:\/\/www.lycee-charles-nodier-ac-besancon.fr\/wordpress\/wp-json\/wp\/v2\/types\/post"}],"author":[{"embeddable":true,"href":"https:\/\/www.lycee-charles-nodier-ac-besancon.fr\/wordpress\/wp-json\/wp\/v2\/users\/2"}],"replies":[{"embeddable":true,"href":"https:\/\/www.lycee-charles-nodier-ac-besancon.fr\/wordpress\/wp-json\/wp\/v2\/comments?post=5435"}],"version-history":[{"count":1,"href":"https:\/\/www.lycee-charles-nodier-ac-besancon.fr\/wordpress\/wp-json\/wp\/v2\/posts\/5435\/revisions"}],"predecessor-version":[{"id":5440,"href":"https:\/\/www.lycee-charles-nodier-ac-besancon.fr\/wordpress\/wp-json\/wp\/v2\/posts\/5435\/revisions\/5440"}],"wp:featuredmedia":[{"embeddable":true,"href":"https:\/\/www.lycee-charles-nodier-ac-besancon.fr\/wordpress\/wp-json\/wp\/v2\/media\/5439"}],"wp:attachment":[{"href":"https:\/\/www.lycee-charles-nodier-ac-besancon.fr\/wordpress\/wp-json\/wp\/v2\/media?parent=5435"}],"wp:term":[{"taxonomy":"category","embeddable":true,"href":"https:\/\/www.lycee-charles-nodier-ac-besancon.fr\/wordpress\/wp-json\/wp\/v2\/categories?post=5435"},{"taxonomy":"post_tag","embeddable":true,"href":"https:\/\/www.lycee-charles-nodier-ac-besancon.fr\/wordpress\/wp-json\/wp\/v2\/tags?post=5435"},{"taxonomy":"author","embeddable":true,"href":"https:\/\/www.lycee-charles-nodier-ac-besancon.fr\/wordpress\/wp-json\/wp\/v2\/coauthors?post=5435"}],"curies":[{"name":"wp","href":"https:\/\/api.w.org\/{rel}","templated":true}]}}