{"id":5486,"date":"2023-02-24T10:47:01","date_gmt":"2023-02-24T09:47:01","guid":{"rendered":"http:\/\/www.lycee-charles-nodier-ac-besancon.fr\/wordpress\/?p=5486"},"modified":"2023-06-29T09:15:22","modified_gmt":"2023-06-29T07:15:22","slug":"action-solidaire-restos-du-coeur","status":"publish","type":"post","link":"https:\/\/www.lycee-charles-nodier-ac-besancon.fr\/wordpress\/action-solidaire-restos-du-coeur\/","title":{"rendered":"Action Solidaire Restos du c\u0153ur"},"content":{"rendered":"\n<p><img loading=\"lazy\" decoding=\"async\" class=\"size-full wp-image-5487 aligncenter\" src=\"https:\/\/www.lycee-charles-nodier-ac-besancon.fr\/wordpress\/wp-content\/uploads\/2023\/02\/Collecte.png\" alt=\"\" width=\"1100\" height=\"329\" srcset=\"https:\/\/www.lycee-charles-nodier-ac-besancon.fr\/wordpress\/wp-content\/uploads\/2023\/02\/Collecte.png 1100w, https:\/\/www.lycee-charles-nodier-ac-besancon.fr\/wordpress\/wp-content\/uploads\/2023\/02\/Collecte-300x90.png 300w, https:\/\/www.lycee-charles-nodier-ac-besancon.fr\/wordpress\/wp-content\/uploads\/2023\/02\/Collecte-1024x306.png 1024w, https:\/\/www.lycee-charles-nodier-ac-besancon.fr\/wordpress\/wp-content\/uploads\/2023\/02\/Collecte-768x230.png 768w, https:\/\/www.lycee-charles-nodier-ac-besancon.fr\/wordpress\/wp-content\/uploads\/2023\/02\/Collecte-150x45.png 150w, https:\/\/www.lycee-charles-nodier-ac-besancon.fr\/wordpress\/wp-content\/uploads\/2023\/02\/Collecte-250x75.png 250w\" sizes=\"auto, (max-width: 1100px) 100vw, 1100px\" \/><\/p>\n<p style=\"text-align: center;\">COLLECTE \u00a0 pour \u00a0 les\u00a0 \u00a0Restos du C\u0153ur<br \/>du 27 F\u00e9vrier\u00a0 13 mars 2023<br \/>SAKADONS\u00a0\u00a0\u00e0 r\u00e9cup\u00e9rer, remplir et rapporter au\u00a0 BVS<\/p>\n<p style=\"text-align: left;\">Les informations sur les dons se trouvent sur les affiches\u00a0<br \/>Cette action solidaire\u00a0 men\u00e9e par les \u00e9l\u00e8ves,\u00a0 en partenariat avec Info Jeunes Dole, met en avant leur implication .<br \/>\u00a0<br \/><style>\n    .ppv_container.de_69ee50e2d300a {\n        width: 80%;\n        height: 600px;\n        display: flex;\n        flex-direction: column;\n        position: relative;\n    }\n\n    @media (max-width: 991px) {\n        .ppv_container.de_69ee50e2d300a {\n            width: 80%;\n            height: 600px;\n        }\n    }\n\n    @media (max-width: 767px) {\n        .ppv_container.de_69ee50e2d300a {\n            width: 80%;\n            height: 600px;\n        }\n    }\n\n    .de_69ee50e2d300a.document-preview {\n        width: 100%;\n        flex: 1;\n        display: flex;\n        flex-direction: column;\n    }\n\n    .de_69ee50e2d300aiframe {\n        width: 100%;\n        height: 100%;\n        flex: 1;\n        border: none;\n    }\n\n    .ppv-loading {\n        width: inherit;\n        position: absolute;\n        top: 50%;\n        left: 0;\n        font-family: sans-serif;\n        color: #666;\n        z-index: 1;\n        display: flex;\n        justify-content: center;\n    }\n<\/style>\n<div class=\"ppv_container de_69ee50e2d300a\">\n\n    <div class=\"ppv-toolbar\" style=\"justify-content: end\"><div class=\"ppv-toolbar-right\"><a class=\"s_pdf_download_link\" style=\"display: flex;\"  href=\"http:\/\/www.lycee-charles-nodier-ac-besancon.fr\/wordpress\/wp-content\/uploads\/2023\/02\/Affiche-restos-du-coeur.pdf\" download><button style=\"background: transparent; padding: 4px 10px; border-radius: 4px; border: 1px solid #cececf; color: #cececf; cursor: pointer;\" class=\"ppv_download_bttn ppv-direct-download\" data-behavior=\"download\" data-doc-id=\"5489\">Download<\/button><\/a><\/div><\/div>    <div class=\"ppv-loading\">PDF Loading...<\/div>\n    <div class=\"document-preview\" style=\"height: inherit; width: inherit;\">\n        <iframe style=\"width: 100%; height: 100%;\" src=\"\/\/docs.google.com\/gview?embedded=true&#038;url=http:\/\/www.lycee-charles-nodier-ac-besancon.fr\/wordpress\/wp-content\/uploads\/2023\/02\/Affiche-restos-du-coeur.pdf\" frameborder=\"0\"><\/iframe>\n    <\/div>\n    <\/div>\n\n\u00a0<br \/>\u00a0Conseil de Vie Lyc\u00e9enne &#8211; Association \u00a0 Maison Des Lyc\u00e9ens &#8211; EcoD\u00e9l\u00e9gu\u00e9s<\/p>\n<p>\u00a0<\/p>\n<p style=\"text-align: left;\">L&rsquo;action solidaire men\u00e9e par les lyc\u00e9ens dans le cadre du partenariat MDL\/CVL\/EcoD et Infos jeunessse Jura s&rsquo;est conclue par une <strong>remise des sakadons lundi 27 mars \u00e0 10h20 dans la cour du lyc\u00e9e<\/strong>.<\/p>\n<p style=\"text-align: center;\">\u00a0<br \/>Un grand merci\u00a0\u00a0pour chaque personne ayant contribu\u00e9 \u00e0 cette collecte<br \/><strong>40 SAKADONS remplis<\/strong><br \/><strong>224 dons<\/strong><\/p>\n\n\n\n<div data-wp-interactive=\"core\/file\" class=\"wp-block-file\"><object data-wp-bind--hidden=\"!state.hasPdfPreview\" hidden class=\"wp-block-file__embed\" data=\"https:\/\/www.lycee-charles-nodier-ac-besancon.fr\/wordpress\/wp-content\/uploads\/2023\/06\/Remise-des-sakadons-2023.pdf\" type=\"application\/pdf\" style=\"width:100%;height:600px\" aria-label=\"Contenu embarqu\u00e9 Remise-des-sakadons-2023.\"><\/object><a id=\"wp-block-file--media-067e7ab8-755b-43ee-9974-2366bad074dd\" href=\"https:\/\/www.lycee-charles-nodier-ac-besancon.fr\/wordpress\/wp-content\/uploads\/2023\/06\/Remise-des-sakadons-2023.pdf\">Remise-des-sakadons-2023<\/a><a href=\"https:\/\/www.lycee-charles-nodier-ac-besancon.fr\/wordpress\/wp-content\/uploads\/2023\/06\/Remise-des-sakadons-2023.pdf\" class=\"wp-block-file__button wp-element-button\" download aria-describedby=\"wp-block-file--media-067e7ab8-755b-43ee-9974-2366bad074dd\">T\u00e9l\u00e9charger<\/a><\/div>\n","protected":false},"excerpt":{"rendered":"<p>COLLECTE \u00a0 pour \u00a0 les\u00a0 \u00a0Restos du C\u0153urdu 27 F\u00e9vrier\u00a0 13 mars 2023SAKADONS\u00a0\u00a0\u00e0 r\u00e9cup\u00e9rer, remplir et rapporter au\u00a0 BVS Les informations sur les dons se trouvent sur les affiches\u00a0Cette action\u2026<\/p>\n<p> <a class=\"continue-reading-link\" href=\"https:\/\/www.lycee-charles-nodier-ac-besancon.fr\/wordpress\/action-solidaire-restos-du-coeur\/\"><span>Lire la suite<\/span><i class=\"crycon-right-dir\"><\/i><\/a> <\/p>\n","protected":false},"author":2,"featured_media":5487,"comment_status":"closed","ping_status":"open","sticky":false,"template":"","format":"standard","meta":{"footnotes":""},"categories":[106,92,91,93],"tags":[],"coauthors":[],"class_list":["post-5486","post","type-post","status-publish","format-standard","has-post-thumbnail","hentry","category-e3d","category-eleves","category-parents","category-personnels"],"views":1114,"_links":{"self":[{"href":"https:\/\/www.lycee-charles-nodier-ac-besancon.fr\/wordpress\/wp-json\/wp\/v2\/posts\/5486","targetHints":{"allow":["GET"]}}],"collection":[{"href":"https:\/\/www.lycee-charles-nodier-ac-besancon.fr\/wordpress\/wp-json\/wp\/v2\/posts"}],"about":[{"href":"https:\/\/www.lycee-charles-nodier-ac-besancon.fr\/wordpress\/wp-json\/wp\/v2\/types\/post"}],"author":[{"embeddable":true,"href":"https:\/\/www.lycee-charles-nodier-ac-besancon.fr\/wordpress\/wp-json\/wp\/v2\/users\/2"}],"replies":[{"embeddable":true,"href":"https:\/\/www.lycee-charles-nodier-ac-besancon.fr\/wordpress\/wp-json\/wp\/v2\/comments?post=5486"}],"version-history":[{"count":4,"href":"https:\/\/www.lycee-charles-nodier-ac-besancon.fr\/wordpress\/wp-json\/wp\/v2\/posts\/5486\/revisions"}],"predecessor-version":[{"id":6261,"href":"https:\/\/www.lycee-charles-nodier-ac-besancon.fr\/wordpress\/wp-json\/wp\/v2\/posts\/5486\/revisions\/6261"}],"wp:featuredmedia":[{"embeddable":true,"href":"https:\/\/www.lycee-charles-nodier-ac-besancon.fr\/wordpress\/wp-json\/wp\/v2\/media\/5487"}],"wp:attachment":[{"href":"https:\/\/www.lycee-charles-nodier-ac-besancon.fr\/wordpress\/wp-json\/wp\/v2\/media?parent=5486"}],"wp:term":[{"taxonomy":"category","embeddable":true,"href":"https:\/\/www.lycee-charles-nodier-ac-besancon.fr\/wordpress\/wp-json\/wp\/v2\/categories?post=5486"},{"taxonomy":"post_tag","embeddable":true,"href":"https:\/\/www.lycee-charles-nodier-ac-besancon.fr\/wordpress\/wp-json\/wp\/v2\/tags?post=5486"},{"taxonomy":"author","embeddable":true,"href":"https:\/\/www.lycee-charles-nodier-ac-besancon.fr\/wordpress\/wp-json\/wp\/v2\/coauthors?post=5486"}],"curies":[{"name":"wp","href":"https:\/\/api.w.org\/{rel}","templated":true}]}}