{"id":551,"date":"2015-11-04T17:22:48","date_gmt":"2015-11-04T16:22:48","guid":{"rendered":"http:\/\/www.lycee-charles-nodier-ac-besancon.fr\/wordpress\/?p=551"},"modified":"2018-04-13T09:45:09","modified_gmt":"2018-04-13T07:45:09","slug":"cross-departemental-du-mercredi-14-octobre-2015-felicitations-aux-eleves-de-lunss","status":"publish","type":"post","link":"https:\/\/www.lycee-charles-nodier-ac-besancon.fr\/wordpress\/cross-departemental-du-mercredi-14-octobre-2015-felicitations-aux-eleves-de-lunss\/","title":{"rendered":"Cross d\u00e9partemental du mercredi 14 octobre 2015 : F\u00e9licitations aux \u00e9l\u00e8ves de l\u2019UNSS"},"content":{"rendered":"<p>Vous trouverez ci-dessous les r\u00e9sultats du Cross d\u00e9partemental du mercredi 14 octobre 2015\u00a0:<\/p>\n<p>&nbsp;<\/p>\n<p>&nbsp;<\/p>\n<p>Les \u00e9l\u00e8ves de l\u2019Association sportive du Lyc\u00e9e Charles NODIER ont obtenu d\u2019excellents r\u00e9sultats au cross d\u00e9partemental qui a eu lieu mercredi 14 octobre 2015 \u00e0 Longwy sur le Doubs.<br \/>\nNous leur pr\u00e9sentons toutes nos f\u00e9licitations.<\/p>\n<ul>\n<li><strong>Cadettes filles<\/strong>\u00a0: 2\u00e8me et 7e places du classement par \u00e9quipe<\/li>\n<\/ul>\n<p>&nbsp;<\/p>\n<ul>\n<li><strong>Junior filles<\/strong>\u00a0: 1 \u00e8re place du classement par \u00e9quipe, et 1re place pour Valentine chape lotte et 3e place pour Camille Benay en individuel.<\/li>\n<\/ul>\n<p>&nbsp;<\/p>\n<ul>\n<li><strong>Cadets gar\u00e7ons<\/strong>\u00a0: 3\u00e8me place du classement par \u00e9quipe<\/li>\n<\/ul>\n<p>&nbsp;<\/p>\n<ul>\n<li><strong>Junior gar\u00e7ons\u00a0<\/strong>: 1ers du classement par \u00e9quipe, et 1\u00e8re place individuelle pour Florian de Silva, et 2\u00e8me place pour Duncan Moreno Lopez<\/li>\n<\/ul>\n<p><img loading=\"lazy\" decoding=\"async\" class=\"size-full wp-image-556 aligncenter\" src=\"https:\/\/www.lycee-charles-nodier-ac-besancon.fr\/wordpress\/wp-content\/uploads\/2016\/07\/img_0946.jpg\" alt=\"img_0946\" width=\"900\" height=\"675\" srcset=\"https:\/\/www.lycee-charles-nodier-ac-besancon.fr\/wordpress\/wp-content\/uploads\/2016\/07\/img_0946.jpg 900w, https:\/\/www.lycee-charles-nodier-ac-besancon.fr\/wordpress\/wp-content\/uploads\/2016\/07\/img_0946-300x225.jpg 300w, https:\/\/www.lycee-charles-nodier-ac-besancon.fr\/wordpress\/wp-content\/uploads\/2016\/07\/img_0946-768x576.jpg 768w\" sizes=\"auto, (max-width: 900px) 100vw, 900px\" \/><\/p>\n<p><img loading=\"lazy\" decoding=\"async\" class=\"size-full wp-image-555 aligncenter\" src=\"https:\/\/www.lycee-charles-nodier-ac-besancon.fr\/wordpress\/wp-content\/uploads\/2016\/07\/img_0969.jpg\" alt=\"img_0969\" width=\"900\" height=\"675\" srcset=\"https:\/\/www.lycee-charles-nodier-ac-besancon.fr\/wordpress\/wp-content\/uploads\/2016\/07\/img_0969.jpg 900w, https:\/\/www.lycee-charles-nodier-ac-besancon.fr\/wordpress\/wp-content\/uploads\/2016\/07\/img_0969-300x225.jpg 300w, https:\/\/www.lycee-charles-nodier-ac-besancon.fr\/wordpress\/wp-content\/uploads\/2016\/07\/img_0969-768x576.jpg 768w\" sizes=\"auto, (max-width: 900px) 100vw, 900px\" \/><\/p>\n<p><img loading=\"lazy\" decoding=\"async\" class=\"size-full wp-image-554 aligncenter\" src=\"https:\/\/www.lycee-charles-nodier-ac-besancon.fr\/wordpress\/wp-content\/uploads\/2016\/07\/img_0994.jpg\" alt=\"img_0994\" width=\"900\" height=\"675\" srcset=\"https:\/\/www.lycee-charles-nodier-ac-besancon.fr\/wordpress\/wp-content\/uploads\/2016\/07\/img_0994.jpg 900w, https:\/\/www.lycee-charles-nodier-ac-besancon.fr\/wordpress\/wp-content\/uploads\/2016\/07\/img_0994-300x225.jpg 300w, https:\/\/www.lycee-charles-nodier-ac-besancon.fr\/wordpress\/wp-content\/uploads\/2016\/07\/img_0994-768x576.jpg 768w\" sizes=\"auto, (max-width: 900px) 100vw, 900px\" \/><\/p>\n<p><img loading=\"lazy\" decoding=\"async\" class=\"size-full wp-image-553 aligncenter\" src=\"https:\/\/www.lycee-charles-nodier-ac-besancon.fr\/wordpress\/wp-content\/uploads\/2016\/07\/img_0998.jpg\" alt=\"img_0998\" width=\"900\" height=\"675\" srcset=\"https:\/\/www.lycee-charles-nodier-ac-besancon.fr\/wordpress\/wp-content\/uploads\/2016\/07\/img_0998.jpg 900w, https:\/\/www.lycee-charles-nodier-ac-besancon.fr\/wordpress\/wp-content\/uploads\/2016\/07\/img_0998-300x225.jpg 300w, https:\/\/www.lycee-charles-nodier-ac-besancon.fr\/wordpress\/wp-content\/uploads\/2016\/07\/img_0998-768x576.jpg 768w\" sizes=\"auto, (max-width: 900px) 100vw, 900px\" \/><\/p>\n<p><img loading=\"lazy\" decoding=\"async\" class=\"size-full wp-image-552 aligncenter\" src=\"https:\/\/www.lycee-charles-nodier-ac-besancon.fr\/wordpress\/wp-content\/uploads\/2016\/07\/img_0999.jpg\" alt=\"img_0999\" width=\"900\" height=\"675\" srcset=\"https:\/\/www.lycee-charles-nodier-ac-besancon.fr\/wordpress\/wp-content\/uploads\/2016\/07\/img_0999.jpg 900w, https:\/\/www.lycee-charles-nodier-ac-besancon.fr\/wordpress\/wp-content\/uploads\/2016\/07\/img_0999-300x225.jpg 300w, https:\/\/www.lycee-charles-nodier-ac-besancon.fr\/wordpress\/wp-content\/uploads\/2016\/07\/img_0999-768x576.jpg 768w\" sizes=\"auto, (max-width: 900px) 100vw, 900px\" \/><\/p>\n","protected":false},"excerpt":{"rendered":"<p>Vous trouverez ci-dessous les r\u00e9sultats du Cross d\u00e9partemental du mercredi 14 octobre 2015\u00a0: &nbsp; &nbsp; Les \u00e9l\u00e8ves de l\u2019Association sportive du Lyc\u00e9e Charles NODIER ont obtenu d\u2019excellents r\u00e9sultats au cross\u2026<\/p>\n<p> <a class=\"continue-reading-link\" href=\"https:\/\/www.lycee-charles-nodier-ac-besancon.fr\/wordpress\/cross-departemental-du-mercredi-14-octobre-2015-felicitations-aux-eleves-de-lunss\/\"><span>Lire la suite<\/span><i class=\"crycon-right-dir\"><\/i><\/a> <\/p>\n","protected":false},"author":2,"featured_media":548,"comment_status":"closed","ping_status":"open","sticky":false,"template":"","format":"standard","meta":{"footnotes":""},"categories":[62],"tags":[],"coauthors":[],"class_list":["post-551","post","type-post","status-publish","format-standard","has-post-thumbnail","hentry","category-eps"],"views":2738,"_links":{"self":[{"href":"https:\/\/www.lycee-charles-nodier-ac-besancon.fr\/wordpress\/wp-json\/wp\/v2\/posts\/551","targetHints":{"allow":["GET"]}}],"collection":[{"href":"https:\/\/www.lycee-charles-nodier-ac-besancon.fr\/wordpress\/wp-json\/wp\/v2\/posts"}],"about":[{"href":"https:\/\/www.lycee-charles-nodier-ac-besancon.fr\/wordpress\/wp-json\/wp\/v2\/types\/post"}],"author":[{"embeddable":true,"href":"https:\/\/www.lycee-charles-nodier-ac-besancon.fr\/wordpress\/wp-json\/wp\/v2\/users\/2"}],"replies":[{"embeddable":true,"href":"https:\/\/www.lycee-charles-nodier-ac-besancon.fr\/wordpress\/wp-json\/wp\/v2\/comments?post=551"}],"version-history":[{"count":1,"href":"https:\/\/www.lycee-charles-nodier-ac-besancon.fr\/wordpress\/wp-json\/wp\/v2\/posts\/551\/revisions"}],"predecessor-version":[{"id":557,"href":"https:\/\/www.lycee-charles-nodier-ac-besancon.fr\/wordpress\/wp-json\/wp\/v2\/posts\/551\/revisions\/557"}],"wp:featuredmedia":[{"embeddable":true,"href":"https:\/\/www.lycee-charles-nodier-ac-besancon.fr\/wordpress\/wp-json\/wp\/v2\/media\/548"}],"wp:attachment":[{"href":"https:\/\/www.lycee-charles-nodier-ac-besancon.fr\/wordpress\/wp-json\/wp\/v2\/media?parent=551"}],"wp:term":[{"taxonomy":"category","embeddable":true,"href":"https:\/\/www.lycee-charles-nodier-ac-besancon.fr\/wordpress\/wp-json\/wp\/v2\/categories?post=551"},{"taxonomy":"post_tag","embeddable":true,"href":"https:\/\/www.lycee-charles-nodier-ac-besancon.fr\/wordpress\/wp-json\/wp\/v2\/tags?post=551"},{"taxonomy":"author","embeddable":true,"href":"https:\/\/www.lycee-charles-nodier-ac-besancon.fr\/wordpress\/wp-json\/wp\/v2\/coauthors?post=551"}],"curies":[{"name":"wp","href":"https:\/\/api.w.org\/{rel}","templated":true}]}}