{"id":5546,"date":"2023-04-26T18:41:06","date_gmt":"2023-04-26T16:41:06","guid":{"rendered":"http:\/\/www.lycee-charles-nodier-ac-besancon.fr\/wordpress\/?p=5546"},"modified":"2023-04-30T11:11:02","modified_gmt":"2023-04-30T09:11:02","slug":"concert-mwemba","status":"publish","type":"post","link":"https:\/\/www.lycee-charles-nodier-ac-besancon.fr\/wordpress\/concert-mwemba\/","title":{"rendered":"Concert \u00ab Mwemba \u00bb"},"content":{"rendered":"\n\n\n<p>L\u2019ensemble des \u00e9l\u00e8ves en option ou en sp\u00e9cialit\u00e9 musique des lyc\u00e9es L. Pasteur de Besan\u00e7on et Ch. Nodier de Dole seront sur la grande sc\u00e8ne de la Rodia avec le musicien Henri Dikongu\u00e9 mercredi 17 mai \u00e0 19h dans le cadre d\u2019un concert \u00ab\u00a0sortie de chantier\u00a0\u00bb\u00a0!<\/p>\n<p>Au programme de ce concert\u00a0: des chansons compos\u00e9es par les \u00e9l\u00e8ves sur des textes en douala d\u2019Henri Dikongu\u00e9 ou sur des textes \u00e9crits par les \u00e9l\u00e8ves lors d\u2019ateliers d\u2019\u00e9criture accompagn\u00e9s par le musicien camerounais\u00a0; ainsi que des chansons d\u2019Henri Dikongu\u00e9 que les 58 \u00e9l\u00e8ves des deux lyc\u00e9es interpr\u00e9teront \u00e0 ses c\u00f4t\u00e9s!<\/p>\n<p>Le concert sera sonoris\u00e9 et mis en lumi\u00e8re par les \u00e9tudiants de deuxi\u00e8me ann\u00e9e de DN MADE \u00ab\u00a0R\u00e9gie de spectacle vivant\u00a0\u00bb du lyc\u00e9e Pasteur.<\/p>\n<p>Mwemba signifie \u00ab\u00a0ensemble\u00a0\u00bb en douala<\/p>\n<p><img loading=\"lazy\" decoding=\"async\" class=\"size-full wp-image-5551 aligncenter\" src=\"https:\/\/www.lycee-charles-nodier-ac-besancon.fr\/wordpress\/wp-content\/uploads\/2023\/04\/Affiche-Mwemba.jpg\" alt=\"\" width=\"1587\" height=\"2245\" srcset=\"https:\/\/www.lycee-charles-nodier-ac-besancon.fr\/wordpress\/wp-content\/uploads\/2023\/04\/Affiche-Mwemba.jpg 1587w, https:\/\/www.lycee-charles-nodier-ac-besancon.fr\/wordpress\/wp-content\/uploads\/2023\/04\/Affiche-Mwemba-212x300.jpg 212w, https:\/\/www.lycee-charles-nodier-ac-besancon.fr\/wordpress\/wp-content\/uploads\/2023\/04\/Affiche-Mwemba-724x1024.jpg 724w, https:\/\/www.lycee-charles-nodier-ac-besancon.fr\/wordpress\/wp-content\/uploads\/2023\/04\/Affiche-Mwemba-768x1086.jpg 768w, https:\/\/www.lycee-charles-nodier-ac-besancon.fr\/wordpress\/wp-content\/uploads\/2023\/04\/Affiche-Mwemba-1086x1536.jpg 1086w, https:\/\/www.lycee-charles-nodier-ac-besancon.fr\/wordpress\/wp-content\/uploads\/2023\/04\/Affiche-Mwemba-1448x2048.jpg 1448w, https:\/\/www.lycee-charles-nodier-ac-besancon.fr\/wordpress\/wp-content\/uploads\/2023\/04\/Affiche-Mwemba-106x150.jpg 106w\" sizes=\"auto, (max-width: 1587px) 100vw, 1587px\" \/><\/p>\n","protected":false},"excerpt":{"rendered":"<p>L\u2019ensemble des \u00e9l\u00e8ves en option ou en sp\u00e9cialit\u00e9 musique des lyc\u00e9es L. Pasteur de Besan\u00e7on et Ch. Nodier de Dole seront sur la grande sc\u00e8ne de la Rodia avec le\u2026<\/p>\n<p> <a class=\"continue-reading-link\" href=\"https:\/\/www.lycee-charles-nodier-ac-besancon.fr\/wordpress\/concert-mwemba\/\"><span>Lire la suite<\/span><i class=\"crycon-right-dir\"><\/i><\/a> <\/p>\n","protected":false},"author":2,"featured_media":5551,"comment_status":"closed","ping_status":"open","sticky":false,"template":"","format":"standard","meta":{"footnotes":""},"categories":[35],"tags":[],"coauthors":[],"class_list":["post-5546","post","type-post","status-publish","format-standard","has-post-thumbnail","hentry","category-spectacles_concerts"],"views":1173,"_links":{"self":[{"href":"https:\/\/www.lycee-charles-nodier-ac-besancon.fr\/wordpress\/wp-json\/wp\/v2\/posts\/5546","targetHints":{"allow":["GET"]}}],"collection":[{"href":"https:\/\/www.lycee-charles-nodier-ac-besancon.fr\/wordpress\/wp-json\/wp\/v2\/posts"}],"about":[{"href":"https:\/\/www.lycee-charles-nodier-ac-besancon.fr\/wordpress\/wp-json\/wp\/v2\/types\/post"}],"author":[{"embeddable":true,"href":"https:\/\/www.lycee-charles-nodier-ac-besancon.fr\/wordpress\/wp-json\/wp\/v2\/users\/2"}],"replies":[{"embeddable":true,"href":"https:\/\/www.lycee-charles-nodier-ac-besancon.fr\/wordpress\/wp-json\/wp\/v2\/comments?post=5546"}],"version-history":[{"count":4,"href":"https:\/\/www.lycee-charles-nodier-ac-besancon.fr\/wordpress\/wp-json\/wp\/v2\/posts\/5546\/revisions"}],"predecessor-version":[{"id":5555,"href":"https:\/\/www.lycee-charles-nodier-ac-besancon.fr\/wordpress\/wp-json\/wp\/v2\/posts\/5546\/revisions\/5555"}],"wp:featuredmedia":[{"embeddable":true,"href":"https:\/\/www.lycee-charles-nodier-ac-besancon.fr\/wordpress\/wp-json\/wp\/v2\/media\/5551"}],"wp:attachment":[{"href":"https:\/\/www.lycee-charles-nodier-ac-besancon.fr\/wordpress\/wp-json\/wp\/v2\/media?parent=5546"}],"wp:term":[{"taxonomy":"category","embeddable":true,"href":"https:\/\/www.lycee-charles-nodier-ac-besancon.fr\/wordpress\/wp-json\/wp\/v2\/categories?post=5546"},{"taxonomy":"post_tag","embeddable":true,"href":"https:\/\/www.lycee-charles-nodier-ac-besancon.fr\/wordpress\/wp-json\/wp\/v2\/tags?post=5546"},{"taxonomy":"author","embeddable":true,"href":"https:\/\/www.lycee-charles-nodier-ac-besancon.fr\/wordpress\/wp-json\/wp\/v2\/coauthors?post=5546"}],"curies":[{"name":"wp","href":"https:\/\/api.w.org\/{rel}","templated":true}]}}