{"id":5605,"date":"2023-06-21T11:35:30","date_gmt":"2023-06-21T09:35:30","guid":{"rendered":"http:\/\/www.lycee-charles-nodier-ac-besancon.fr\/wordpress\/?p=5605"},"modified":"2023-06-21T11:35:30","modified_gmt":"2023-06-21T09:35:30","slug":"notre-assistante-despagnol-en-2022-2023","status":"publish","type":"post","link":"https:\/\/www.lycee-charles-nodier-ac-besancon.fr\/wordpress\/notre-assistante-despagnol-en-2022-2023\/","title":{"rendered":"Notre assistante d&rsquo;espagnol en 2022-2023"},"content":{"rendered":"\n<div class=\"wp-block-columns is-layout-flex wp-container-core-columns-is-layout-9d6595d7 wp-block-columns-is-layout-flex\">\n<div class=\"wp-block-column is-layout-flow wp-block-column-is-layout-flow\" style=\"flex-basis:33.33%\">\n<figure class=\"wp-block-image size-large is-resized\"><img loading=\"lazy\" decoding=\"async\" src=\"https:\/\/www.lycee-charles-nodier-ac-besancon.fr\/wordpress\/wp-content\/uploads\/2023\/06\/20230511_125638-1-768x1024.jpg\" alt=\"\" class=\"wp-image-5613\" width=\"252\" height=\"336\" srcset=\"https:\/\/www.lycee-charles-nodier-ac-besancon.fr\/wordpress\/wp-content\/uploads\/2023\/06\/20230511_125638-1-768x1024.jpg 768w, https:\/\/www.lycee-charles-nodier-ac-besancon.fr\/wordpress\/wp-content\/uploads\/2023\/06\/20230511_125638-1-225x300.jpg 225w, https:\/\/www.lycee-charles-nodier-ac-besancon.fr\/wordpress\/wp-content\/uploads\/2023\/06\/20230511_125638-1-1152x1536.jpg 1152w, https:\/\/www.lycee-charles-nodier-ac-besancon.fr\/wordpress\/wp-content\/uploads\/2023\/06\/20230511_125638-1-1536x2048.jpg 1536w, https:\/\/www.lycee-charles-nodier-ac-besancon.fr\/wordpress\/wp-content\/uploads\/2023\/06\/20230511_125638-1-113x150.jpg 113w, https:\/\/www.lycee-charles-nodier-ac-besancon.fr\/wordpress\/wp-content\/uploads\/2023\/06\/20230511_125638-1-scaled.jpg 1920w\" sizes=\"auto, (max-width: 252px) 100vw, 252px\" \/><\/figure>\n\n\n\n<div class=\"wp-block-group\"><div class=\"wp-block-group__inner-container is-layout-constrained wp-block-group-is-layout-constrained\">\n<div class=\"wp-block-columns is-layout-flex wp-container-core-columns-is-layout-9d6595d7 wp-block-columns-is-layout-flex\">\n<div class=\"wp-block-column is-layout-flow wp-block-column-is-layout-flow\" style=\"flex-basis:66.66%\">\n<figure class=\"wp-block-image size-full\"><img loading=\"lazy\" decoding=\"async\" width=\"612\" height=\"459\" src=\"https:\/\/www.lycee-charles-nodier-ac-besancon.fr\/wordpress\/wp-content\/uploads\/2023\/06\/El-Salvador-2.jpg\" alt=\"\" class=\"wp-image-5619\" srcset=\"https:\/\/www.lycee-charles-nodier-ac-besancon.fr\/wordpress\/wp-content\/uploads\/2023\/06\/El-Salvador-2.jpg 612w, https:\/\/www.lycee-charles-nodier-ac-besancon.fr\/wordpress\/wp-content\/uploads\/2023\/06\/El-Salvador-2-300x225.jpg 300w, https:\/\/www.lycee-charles-nodier-ac-besancon.fr\/wordpress\/wp-content\/uploads\/2023\/06\/El-Salvador-2-150x113.jpg 150w, https:\/\/www.lycee-charles-nodier-ac-besancon.fr\/wordpress\/wp-content\/uploads\/2023\/06\/El-Salvador-2-200x150.jpg 200w\" sizes=\"auto, (max-width: 612px) 100vw, 612px\" \/><\/figure>\n<\/div>\n\n\n\n<div class=\"wp-block-column is-vertically-aligned-center is-layout-flow wp-block-column-is-layout-flow\" style=\"flex-basis:33.33%\"><\/div>\n<\/div>\n<\/div><\/div>\n<\/div>\n\n\n\n<div class=\"wp-block-column is-layout-flow wp-block-column-is-layout-flow\" style=\"flex-basis:66.66%\">\n<p align=\"JUSTIFY\">En cette ann\u00e9e scolaire 2022-2023, notre lyc\u00e9e a eu la chance d\u2019accueillir <b>Alessandra<\/b>, une assistante venant tout droit de <b>San Salvador<\/b>. Durant ses cours en petit comit\u00e9, nous avons pu d\u00e9couvrir son pays, les coutumes de ce dernier, sa vie et bien d\u2019autres choses en rapport avec les s\u00e9quences faites en classe avec nos professeures Mmes Chaland, Granger et Paulin.<\/p>\n<p align=\"JUSTIFY\">Ses s\u00e9ances \u00e9taient tr\u00e8s dr\u00f4les et instructives. Elles nous ont permit d\u2019apprendre de nouvelles choses sur la langue espagnole avec un c\u00f4t\u00e9 encore plus ludique. En effet, elle avait pr\u00e9vu de nombreuses activit\u00e9s tourn\u00e9es autour du jeu et du challenge, des \u00e9changes ainsi que beaucoup de supports visuels (diaporamas, vid\u00e9os d\u2019animations\u2026.). J&rsquo;esp\u00e8re que son s\u00e9jour en France aura \u00e9t\u00e9 plaisant! Bonne continuation&nbsp;\u00e0 elle!<i>&nbsp; &nbsp; &nbsp; &nbsp; &nbsp; &nbsp; &nbsp; &nbsp; &nbsp; &nbsp; &nbsp; &nbsp; &nbsp; &nbsp; &nbsp;<\/i><i><\/i><span style=\"font-size: small\"><i>Ma\u00e9ly Faivre 2nde2<\/i><\/span><\/p>\n<\/div>\n<\/div>\n\n\n\n<p align=\"JUSTIFY\"><span style=\"font-size: medium\"><i>&nbsp; &nbsp; &nbsp;\u00ab <\/i><\/span><span style=\"font-size: medium\"><i><b>Me llamo Alessandra<\/b><\/i><\/span><span style=\"font-size: medium\"><i>, tengo 24 a\u00f1os y vengo de El Salvador, m\u00e1s concretamente de San Salvador, en Am\u00e9rica Central. Antes de venir aqu\u00ed como asistente, era traductora en una agencia salvadore\u00f1a. Traduc\u00eda textos del ingl\u00e9s al espa\u00f1ol, del espa\u00f1ol al franc\u00e9s, del franc\u00e9s al ingl\u00e9s y viceversa. Adem\u00e1s de hablar estos tres idiomas con fluidez, actualmente estoy aprendiendo coreano. Sin embargo, no puedo ser int\u00e9rprete porque eso significar\u00eda hablar y, sobre todo, pensar muy deprisa. Esto sigue siendo muy dif\u00edcil para m\u00ed.<\/i><\/span><\/p>\n<p align=\"JUSTIFY\"><span style=\"font-size: medium\"><i>&nbsp; &nbsp; &nbsp;Tuve la oportunidad de venir al Lyc\u00e9e Charles Nodier, donde viv\u00ed una experiencia muy buena gracias a unos profesores muy acogedores y a unos alumnos muy simp\u00e1ticos y divertidos. Adem\u00e1s, el instituto es un centro hist\u00f3rico, ya que algunos de sus edificios datan de hace varios siglos. Me encant\u00f3 acompa\u00f1arles durante algunas clases en las que pude darles a conocer mi pa\u00eds &#8230;.. \u00bb<\/i><\/span><\/p>\n\n\n\n<figure class=\"wp-block-gallery has-nested-images columns-default is-cropped wp-block-gallery-1 is-layout-flex wp-block-gallery-is-layout-flex\">\n<figure class=\"wp-block-image size-large\"><img loading=\"lazy\" decoding=\"async\" width=\"1024\" height=\"621\" data-id=\"5611\" src=\"https:\/\/www.lycee-charles-nodier-ac-besancon.fr\/wordpress\/wp-content\/uploads\/2023\/06\/2nde4-5-1024x621.png\" alt=\"\" class=\"wp-image-5611\" srcset=\"https:\/\/www.lycee-charles-nodier-ac-besancon.fr\/wordpress\/wp-content\/uploads\/2023\/06\/2nde4-5-1024x621.png 1024w, https:\/\/www.lycee-charles-nodier-ac-besancon.fr\/wordpress\/wp-content\/uploads\/2023\/06\/2nde4-5-300x182.png 300w, https:\/\/www.lycee-charles-nodier-ac-besancon.fr\/wordpress\/wp-content\/uploads\/2023\/06\/2nde4-5-768x466.png 768w, https:\/\/www.lycee-charles-nodier-ac-besancon.fr\/wordpress\/wp-content\/uploads\/2023\/06\/2nde4-5-1536x932.png 1536w, https:\/\/www.lycee-charles-nodier-ac-besancon.fr\/wordpress\/wp-content\/uploads\/2023\/06\/2nde4-5-150x91.png 150w, https:\/\/www.lycee-charles-nodier-ac-besancon.fr\/wordpress\/wp-content\/uploads\/2023\/06\/2nde4-5-247x150.png 247w, https:\/\/www.lycee-charles-nodier-ac-besancon.fr\/wordpress\/wp-content\/uploads\/2023\/06\/2nde4-5.png 1680w\" sizes=\"auto, (max-width: 1024px) 100vw, 1024px\" \/><figcaption class=\"wp-element-caption\"><strong>Le groupe des secondes 4-5<\/strong><\/figcaption><\/figure>\n\n\n\n<figure class=\"wp-block-image size-large\"><img loading=\"lazy\" decoding=\"async\" width=\"1024\" height=\"710\" data-id=\"5610\" src=\"https:\/\/www.lycee-charles-nodier-ac-besancon.fr\/wordpress\/wp-content\/uploads\/2023\/06\/Secondes-2-1024x710.jpg\" alt=\"\" class=\"wp-image-5610\" srcset=\"https:\/\/www.lycee-charles-nodier-ac-besancon.fr\/wordpress\/wp-content\/uploads\/2023\/06\/Secondes-2-1024x710.jpg 1024w, https:\/\/www.lycee-charles-nodier-ac-besancon.fr\/wordpress\/wp-content\/uploads\/2023\/06\/Secondes-2-300x208.jpg 300w, https:\/\/www.lycee-charles-nodier-ac-besancon.fr\/wordpress\/wp-content\/uploads\/2023\/06\/Secondes-2-768x532.jpg 768w, https:\/\/www.lycee-charles-nodier-ac-besancon.fr\/wordpress\/wp-content\/uploads\/2023\/06\/Secondes-2-1536x1064.jpg 1536w, https:\/\/www.lycee-charles-nodier-ac-besancon.fr\/wordpress\/wp-content\/uploads\/2023\/06\/Secondes-2-2048x1419.jpg 2048w, https:\/\/www.lycee-charles-nodier-ac-besancon.fr\/wordpress\/wp-content\/uploads\/2023\/06\/Secondes-2-150x104.jpg 150w, https:\/\/www.lycee-charles-nodier-ac-besancon.fr\/wordpress\/wp-content\/uploads\/2023\/06\/Secondes-2-216x150.jpg 216w\" sizes=\"auto, (max-width: 1024px) 100vw, 1024px\" \/><figcaption class=\"wp-element-caption\"><strong>Le groupe des secondes 2<\/strong><\/figcaption><\/figure>\n<\/figure>\n\n\n\n<p lang=\"fr-FR\">\u00a0<\/p>\n<p lang=\"fr-FR\"><strong><span style=\"color: #333399;\">Pour une majorit\u00e9 d\u2019entre nous, nous avons ador\u00e9 cette exp\u00e9rience\u00a0:<\/span><\/strong><\/p>\n<p align=\"LEFT\"><span lang=\"fr-FR\"><i>\u00ab\u00a0<\/i><\/span><i>Me encant\u00f3 trabajar con Alessandra, estaba de buen humor todo el tiempo y trabajaba mientras se re\u00eda con nosotros, \u00a1fue genial! <\/i><i>Espero que vuelva y que haya disfrutado de su trabajo en el Lyc\u00e9e Nodier\u00a0\u00bb<\/i> <span style=\"font-size: small;\">Chlo\u00e9 Senot 2<\/span><sup><span style=\"font-size: small;\">nde<\/span><\/sup><span style=\"font-size: small;\">2<\/span><\/p>\n<p><i>\u00ab\u00a0Fue un placer tener clase con usted. El ambiente de sus clases fue alegre y amigable. Espero volver a verle.\u00a0\u00bb <\/i><span style=\"font-size: small;\">Louis Marquand-Gomes Da Silva 2<sup>nde<\/sup>2<\/span><\/p>\n<p><i>\u00ab Fue agradable aprender con una nativa del idioma .\u00bb<\/i> <span style=\"font-size: small;\">Esteban Tardivat 2<\/span><sup><span style=\"font-size: small;\">nde<\/span><\/sup><span style=\"font-size: small;\">2<\/span><\/p>\n<p><i>\u00ab\u00a0Me gust\u00f3 esta intervenci\u00f3n porque fue muy amable y nos re\u00edmos mucho\u00a0\u00bb <\/i><span style=\"font-size: small;\">Enola Daubigney 2<\/span><sup><span style=\"font-size: small;\">nde<\/span><\/sup><span style=\"font-size: small;\">2<\/span><\/p>\n<p>\u00ab\u00a0<i>Las clases con Alessandra me parecieron muy buenas. Adem\u00e1s, aprendimos de diferentes maneras.\u00a0<\/i>\u00bb <span style=\"font-size: small;\">Loane Cr\u00e9tiaux 2<\/span><sup><span style=\"font-size: small;\">nde<\/span><\/sup><span style=\"font-size: small;\">2<\/span><\/p>\n<p><i>\u00ab \u00a1Es muy amable e incluso en clase es divertida ! Son geniales las clases con usted\u00bb<\/i> <span style=\"font-size: small;\">Chris Formaux et Mathis <\/span><span style=\"font-size: small;\">Bizouard <\/span><span style=\"font-size: small;\">2<\/span><sup><span style=\"font-size: small;\">nde<\/span><\/sup><span style=\"font-size: small;\">2<\/span><\/p>\n<p><i>\u00ab\u00a0Para m\u00ed, las clases de Alessandra fueron una nueva forma de aprender, muy interesante. Adem\u00e1s, consigui\u00f3 que nos sinti\u00e9ramos en confianza y que mantuvi\u00e9ramos un ambiente agradable.\u00a0\u00bb<\/i> <span style=\"font-size: small;\">Ma\u00e9ly Faivre 2<\/span><sup><span style=\"font-size: small;\">nde<\/span><\/sup><span style=\"font-size: small;\">2<\/span><\/p>\n<p><i>\u00ab\u00a0\u00a1Nos gusta Alessandra porque es simp\u00e1tica y sus clases son buenas!\u00a0\u00bb<\/i> <span style=\"font-size: small;\">Maeline Grandmougin et Pauline Toinard 2<\/span><sup><span style=\"font-size: small;\">nde<\/span><\/sup><span style=\"font-size: small;\">2<\/span><\/p>\n<p><i>\u00ab\u00a0\u00a1Gracias, ha sido genial!\u00a0\u00bb<\/i> <span style=\"font-size: small;\">Zo\u00e9 Artel 2<\/span><sup><span style=\"font-size: small;\">nde<\/span><\/sup><span style=\"font-size: small;\">2 <\/span><\/p>\n<p><span style=\"font-size: medium;\"><span lang=\"fr-FR\"><i>\u00ab\u00a0<span style=\"font-size: 14pt;\">Gracias, fue divertido<\/span>\u00a0\u00bb<\/i><\/span><\/span><i> <\/i><span style=\"font-size: small;\"><span lang=\"fr-FR\">Na\u00ebl Chancenotte 2<\/span><\/span><sup><span style=\"font-size: small;\"><span lang=\"fr-FR\">nde<\/span><\/span><\/sup><span style=\"font-size: small;\"><span lang=\"fr-FR\">2<\/span><\/span><\/p>\n<p><i>\u00ab\u00a0Las sesiones de espa\u00f1ol con Alessandra fueron muy divertidas e hicimos actividades muy chulas.\u00a0\u00bb <\/i><span style=\"font-size: small;\">Morgane Gabry 2<\/span><sup><span style=\"font-size: small;\">nde<\/span><\/sup><span style=\"font-size: small;\">2<\/span><\/p>\n<p><i>\u00ab\u00a0Muchas gracias por todos estos cursos, hemos podido enfrentarnos a un hablante nativo de espa\u00f1ol, lo que nos ha ayudado a hablar realmente con naturalidad. \u00a1Espero verla pronto!\u00a0\u00bb <\/i><span style=\"font-size: small;\">M\u00e9lia Massa 2<\/span><sup><span style=\"font-size: small;\">nde<\/span><\/sup><span style=\"font-size: small;\">2<\/span><\/p>\n<p lang=\"fr-FR\"><i>\u00ab\u00a0Gracias por estos momentos contigo, \u00a1fue divertido!\u00a0\u00bb<\/i> <span style=\"font-size: small;\">Ma\u00eblys Hautot<\/span> <span style=\"font-size: small;\">2<\/span><sup><span style=\"font-size: small;\">nde<\/span><\/sup><span style=\"font-size: small;\">2<\/span><\/p>\n<p lang=\"fr-FR\"><i>\u00abLas sesiones fueron muy divertidas e informativas. Espero que su estancia en Francia haya sido agradable. Buena suerte\u00a0\u00bb <\/i><span style=\"font-size: small;\">Adam Sandmeier 2<\/span><sup><span style=\"font-size: small;\">nde<\/span><\/sup><span style=\"font-size: small;\">2<\/span><\/p>\n<p lang=\"fr-FR\"><i>\u00ab\u00a0He disfrutado mucho con sus cursos, que han sido muy divertidos. El ambiente en clase era extraordinario, al igual que usted. Le deseo lo mejor.\u00a0\u00bb <\/i><span style=\"font-size: small;\">Ez\u00e9chiel Rosan 2<\/span><sup><span style=\"font-size: small;\">nde<\/span><\/sup><span style=\"font-size: small;\">2<\/span><\/p>\n<p lang=\"fr-FR\"><i>\u00ab\u00a0Gracias por sus cursos. Le quiero.\u00a0\u00bb <\/i><span style=\"font-size: small;\">Hugo Nodon 2<\/span><sup><span style=\"font-size: small;\">nde<\/span><\/sup><span style=\"font-size: small;\">2<\/span><\/p>\n<p><span lang=\"fr-FR\"><i>\u00ab\u00a0<\/i><\/span><i>Alessandra trajo a las clases un aspecto creativo y muy nuevo. Fue muy interesante hablar con ella sobre Am\u00e9rica latina donde todo es diferente de aqu\u00ed. Sigue siendo un pa\u00eds al otro lado del mundo. El hecho que habla solo espa\u00f1ol es genial para nosotros, entonces tenemos que hablar ese idioma. Reconoc\u00ed un lado amistoso y afectivo que encontramos all\u00ed. \u00bb<\/i> <span style=\"font-size: small;\">Diane Jeune <\/span><span style=\"font-size: small;\"><span lang=\"fr-FR\">2<\/span><\/span><sup><span style=\"font-size: small;\"><span lang=\"fr-FR\">nde<\/span><\/span><\/sup><span style=\"font-size: small;\"><span lang=\"fr-FR\">2<\/span><\/span><\/p>\n<p><i>\u00ab\u00a0 Te deseo un buen regreso a Am\u00e9rica, \u00a1te echaremos de menos! Eres divertida y muy agradable, sigue haciendo sonre\u00edr a la gente. Tus clases estaban bien organizadas y eran divertidas. Hasta pronto.\u00a0\u00bb<\/i><span style=\"font-size: small;\"> C\u00e9leste Prenat 2<sup>nde<\/sup>2<\/span><\/p>\n","protected":false},"excerpt":{"rendered":"<p>En cette ann\u00e9e scolaire 2022-2023, notre lyc\u00e9e a eu la chance d\u2019accueillir Alessandra, une assistante venant tout droit de San Salvador. Durant ses cours en petit comit\u00e9, nous avons pu\u2026<\/p>\n<p> <a class=\"continue-reading-link\" href=\"https:\/\/www.lycee-charles-nodier-ac-besancon.fr\/wordpress\/notre-assistante-despagnol-en-2022-2023\/\"><span>Lire la suite<\/span><i class=\"crycon-right-dir\"><\/i><\/a> <\/p>\n","protected":false},"author":15,"featured_media":5611,"comment_status":"closed","ping_status":"open","sticky":false,"template":"","format":"standard","meta":{"footnotes":""},"categories":[61],"tags":[],"coauthors":[],"class_list":["post-5605","post","type-post","status-publish","format-standard","has-post-thumbnail","hentry","category-espagnol"],"views":1401,"_links":{"self":[{"href":"https:\/\/www.lycee-charles-nodier-ac-besancon.fr\/wordpress\/wp-json\/wp\/v2\/posts\/5605","targetHints":{"allow":["GET"]}}],"collection":[{"href":"https:\/\/www.lycee-charles-nodier-ac-besancon.fr\/wordpress\/wp-json\/wp\/v2\/posts"}],"about":[{"href":"https:\/\/www.lycee-charles-nodier-ac-besancon.fr\/wordpress\/wp-json\/wp\/v2\/types\/post"}],"author":[{"embeddable":true,"href":"https:\/\/www.lycee-charles-nodier-ac-besancon.fr\/wordpress\/wp-json\/wp\/v2\/users\/15"}],"replies":[{"embeddable":true,"href":"https:\/\/www.lycee-charles-nodier-ac-besancon.fr\/wordpress\/wp-json\/wp\/v2\/comments?post=5605"}],"version-history":[{"count":11,"href":"https:\/\/www.lycee-charles-nodier-ac-besancon.fr\/wordpress\/wp-json\/wp\/v2\/posts\/5605\/revisions"}],"predecessor-version":[{"id":5626,"href":"https:\/\/www.lycee-charles-nodier-ac-besancon.fr\/wordpress\/wp-json\/wp\/v2\/posts\/5605\/revisions\/5626"}],"wp:featuredmedia":[{"embeddable":true,"href":"https:\/\/www.lycee-charles-nodier-ac-besancon.fr\/wordpress\/wp-json\/wp\/v2\/media\/5611"}],"wp:attachment":[{"href":"https:\/\/www.lycee-charles-nodier-ac-besancon.fr\/wordpress\/wp-json\/wp\/v2\/media?parent=5605"}],"wp:term":[{"taxonomy":"category","embeddable":true,"href":"https:\/\/www.lycee-charles-nodier-ac-besancon.fr\/wordpress\/wp-json\/wp\/v2\/categories?post=5605"},{"taxonomy":"post_tag","embeddable":true,"href":"https:\/\/www.lycee-charles-nodier-ac-besancon.fr\/wordpress\/wp-json\/wp\/v2\/tags?post=5605"},{"taxonomy":"author","embeddable":true,"href":"https:\/\/www.lycee-charles-nodier-ac-besancon.fr\/wordpress\/wp-json\/wp\/v2\/coauthors?post=5605"}],"curies":[{"name":"wp","href":"https:\/\/api.w.org\/{rel}","templated":true}]}}