{"id":5625,"date":"2023-06-22T07:20:24","date_gmt":"2023-06-22T05:20:24","guid":{"rendered":"http:\/\/www.lycee-charles-nodier-ac-besancon.fr\/wordpress\/?p=5625"},"modified":"2023-06-22T07:20:25","modified_gmt":"2023-06-22T05:20:25","slug":"notre-echange-franco-autrichien-cest-reparti","status":"publish","type":"post","link":"https:\/\/www.lycee-charles-nodier-ac-besancon.fr\/wordpress\/notre-echange-franco-autrichien-cest-reparti\/","title":{"rendered":"Notre \u00e9change franco-autrichien: c&rsquo;est reparti!"},"content":{"rendered":"<div class=\"wp-block-image\">\n<figure class=\"aligncenter size-large is-resized\"><img loading=\"lazy\" decoding=\"async\" src=\"https:\/\/www.lycee-charles-nodier-ac-besancon.fr\/wordpress\/wp-content\/uploads\/2023\/06\/montage-photos-Autriche-2022-1024x576.jpg\" alt=\"\" class=\"wp-image-5631\" width=\"720\" height=\"404\" srcset=\"https:\/\/www.lycee-charles-nodier-ac-besancon.fr\/wordpress\/wp-content\/uploads\/2023\/06\/montage-photos-Autriche-2022-1024x576.jpg 1024w, https:\/\/www.lycee-charles-nodier-ac-besancon.fr\/wordpress\/wp-content\/uploads\/2023\/06\/montage-photos-Autriche-2022-300x169.jpg 300w, https:\/\/www.lycee-charles-nodier-ac-besancon.fr\/wordpress\/wp-content\/uploads\/2023\/06\/montage-photos-Autriche-2022-768x432.jpg 768w, https:\/\/www.lycee-charles-nodier-ac-besancon.fr\/wordpress\/wp-content\/uploads\/2023\/06\/montage-photos-Autriche-2022-150x84.jpg 150w, https:\/\/www.lycee-charles-nodier-ac-besancon.fr\/wordpress\/wp-content\/uploads\/2023\/06\/montage-photos-Autriche-2022-250x141.jpg 250w, https:\/\/www.lycee-charles-nodier-ac-besancon.fr\/wordpress\/wp-content\/uploads\/2023\/06\/montage-photos-Autriche-2022.jpg 1280w\" sizes=\"auto, (max-width: 720px) 100vw, 720px\" \/><\/figure>\n<\/div>\n\n\n<p align=\"justify\">&nbsp;<\/p>\n<p align=\"justify\"><span style=\"font-family: Liberation Sans, sans-serif;font-size: 14pt\">Apr\u00e8s la pause impos\u00e9e par la pand\u00e9mie, nous avons repris cette ann\u00e9e notre \u00e9change avec le <em>Bundesgymnasium Seekirchen<\/em>, \u00e0 proximit\u00e9 de Salzbourg en Autriche. Dans le cadre de ce partenariat franco-autrichien qui existe depuis plus de 10 ans d\u00e9j\u00e0, un groupe d\u2019\u00e9l\u00e8ves de Premi\u00e8re de la section europ\u00e9enne \u00ab allemand \u00bb est parti pour une semaine \u00e0 Seekirchen au mois d\u2019octobre 2022. Nous avons ensuite re\u00e7u les correspondants en mars 2023.<\/span><\/p>\n<p style=\"text-align: center\" align=\"justify\">&nbsp;<\/p>\n\n\n<div class=\"wp-block-image\">\n<figure class=\"aligncenter size-full is-resized\"><img loading=\"lazy\" decoding=\"async\" src=\"https:\/\/www.lycee-charles-nodier-ac-besancon.fr\/wordpress\/wp-content\/uploads\/2023\/06\/interkulturelle-Arbeit.jpg\" alt=\"\" class=\"wp-image-5628\" width=\"560\" height=\"491\" srcset=\"https:\/\/www.lycee-charles-nodier-ac-besancon.fr\/wordpress\/wp-content\/uploads\/2023\/06\/interkulturelle-Arbeit.jpg 765w, https:\/\/www.lycee-charles-nodier-ac-besancon.fr\/wordpress\/wp-content\/uploads\/2023\/06\/interkulturelle-Arbeit-300x263.jpg 300w, https:\/\/www.lycee-charles-nodier-ac-besancon.fr\/wordpress\/wp-content\/uploads\/2023\/06\/interkulturelle-Arbeit-150x132.jpg 150w, https:\/\/www.lycee-charles-nodier-ac-besancon.fr\/wordpress\/wp-content\/uploads\/2023\/06\/interkulturelle-Arbeit-171x150.jpg 171w\" sizes=\"auto, (max-width: 560px) 100vw, 560px\" \/><\/figure>\n<\/div>\n\n\n<p align=\"justify\">&nbsp;<\/p>\n<p align=\"justify\"><span style=\"font-family: Liberation Sans, sans-serif;font-size: 14pt\">Ces deux semaines ont \u00e9t\u00e9 l\u2019occasion de d\u00e9couvrir beaucoup de choses : un syst\u00e8me scolaire tr\u00e8s diff\u00e9rent, d\u2019autres habitudes familiales, une ville et une r\u00e9gion riches en histoire ainsi que l\u2019utilisation de la langue \u00e9trang\u00e8re au quotidien. Au programme&nbsp;: jeux franco-allemands, activit\u00e9s interculturelles, cours communs, visites touristiques&#8230;<\/span><\/p>\n<p style=\"text-align: center\" align=\"justify\"><span style=\"font-size: 18pt\"><strong><span style=\"font-family: Liberation Sans, sans-serif\">Une exp\u00e9rience enrichissante et des souvenirs inoubliables !<\/span><\/strong><\/span><\/p>\n\n\n\n\n<div class=\"wp-block-image\">\n<figure class=\"aligncenter size-full is-resized\"><img loading=\"lazy\" decoding=\"async\" src=\"https:\/\/www.lycee-charles-nodier-ac-besancon.fr\/wordpress\/wp-content\/uploads\/2023\/06\/Montage-photos-accueil-autrichiens-2023petit.jpg\" alt=\"\" class=\"wp-image-5635\" width=\"523\" height=\"511\" srcset=\"https:\/\/www.lycee-charles-nodier-ac-besancon.fr\/wordpress\/wp-content\/uploads\/2023\/06\/Montage-photos-accueil-autrichiens-2023petit.jpg 726w, https:\/\/www.lycee-charles-nodier-ac-besancon.fr\/wordpress\/wp-content\/uploads\/2023\/06\/Montage-photos-accueil-autrichiens-2023petit-300x293.jpg 300w, https:\/\/www.lycee-charles-nodier-ac-besancon.fr\/wordpress\/wp-content\/uploads\/2023\/06\/Montage-photos-accueil-autrichiens-2023petit-150x146.jpg 150w, https:\/\/www.lycee-charles-nodier-ac-besancon.fr\/wordpress\/wp-content\/uploads\/2023\/06\/Montage-photos-accueil-autrichiens-2023petit-154x150.jpg 154w\" sizes=\"auto, (max-width: 523px) 100vw, 523px\" \/><\/figure>\n<\/div>\n\n\n<p align=\"justify\">\u00a0<\/p>\n<p style=\"text-align: center;\" align=\"justify\"><span style=\"font-family: Liberation Sans, sans-serif;\"><span style=\"font-size: 12pt;\">Merci \u00e0 l&rsquo;association des parents PEEP et \u00e0 la subvention r\u00e9gionale EVEIL <\/span><\/span><span style=\"font-family: Liberation Sans, sans-serif;\"><span style=\"font-size: 12pt;\">qui nous ont permis de partir avec un budget moins co\u00fbteux pour les familles!<\/span><br \/><\/span><\/p>\n","protected":false},"excerpt":{"rendered":"<p>&nbsp; Apr\u00e8s la pause impos\u00e9e par la pand\u00e9mie, nous avons repris cette ann\u00e9e notre \u00e9change avec le Bundesgymnasium Seekirchen, \u00e0 proximit\u00e9 de Salzbourg en Autriche. Dans le cadre de ce\u2026<\/p>\n<p> <a class=\"continue-reading-link\" href=\"https:\/\/www.lycee-charles-nodier-ac-besancon.fr\/wordpress\/notre-echange-franco-autrichien-cest-reparti\/\"><span>Lire la suite<\/span><i class=\"crycon-right-dir\"><\/i><\/a> <\/p>\n","protected":false},"author":52,"featured_media":5631,"comment_status":"closed","ping_status":"open","sticky":false,"template":"","format":"standard","meta":{"footnotes":""},"categories":[69,32],"tags":[],"coauthors":[],"class_list":["post-5625","post","type-post","status-publish","format-standard","has-post-thumbnail","hentry","category-allemand","category-voyages"],"views":1219,"_links":{"self":[{"href":"https:\/\/www.lycee-charles-nodier-ac-besancon.fr\/wordpress\/wp-json\/wp\/v2\/posts\/5625","targetHints":{"allow":["GET"]}}],"collection":[{"href":"https:\/\/www.lycee-charles-nodier-ac-besancon.fr\/wordpress\/wp-json\/wp\/v2\/posts"}],"about":[{"href":"https:\/\/www.lycee-charles-nodier-ac-besancon.fr\/wordpress\/wp-json\/wp\/v2\/types\/post"}],"author":[{"embeddable":true,"href":"https:\/\/www.lycee-charles-nodier-ac-besancon.fr\/wordpress\/wp-json\/wp\/v2\/users\/52"}],"replies":[{"embeddable":true,"href":"https:\/\/www.lycee-charles-nodier-ac-besancon.fr\/wordpress\/wp-json\/wp\/v2\/comments?post=5625"}],"version-history":[{"count":8,"href":"https:\/\/www.lycee-charles-nodier-ac-besancon.fr\/wordpress\/wp-json\/wp\/v2\/posts\/5625\/revisions"}],"predecessor-version":[{"id":5640,"href":"https:\/\/www.lycee-charles-nodier-ac-besancon.fr\/wordpress\/wp-json\/wp\/v2\/posts\/5625\/revisions\/5640"}],"wp:featuredmedia":[{"embeddable":true,"href":"https:\/\/www.lycee-charles-nodier-ac-besancon.fr\/wordpress\/wp-json\/wp\/v2\/media\/5631"}],"wp:attachment":[{"href":"https:\/\/www.lycee-charles-nodier-ac-besancon.fr\/wordpress\/wp-json\/wp\/v2\/media?parent=5625"}],"wp:term":[{"taxonomy":"category","embeddable":true,"href":"https:\/\/www.lycee-charles-nodier-ac-besancon.fr\/wordpress\/wp-json\/wp\/v2\/categories?post=5625"},{"taxonomy":"post_tag","embeddable":true,"href":"https:\/\/www.lycee-charles-nodier-ac-besancon.fr\/wordpress\/wp-json\/wp\/v2\/tags?post=5625"},{"taxonomy":"author","embeddable":true,"href":"https:\/\/www.lycee-charles-nodier-ac-besancon.fr\/wordpress\/wp-json\/wp\/v2\/coauthors?post=5625"}],"curies":[{"name":"wp","href":"https:\/\/api.w.org\/{rel}","templated":true}]}}