{"id":569,"date":"2015-11-24T21:24:29","date_gmt":"2015-11-24T20:24:29","guid":{"rendered":"http:\/\/www.lycee-charles-nodier-ac-besancon.fr\/wordpress\/?p=569"},"modified":"2016-07-29T15:24:32","modified_gmt":"2016-07-29T13:24:32","slug":"telethon-2015","status":"publish","type":"post","link":"https:\/\/www.lycee-charles-nodier-ac-besancon.fr\/wordpress\/telethon-2015\/","title":{"rendered":"T\u00e9l\u00e9thon 2015"},"content":{"rendered":"<p>Cette ann\u00e9e encore, le Conseil de la Vie Lyc\u00e9enne a souhait\u00e9 qu\u2019une action soit mise en place en faveur de la cause du T\u00e9l\u00e9thon.<\/p>\n<p>Compte tenu des circonstances, celle-ci devra se tenir dans l\u2019enceinte du lyc\u00e9e, et prendra la forme <span style=\"text-decoration: underline;\">d\u2019un flashmob<\/span> qui sera ex\u00e9cut\u00e9 <strong><span style=\"text-decoration: underline;\">le jeudi 3 d\u00e9cembre de 13h \u00e0 14h<\/span><\/strong>.<\/p>\n<p>Il vous est possible de vous inscrire aupr\u00e8s des responsables \u00e0 chaque r\u00e9cr\u00e9ation, si vous souhaitez y participer\u00a0; un don de deux euros, revers\u00e9 \u00e0 l\u2019Association France Maladie, vous sera demand\u00e9.<br \/>\nUn tutoriel est disponible sur internet pour vous permettre de r\u00e9p\u00e9ter et d\u2019apprendre la chor\u00e9graphie\u00a0:<\/p>\n\n<!-- iframe plugin v.6.0 wordpress.org\/plugins\/iframe\/ -->\n<iframe loading=\"lazy\" src=\"https:\/\/www.youtube.com\/embed\/jpSsmRqWRPs\" width=\"853\" height=\"480\" scrolling=\"yes\" class=\"iframe-class\" frameborder=\"0\"><\/iframe>\n\n<p>&nbsp;<\/p>\n<p>&nbsp;<\/p>\n","protected":false},"excerpt":{"rendered":"<p>Cette ann\u00e9e encore, le Conseil de la Vie Lyc\u00e9enne a souhait\u00e9 qu\u2019une action soit mise en place en faveur de la cause du T\u00e9l\u00e9thon. Compte tenu des circonstances, celle-ci devra\u2026<\/p>\n<p> <a class=\"continue-reading-link\" href=\"https:\/\/www.lycee-charles-nodier-ac-besancon.fr\/wordpress\/telethon-2015\/\"><span>Lire la suite<\/span><i class=\"crycon-right-dir\"><\/i><\/a> <\/p>\n","protected":false},"author":2,"featured_media":570,"comment_status":"closed","ping_status":"open","sticky":false,"template":"","format":"standard","meta":{"footnotes":""},"categories":[3],"tags":[],"coauthors":[],"class_list":["post-569","post","type-post","status-publish","format-standard","has-post-thumbnail","hentry","category-cvl"],"views":2457,"_links":{"self":[{"href":"https:\/\/www.lycee-charles-nodier-ac-besancon.fr\/wordpress\/wp-json\/wp\/v2\/posts\/569","targetHints":{"allow":["GET"]}}],"collection":[{"href":"https:\/\/www.lycee-charles-nodier-ac-besancon.fr\/wordpress\/wp-json\/wp\/v2\/posts"}],"about":[{"href":"https:\/\/www.lycee-charles-nodier-ac-besancon.fr\/wordpress\/wp-json\/wp\/v2\/types\/post"}],"author":[{"embeddable":true,"href":"https:\/\/www.lycee-charles-nodier-ac-besancon.fr\/wordpress\/wp-json\/wp\/v2\/users\/2"}],"replies":[{"embeddable":true,"href":"https:\/\/www.lycee-charles-nodier-ac-besancon.fr\/wordpress\/wp-json\/wp\/v2\/comments?post=569"}],"version-history":[{"count":1,"href":"https:\/\/www.lycee-charles-nodier-ac-besancon.fr\/wordpress\/wp-json\/wp\/v2\/posts\/569\/revisions"}],"predecessor-version":[{"id":571,"href":"https:\/\/www.lycee-charles-nodier-ac-besancon.fr\/wordpress\/wp-json\/wp\/v2\/posts\/569\/revisions\/571"}],"wp:featuredmedia":[{"embeddable":true,"href":"https:\/\/www.lycee-charles-nodier-ac-besancon.fr\/wordpress\/wp-json\/wp\/v2\/media\/570"}],"wp:attachment":[{"href":"https:\/\/www.lycee-charles-nodier-ac-besancon.fr\/wordpress\/wp-json\/wp\/v2\/media?parent=569"}],"wp:term":[{"taxonomy":"category","embeddable":true,"href":"https:\/\/www.lycee-charles-nodier-ac-besancon.fr\/wordpress\/wp-json\/wp\/v2\/categories?post=569"},{"taxonomy":"post_tag","embeddable":true,"href":"https:\/\/www.lycee-charles-nodier-ac-besancon.fr\/wordpress\/wp-json\/wp\/v2\/tags?post=569"},{"taxonomy":"author","embeddable":true,"href":"https:\/\/www.lycee-charles-nodier-ac-besancon.fr\/wordpress\/wp-json\/wp\/v2\/coauthors?post=569"}],"curies":[{"name":"wp","href":"https:\/\/api.w.org\/{rel}","templated":true}]}}