{"id":579,"date":"2014-11-28T23:08:51","date_gmt":"2014-11-28T22:08:51","guid":{"rendered":"http:\/\/www.lycee-charles-nodier-ac-besancon.fr\/wordpress\/?p=579"},"modified":"2016-07-29T15:25:07","modified_gmt":"2016-07-29T13:25:07","slug":"telethon-2014","status":"publish","type":"post","link":"https:\/\/www.lycee-charles-nodier-ac-besancon.fr\/wordpress\/telethon-2014\/","title":{"rendered":"T\u00e9l\u00e9thon 2014"},"content":{"rendered":"<p>L\u2019envol de l\u2019espoir<\/p>\n<p>Un l\u00e2cher de 700 ballons en faveur du t\u00e9l\u00e9thon.<br \/>\nJeudi 04 d\u00e9cembre 2014 \u00e0 14h &#8211; Parvis de la Commanderie de Dole<img loading=\"lazy\" decoding=\"async\" class=\"size-full wp-image-580 aligncenter\" src=\"https:\/\/www.lycee-charles-nodier-ac-besancon.fr\/wordpress\/wp-content\/uploads\/2016\/07\/envol.jpg\" alt=\"envol\" width=\"679\" height=\"960\" srcset=\"https:\/\/www.lycee-charles-nodier-ac-besancon.fr\/wordpress\/wp-content\/uploads\/2016\/07\/envol.jpg 679w, https:\/\/www.lycee-charles-nodier-ac-besancon.fr\/wordpress\/wp-content\/uploads\/2016\/07\/envol-212x300.jpg 212w\" sizes=\"auto, (max-width: 679px) 100vw, 679px\" \/><\/p>\n<p>&nbsp;<\/p>\n<p>Montage vid\u00e9o de l&rsquo;op\u00e9ration l&rsquo; \u00ab\u00a0Envol de l&rsquo;espoir\u00a0\u00bb organis\u00e9 par le CVL (Conseil de Vie Lyc\u00e9enne) du Lyc\u00e9e Charles Nodier de Dole en faveur du T\u00e9l\u00e9thon 2014.<\/p>\n<p>600 ballons l\u00e2ch\u00e9s apr\u00e8s avoir r\u00e9alis\u00e9 une fresque symbolisant le logo du T\u00e9l\u00e9thon et 36 37. Cette op\u00e9ration a permis de r\u00e9colter 1600 \u20ac pour le T\u00e9l\u00e9thon.<\/p>\n<p>Bravo \u00e0 tous les participants.<\/p>\n\n<!-- iframe plugin v.6.0 wordpress.org\/plugins\/iframe\/ -->\n<iframe loading=\"lazy\" src=\"https:\/\/www.youtube.com\/embed\/rx0bFUIXfHo\" width=\"853\" height=\"480\" scrolling=\"yes\" class=\"iframe-class\" frameborder=\"0\"><\/iframe>\n\n","protected":false},"excerpt":{"rendered":"<p>L\u2019envol de l\u2019espoir Un l\u00e2cher de 700 ballons en faveur du t\u00e9l\u00e9thon. Jeudi 04 d\u00e9cembre 2014 \u00e0 14h &#8211; Parvis de la Commanderie de Dole &nbsp; Montage vid\u00e9o de l&rsquo;op\u00e9ration\u2026<\/p>\n<p> <a class=\"continue-reading-link\" href=\"https:\/\/www.lycee-charles-nodier-ac-besancon.fr\/wordpress\/telethon-2014\/\"><span>Lire la suite<\/span><i class=\"crycon-right-dir\"><\/i><\/a> <\/p>\n","protected":false},"author":2,"featured_media":570,"comment_status":"closed","ping_status":"open","sticky":false,"template":"","format":"standard","meta":{"footnotes":""},"categories":[3],"tags":[],"coauthors":[],"class_list":["post-579","post","type-post","status-publish","format-standard","has-post-thumbnail","hentry","category-cvl"],"views":2472,"_links":{"self":[{"href":"https:\/\/www.lycee-charles-nodier-ac-besancon.fr\/wordpress\/wp-json\/wp\/v2\/posts\/579","targetHints":{"allow":["GET"]}}],"collection":[{"href":"https:\/\/www.lycee-charles-nodier-ac-besancon.fr\/wordpress\/wp-json\/wp\/v2\/posts"}],"about":[{"href":"https:\/\/www.lycee-charles-nodier-ac-besancon.fr\/wordpress\/wp-json\/wp\/v2\/types\/post"}],"author":[{"embeddable":true,"href":"https:\/\/www.lycee-charles-nodier-ac-besancon.fr\/wordpress\/wp-json\/wp\/v2\/users\/2"}],"replies":[{"embeddable":true,"href":"https:\/\/www.lycee-charles-nodier-ac-besancon.fr\/wordpress\/wp-json\/wp\/v2\/comments?post=579"}],"version-history":[{"count":1,"href":"https:\/\/www.lycee-charles-nodier-ac-besancon.fr\/wordpress\/wp-json\/wp\/v2\/posts\/579\/revisions"}],"predecessor-version":[{"id":581,"href":"https:\/\/www.lycee-charles-nodier-ac-besancon.fr\/wordpress\/wp-json\/wp\/v2\/posts\/579\/revisions\/581"}],"wp:featuredmedia":[{"embeddable":true,"href":"https:\/\/www.lycee-charles-nodier-ac-besancon.fr\/wordpress\/wp-json\/wp\/v2\/media\/570"}],"wp:attachment":[{"href":"https:\/\/www.lycee-charles-nodier-ac-besancon.fr\/wordpress\/wp-json\/wp\/v2\/media?parent=579"}],"wp:term":[{"taxonomy":"category","embeddable":true,"href":"https:\/\/www.lycee-charles-nodier-ac-besancon.fr\/wordpress\/wp-json\/wp\/v2\/categories?post=579"},{"taxonomy":"post_tag","embeddable":true,"href":"https:\/\/www.lycee-charles-nodier-ac-besancon.fr\/wordpress\/wp-json\/wp\/v2\/tags?post=579"},{"taxonomy":"author","embeddable":true,"href":"https:\/\/www.lycee-charles-nodier-ac-besancon.fr\/wordpress\/wp-json\/wp\/v2\/coauthors?post=579"}],"curies":[{"name":"wp","href":"https:\/\/api.w.org\/{rel}","templated":true}]}}